{"id":54745,"date":"2024-04-06T17:18:34","date_gmt":"2024-04-06T23:18:34","guid":{"rendered":"https:\/\/informativoelvalledeaguascalientes.online\/?p=54745"},"modified":"2024-04-06T17:18:34","modified_gmt":"2024-04-06T23:18:34","slug":"organiza-uta-feria-para-fortalecer-vinculacion-entre-empresas-y-estudiantes","status":"publish","type":"post","link":"https:\/\/informativoelvalledeaguascalientes.online\/?p=54745","title":{"rendered":"ORGANIZA UTA FERIA PARA FORTALECER VINCULACI\u00d3N ENTRE EMPRESAS Y ESTUDIANTES"},"content":{"rendered":"<p><strong><a href=\"https:\/\/www.facebook.com\/hashtag\/informativoelvalledeaguascalientes\">#informativoelvalledeaguascalientes<\/a><\/strong><\/p>\n<p><strong><a href=\"https:\/\/www.facebook.com\/hashtag\/novaradioaguascalientes\">#novaradioaguascalientes<\/a><\/strong><\/p>\n<p>#informativoelvalledeaguascalientesll<\/p>\n<p><strong><a href=\"https:\/\/www.facebook.com\/GobiernodeAguascalientes\">#ElGiganteDeMexico<\/a><\/strong><\/p>\n<div id=\"bgLayers_comp-l7sh9ubr2\" class=\"MW5IWV\" data-hook=\"bgLayers\" data-motion-part=\"BG_LAYER\">\n<div id=\"bgMedia_comp-l7sh9ubr2\" class=\"VgO9Yg\" data-motion-part=\"BG_MEDIA\"><\/div>\n<\/div>\n<div class=\"\" data-mesh-id=\"comp-l7sh9ubr2inlineContent\" data-testid=\"inline-content\">\n<div data-mesh-id=\"comp-l7sh9ubr2inlineContent-gridContainer\" data-testid=\"mesh-container-content\">\n<div id=\"comp-l7yvxqo2\" class=\"MazNVa comp-l7yvxqo2 wixui-image\">\n<div class=\"j7pOnl\" data-testid=\"linkElement\"><\/div>\n<\/div>\n<div id=\"comp-l7sh9ubx\" class=\"TWFxr5 \">\n<div class=\"comp-l7sh9ubx\">\n<div class=\"siSdJK4 comp-l7sh9ubx\" data-hook=\"ricosviewer-wrapper\">\n<div class=\"U4I07\" dir=\"ltr\" data-id=\"content-viewer\">\n<div class=\"hl-xW\">\n<div>\n<ul class=\"xErDo AnCKd\">\n<li class=\"_04hd2 vVfzz\" dir=\"auto\">\n<div>\n<p id=\"viewer-foo\" class=\"-Zro6 -ZADH vVfzz AnCKd _57WYp\"><span class=\"d0767 vVfzz\"><strong><em>M\u00e1s de 20 compa\u00f1\u00edas ofrecieron oportunidades para que las y los alumnos realicen pr\u00e1cticas profesionales o se incorporen al campo laboral<\/em><\/strong><\/span><\/p>\n<\/div>\n<\/li>\n<\/ul>\n<div id=\"viewer-zvim1125\" class=\"-Zro6 -ZADH vVfzz _57WYp\"><span class=\"d0767 vVfzz\">\u00a0<\/span><\/div>\n<p id=\"viewer-3bds7126\" class=\"-Zro6 -ZADH vVfzz AnCKd _57WYp\"><span class=\"d0767 vVfzz\">Con el fin de fortalecer la vinculaci\u00f3n entre universidades y empresas para que las y los estudiantes salgan ampliamente capacitados al campo laboral, la Universidad Tecnol\u00f3gica de Aguascalientes llev\u00f3 a cabo la Feria de Empresas 2024 con la participaci\u00f3n de m\u00e1s de 20 compa\u00f1\u00edas transnacionales y locales de los sectores tecnol\u00f3gico, comercio, manufactura y de servicios, entre otros.<\/span><\/p>\n<div id=\"viewer-v77kr128\" class=\"-Zro6 -ZADH vVfzz _57WYp\"><span class=\"d0767 vVfzz\">\u00a0<\/span><\/div>\n<p id=\"viewer-evlgg129\" class=\"-Zro6 -ZADH vVfzz AnCKd _57WYp\"><span class=\"d0767 vVfzz\">El objetivo fue que las y los estudiantes de T\u00e9cnico Superior Universitario, licenciaturas e ingenier\u00edas de la UTA tuvieran la oportunidad de concretar y consolidar proyectos innovadores y de gran alcance para realizar sus estad\u00edas con base en el Modelo de Educaci\u00f3n Dual.<\/span><\/p>\n<div id=\"viewer-b1w21131\" class=\"-Zro6 -ZADH vVfzz _57WYp\"><span class=\"d0767 vVfzz\">\u00a0<\/span><\/div>\n<p id=\"viewer-rg08i132\" class=\"-Zro6 -ZADH vVfzz AnCKd _57WYp\"><span class=\"d0767 vVfzz\">Algunas de las empresas que participaron en b\u00fasqueda de becarios o practicantes de la Universidad Tecnol\u00f3gica de Aguascalientes fueron Lala, Jatco, Bosch, Cerveza Corona, Kitagawa, Sabro Pollo, Sigue MED, MAC Hospitales, Grupo SNF, Marelli, entre muchas m\u00e1s.<\/span><\/p>\n<div id=\"viewer-3yv71134\" class=\"-Zro6 -ZADH vVfzz _57WYp\"><span class=\"d0767 vVfzz\">\u00a0<\/span><\/div>\n<p id=\"viewer-kd32t135\" class=\"-Zro6 -ZADH vVfzz AnCKd _57WYp\"><span class=\"d0767 vVfzz\">Las y los estudiantes que presentaron mayores posibilidades de integrarse a un proyecto fueron de las carreras de Energ\u00edas Renovables, Procesos Industriales, Contadur\u00eda, Administraci\u00f3n, Log\u00edstica, Tecnolog\u00edas de la Informaci\u00f3n, Mecatr\u00f3nica, Desarrollo de Negocios, Mantenimiento y Param\u00e9dico.<\/span><\/p>\n<div id=\"viewer-ja3mh137\" class=\"-Zro6 -ZADH vVfzz _57WYp\"><span class=\"d0767 vVfzz\">\u00a0<\/span><\/div>\n<p id=\"viewer-u4rbn138\" class=\"-Zro6 -ZADH vVfzz AnCKd _57WYp\"><span class=\"d0767 vVfzz\">Armando L\u00f3pez Campa, rector de la UTA, destac\u00f3 que esta actividad representa un s\u00f3lido impulso para fortalecer los lazos entre la instituci\u00f3n educativa y el sector productivo: \u201cAl promover este tipo de interacci\u00f3n, la universidad facilita una conexi\u00f3n valiosa entre estudiantes y empresas, ya que estas juegan un papel fundamental en el desarrollo profesional de los futuros egresados\u201d, dijo.<\/span><\/p>\n<div id=\"viewer-kxo57140\" class=\"-Zro6 -ZADH vVfzz _57WYp\"><span class=\"d0767 vVfzz\">\u00a0<\/span><\/div>\n<p id=\"viewer-n51y9141\" class=\"-Zro6 -ZADH vVfzz AnCKd _57WYp\"><span class=\"d0767 vVfzz\">Asimismo, resalt\u00f3 la importancia del contacto directo entre estudiantes y reclutadores de empresas, pues proporciona una visi\u00f3n realista de las necesidades del mercado laboral: \u201cEsta interacci\u00f3n no solo les brinda la oportunidad de entender las demandas actuales de la industria, sino que tambi\u00e9n les motiva a involucrarse en proyectos que les permitan aplicar sus conocimientos de manera pr\u00e1ctica\u201d, concluy\u00f3.<\/span><\/p>\n<\/div>\n<\/div>\n<\/div>\n<\/div>\n<\/div>\n<\/div>\n<\/div>\n<\/div>\n","protected":false},"excerpt":{"rendered":"<p>#informativoelvalledeaguascalientes #novaradioaguascalientes #informativoelvalledeaguascalientesll #ElGiganteDeMexico M\u00e1s de 20 compa\u00f1\u00edas ofrecieron oportunidades para que las y los alumnos realicen pr\u00e1cticas profesionales o se incorporen al campo laboral \u00a0 Con el fin de fortalecer la vinculaci\u00f3n entre universidades y empresas para que las y los estudiantes salgan ampliamente capacitados al campo laboral, la Universidad Tecnol\u00f3gica de Aguascalientes llev\u00f3 [&hellip;]<\/p>\n","protected":false},"author":1,"featured_media":54746,"comment_status":"closed","ping_status":"open","sticky":false,"template":"","format":"standard","meta":{"_monsterinsights_skip_tracking":false,"advanced_seo_description":"","jetpack_seo_html_title":"","jetpack_seo_noindex":false,"jetpack_seo_schema_type":"","_jetpack_newsletter_access":"","_jetpack_dont_email_post_to_subs":false,"_jetpack_newsletter_tier_id":0,"_jetpack_memberships_contains_paywalled_content":false,"_jetpack_feature_clip_id":0,"_jetpack_memberships_contains_paid_content":false,"footnotes":"","jetpack_publicize_message":"","jetpack_publicize_feature_enabled":true,"jetpack_social_post_already_shared":true,"jetpack_social_options":{"image_generator_settings":{"template":"highway","default_image_id":0,"font":"","enabled":false},"version":2},"jetpack_post_was_ever_published":false},"categories":[21,4],"tags":[22,615,28],"class_list":["post-54745","post","type-post","status-publish","format-standard","has-post-thumbnail","hentry","category-aguascalientes","category-gobierno-del-estado-aguascalientes","tag-aguascalientes","tag-gobierno-del-estado-de-aguascalientes","tag-uta"],"jetpack_publicize_connections":[],"jetpack_featured_media_url":"https:\/\/i0.wp.com\/informativoelvalledeaguascalientes.online\/wp-content\/uploads\/2024\/04\/img_0377_optimized-scaled.jpg?fit=2560%2C1707&ssl=1","jetpack-related-posts":[],"jetpack_sharing_enabled":true,"jetpack_likes_enabled":true,"_links":{"self":[{"href":"https:\/\/informativoelvalledeaguascalientes.online\/index.php?rest_route=\/wp\/v2\/posts\/54745","targetHints":{"allow":["GET"]}}],"collection":[{"href":"https:\/\/informativoelvalledeaguascalientes.online\/index.php?rest_route=\/wp\/v2\/posts"}],"about":[{"href":"https:\/\/informativoelvalledeaguascalientes.online\/index.php?rest_route=\/wp\/v2\/types\/post"}],"author":[{"embeddable":true,"href":"https:\/\/informativoelvalledeaguascalientes.online\/index.php?rest_route=\/wp\/v2\/users\/1"}],"replies":[{"embeddable":true,"href":"https:\/\/informativoelvalledeaguascalientes.online\/index.php?rest_route=%2Fwp%2Fv2%2Fcomments&post=54745"}],"version-history":[{"count":1,"href":"https:\/\/informativoelvalledeaguascalientes.online\/index.php?rest_route=\/wp\/v2\/posts\/54745\/revisions"}],"predecessor-version":[{"id":54747,"href":"https:\/\/informativoelvalledeaguascalientes.online\/index.php?rest_route=\/wp\/v2\/posts\/54745\/revisions\/54747"}],"wp:featuredmedia":[{"embeddable":true,"href":"https:\/\/informativoelvalledeaguascalientes.online\/index.php?rest_route=\/wp\/v2\/media\/54746"}],"wp:attachment":[{"href":"https:\/\/informativoelvalledeaguascalientes.online\/index.php?rest_route=%2Fwp%2Fv2%2Fmedia&parent=54745"}],"wp:term":[{"taxonomy":"category","embeddable":true,"href":"https:\/\/informativoelvalledeaguascalientes.online\/index.php?rest_route=%2Fwp%2Fv2%2Fcategories&post=54745"},{"taxonomy":"post_tag","embeddable":true,"href":"https:\/\/informativoelvalledeaguascalientes.online\/index.php?rest_route=%2Fwp%2Fv2%2Ftags&post=54745"}],"curies":[{"name":"wp","href":"https:\/\/api.w.org\/{rel}","templated":true}]}}