{"id":54606,"date":"2024-04-01T18:05:41","date_gmt":"2024-04-02T00:05:41","guid":{"rendered":"https:\/\/informativoelvalledeaguascalientes.online\/?p=54606"},"modified":"2024-04-01T18:05:41","modified_gmt":"2024-04-02T00:05:41","slug":"atleta-de-aguascalientes-clasifica-al-campeonato-panamericano-de-taekwondo","status":"publish","type":"post","link":"https:\/\/informativoelvalledeaguascalientes.online\/?p=54606","title":{"rendered":"ATLETA DE AGUASCALIENTES CLASIFICA AL CAMPEONATO PANAMERICANO DE TAEKWONDO"},"content":{"rendered":"<p><strong><a href=\"https:\/\/www.facebook.com\/hashtag\/informativoelvalledeaguascalientes\">#informativoelvalledeaguascalientes<\/a><\/strong><\/p>\n<p><strong><a href=\"https:\/\/www.facebook.com\/hashtag\/novaradioaguascalientes\">#novaradioaguascalientes<\/a><\/strong><\/p>\n<p>#informativoelvalledeaguascalientesll<\/p>\n<p><strong><a href=\"https:\/\/www.facebook.com\/GobiernodeAguascalientes\">#ElGiganteDeMexico<\/a><\/strong><\/p>\n<p>&nbsp;<\/p>\n<p>&nbsp;<\/p>\n<div class=\"\" data-mesh-id=\"comp-l7sh9ubr2inlineContent\" data-testid=\"inline-content\">\n<div data-mesh-id=\"comp-l7sh9ubr2inlineContent-gridContainer\" data-testid=\"mesh-container-content\">\n<div id=\"comp-l7sh9ubx\" class=\"TWFxr5 \">\n<div class=\"comp-l7sh9ubx\">\n<div class=\"siSdJK4 comp-l7sh9ubx\" data-hook=\"ricosviewer-wrapper\">\n<div class=\"U4I07\" dir=\"ltr\" data-id=\"content-viewer\">\n<div class=\"hl-xW\">\n<div>\n<p id=\"viewer-foo\" class=\"-Zro6 -ZADH vVfzz AnCKd _57WYp\"><span class=\"d0767 vVfzz\">La atleta aguascalentense Cristina Islas Quezada representar\u00e1 a M\u00e9xico en el pr\u00f3ximo Campeonato Panamericano de Taekwondo, un importante evento que se celebrar\u00e1 en Quer\u00e9taro el pr\u00f3ximo mes de julio.<\/span><\/p>\n<div id=\"viewer-2fmz5140\" class=\"-Zro6 -ZADH vVfzz _57WYp\"><span class=\"d0767 vVfzz\">\u00a0<\/span><\/div>\n<p id=\"viewer-hjuxo141\" class=\"-Zro6 -ZADH vVfzz AnCKd _57WYp\"><span class=\"d0767 vVfzz\">En compa\u00f1\u00eda de otras tres atletas de la escuela Koguryo del Instituto del Deporte del Estado de Aguascalientes (IDEA) y con el respaldo de la Asociaci\u00f3n Estatal de Taekwondo (AETA), viaj\u00f3 a la ciudad de Monterrey para participar en el Campeonato Nacional Femenil, donde su destacado desempe\u00f1o le vali\u00f3 la clasificaci\u00f3n.<\/span><\/p>\n<div id=\"viewer-kdbop143\" class=\"-Zro6 -ZADH vVfzz _57WYp\"><span class=\"d0767 vVfzz\">\u00a0<\/span><\/div>\n<p id=\"viewer-2q5kz144\" class=\"-Zro6 -ZADH vVfzz AnCKd _57WYp\"><span class=\"d0767 vVfzz\">En el Campeonato Nacional sobresali\u00f3 gracias a su depurada t\u00e9cnica, lo que la llev\u00f3 hasta las semifinales y le permiti\u00f3 obtener la medalla de plata.<\/span><\/p>\n<div id=\"viewer-4k9h3146\" class=\"-Zro6 -ZADH vVfzz _57WYp\"><span class=\"d0767 vVfzz\">\u00a0<\/span><\/div>\n<p id=\"viewer-qeoda147\" class=\"-Zro6 -ZADH vVfzz AnCKd _57WYp\"><span class=\"d0767 vVfzz\">Ahora Cristina Islas representar\u00e1 a M\u00e9xico en el Campeonato Panamericano, un evento importante porque es clasificatorio para los Juegos Panamericanos Junior a celebrarse en Asunci\u00f3n, Paraguay, en el a\u00f1o 2025.<\/span><\/p>\n<\/div>\n<\/div>\n<\/div>\n<\/div>\n<\/div>\n<\/div>\n<\/div>\n<\/div>\n","protected":false},"excerpt":{"rendered":"<p>#informativoelvalledeaguascalientes #novaradioaguascalientes #informativoelvalledeaguascalientesll #ElGiganteDeMexico &nbsp; &nbsp; La atleta aguascalentense Cristina Islas Quezada representar\u00e1 a M\u00e9xico en el pr\u00f3ximo Campeonato Panamericano de Taekwondo, un importante evento que se celebrar\u00e1 en Quer\u00e9taro el pr\u00f3ximo mes de julio. \u00a0 En compa\u00f1\u00eda de otras tres atletas de la escuela Koguryo del Instituto del Deporte del Estado de Aguascalientes (IDEA) [&hellip;]<\/p>\n","protected":false},"author":1,"featured_media":54608,"comment_status":"closed","ping_status":"open","sticky":false,"template":"","format":"standard","meta":{"advanced_seo_description":"","jetpack_seo_html_title":"","jetpack_seo_noindex":false,"_jetpack_memberships_contains_paid_content":false,"footnotes":"","jetpack_publicize_message":"","jetpack_publicize_feature_enabled":true,"jetpack_social_post_already_shared":true,"jetpack_social_options":{"image_generator_settings":{"template":"highway","default_image_id":0,"font":"","enabled":false},"version":2}},"categories":[21,4],"tags":[22,615,113],"class_list":["post-54606","post","type-post","status-publish","format-standard","has-post-thumbnail","hentry","category-aguascalientes","category-gobierno-del-estado-aguascalientes","tag-aguascalientes","tag-gobierno-del-estado-de-aguascalientes","tag-idea"],"jetpack_publicize_connections":[],"jetpack_featured_media_url":"https:\/\/i0.wp.com\/informativoelvalledeaguascalientes.online\/wp-content\/uploads\/2024\/04\/WhatsApp-Image-2024-03-25-at-13.57.19.jpeg?fit=689%2C1059&ssl=1","jetpack-related-posts":[],"jetpack_sharing_enabled":true,"jetpack_likes_enabled":true,"_links":{"self":[{"href":"https:\/\/informativoelvalledeaguascalientes.online\/index.php?rest_route=\/wp\/v2\/posts\/54606","targetHints":{"allow":["GET"]}}],"collection":[{"href":"https:\/\/informativoelvalledeaguascalientes.online\/index.php?rest_route=\/wp\/v2\/posts"}],"about":[{"href":"https:\/\/informativoelvalledeaguascalientes.online\/index.php?rest_route=\/wp\/v2\/types\/post"}],"author":[{"embeddable":true,"href":"https:\/\/informativoelvalledeaguascalientes.online\/index.php?rest_route=\/wp\/v2\/users\/1"}],"replies":[{"embeddable":true,"href":"https:\/\/informativoelvalledeaguascalientes.online\/index.php?rest_route=%2Fwp%2Fv2%2Fcomments&post=54606"}],"version-history":[{"count":1,"href":"https:\/\/informativoelvalledeaguascalientes.online\/index.php?rest_route=\/wp\/v2\/posts\/54606\/revisions"}],"predecessor-version":[{"id":54609,"href":"https:\/\/informativoelvalledeaguascalientes.online\/index.php?rest_route=\/wp\/v2\/posts\/54606\/revisions\/54609"}],"wp:featuredmedia":[{"embeddable":true,"href":"https:\/\/informativoelvalledeaguascalientes.online\/index.php?rest_route=\/wp\/v2\/media\/54608"}],"wp:attachment":[{"href":"https:\/\/informativoelvalledeaguascalientes.online\/index.php?rest_route=%2Fwp%2Fv2%2Fmedia&parent=54606"}],"wp:term":[{"taxonomy":"category","embeddable":true,"href":"https:\/\/informativoelvalledeaguascalientes.online\/index.php?rest_route=%2Fwp%2Fv2%2Fcategories&post=54606"},{"taxonomy":"post_tag","embeddable":true,"href":"https:\/\/informativoelvalledeaguascalientes.online\/index.php?rest_route=%2Fwp%2Fv2%2Ftags&post=54606"}],"curies":[{"name":"wp","href":"https:\/\/api.w.org\/{rel}","templated":true}]}}