{"id":54447,"date":"2024-03-30T15:57:06","date_gmt":"2024-03-30T21:57:06","guid":{"rendered":"https:\/\/informativoelvalledeaguascalientes.online\/?p=54447"},"modified":"2024-03-30T15:57:06","modified_gmt":"2024-03-30T21:57:06","slug":"emite-proteccion-civil-recomendaciones-ante-el-comienzo-de-la-temporada-de-calor","status":"publish","type":"post","link":"https:\/\/informativoelvalledeaguascalientes.online\/?p=54447","title":{"rendered":"EMITE PROTECCI\u00d3N CIVIL RECOMENDACIONES ANTE EL COMIENZO DE LA TEMPORADA DE CALOR"},"content":{"rendered":"<p><strong><a href=\"https:\/\/www.facebook.com\/hashtag\/informativoelvalledeaguascalientes\">#informativoelvalledeaguascalientes<\/a><\/strong><\/p>\n<p><strong><a href=\"https:\/\/www.facebook.com\/hashtag\/novaradioaguascalientes\">#novaradioaguascalientes<\/a><\/strong><\/p>\n<p><strong><a class=\"x1i10hfl xjbqb8w x6umtig x1b1mbwd xaqea5y xav7gou x9f619 x1ypdohk xt0psk2 xe8uvvx xdj266r x11i5rnm xat24cr x1mh8g0r xexx8yu x4uap5 x18d9i69 xkhd6sd x16tdsg8 x1hl2dhg xggy1nq x1a2a7pz xt0b8zv x1qq9wsj xo1l8bm\" tabindex=\"0\" role=\"link\" href=\"https:\/\/www.facebook.com\/hashtag\/laciudaddetuvida?__eep__=6&amp;__cft__[0]=AZVUzG-uzEgkHBxlWi4clX4-qXx_nfGicugdShvx3oYxvDeUIl1My5bfFXiXTmVU7O9FCNwHdVuQiVqIjO99-u7dxeUq1S3CqcB1PNpBXLQtm-Q1JLiRFFX8c4SEMe3VqRRgSs9kS8-Ajp6HnW6ebLd3GeB3j-SCsEGrTUVXz1WdbDeQs8bs0Dry33nLaV6fVU4&amp;__tn__=*NK-R\">#LaCiudadDeTuVida<\/a><\/strong><\/p>\n<p>#informativoelvalledeaguascalientesll<\/p>\n<p>&nbsp;<\/p>\n<ul>\n<li><strong><em>Se pronostican temperaturas de entre 30 y 35 grados cent\u00edgrados.<\/em><\/strong><\/li>\n<\/ul>\n<p><strong><em>\u00a0<\/em><\/strong><\/p>\n<p>Ante el inicio de la temporada de altas temperaturas, la Coordinaci\u00f3n Municipal de Protecci\u00f3n Civil emiti\u00f3 una serie de recomendaciones para evitar da\u00f1os a la salud de las personas.<\/p>\n<p>&nbsp;<\/p>\n<p>De acuerdo con informaci\u00f3n emitida por el Servicio Meteorol\u00f3gico Nacional, con la llegada de la estaci\u00f3n de la primavera, se esperan en Aguascalientes temperaturas c\u00e1lidas con sensaciones t\u00e9rmicas de entre los 30 y 35 grados cent\u00edgrados con cielos mayormente soleados.<\/p>\n<p>&nbsp;<\/p>\n<p>Por lo anterior, la Coordinaci\u00f3n Municipal de Protecci\u00f3n Civil recomend\u00f3:<\/p>\n<p>&nbsp;<\/p>\n<ul>\n<li>Evitar permanecer al aire libre entre las 12:00 y 17:00 horas del d\u00eda<\/li>\n<li>Usar gorra, ropa ligera y calzado liviano<\/li>\n<li>Utilizar bloqueador solar<\/li>\n<li>Conservar los alimentos en refrigeraci\u00f3n<\/li>\n<li>Beber l\u00edquidos en abundancia<\/li>\n<li>Consumir frutas y verduras frescas<\/li>\n<li>Extremar la higiene de los alimentos y durante su preparaci\u00f3n<\/li>\n<li>Tener mayor cuidado con los menores y adultos mayores<\/li>\n<\/ul>\n<p>&nbsp;<\/p>\n<p>Finalmente, record\u00f3 las l\u00edneas telef\u00f3nicas de las autoridades de Protecci\u00f3n Civil 449 918 28 11 y Bomberos 449 970 40 53, para atender los reportes ciudadanos o de emergencia.<\/p>\n","protected":false},"excerpt":{"rendered":"<p>#informativoelvalledeaguascalientes #novaradioaguascalientes #LaCiudadDeTuVida #informativoelvalledeaguascalientesll &nbsp; Se pronostican temperaturas de entre 30 y 35 grados cent\u00edgrados. \u00a0 Ante el inicio de la temporada de altas temperaturas, la Coordinaci\u00f3n Municipal de Protecci\u00f3n Civil emiti\u00f3 una serie de recomendaciones para evitar da\u00f1os a la salud de las personas. &nbsp; De acuerdo con informaci\u00f3n emitida por el Servicio Meteorol\u00f3gico [&hellip;]<\/p>\n","protected":false},"author":1,"featured_media":54449,"comment_status":"closed","ping_status":"open","sticky":false,"template":"","format":"standard","meta":{"advanced_seo_description":"","jetpack_seo_html_title":"","jetpack_seo_noindex":false,"_jetpack_memberships_contains_paid_content":false,"footnotes":"","jetpack_publicize_message":"","jetpack_publicize_feature_enabled":true,"jetpack_social_post_already_shared":true,"jetpack_social_options":{"image_generator_settings":{"template":"highway","default_image_id":0,"font":"","enabled":false},"version":2}},"categories":[21,3],"tags":[22,25,336],"class_list":["post-54447","post","type-post","status-publish","format-standard","has-post-thumbnail","hentry","category-aguascalientes","category-municipio-aguascalientes","tag-aguascalientes","tag-mpio-aguascalientes","tag-mpio-aguascalientes-coordinacion-municipal-de-proteccion-civil"],"jetpack_publicize_connections":[],"jetpack_featured_media_url":"https:\/\/i0.wp.com\/informativoelvalledeaguascalientes.online\/wp-content\/uploads\/2024\/03\/Imagen-de-WhatsApp-2024-03-27-a-las-14.24.01_27ebcf59.jpg?fit=828%2C869&ssl=1","jetpack-related-posts":[],"jetpack_sharing_enabled":true,"jetpack_likes_enabled":true,"_links":{"self":[{"href":"https:\/\/informativoelvalledeaguascalientes.online\/index.php?rest_route=\/wp\/v2\/posts\/54447","targetHints":{"allow":["GET"]}}],"collection":[{"href":"https:\/\/informativoelvalledeaguascalientes.online\/index.php?rest_route=\/wp\/v2\/posts"}],"about":[{"href":"https:\/\/informativoelvalledeaguascalientes.online\/index.php?rest_route=\/wp\/v2\/types\/post"}],"author":[{"embeddable":true,"href":"https:\/\/informativoelvalledeaguascalientes.online\/index.php?rest_route=\/wp\/v2\/users\/1"}],"replies":[{"embeddable":true,"href":"https:\/\/informativoelvalledeaguascalientes.online\/index.php?rest_route=%2Fwp%2Fv2%2Fcomments&post=54447"}],"version-history":[{"count":1,"href":"https:\/\/informativoelvalledeaguascalientes.online\/index.php?rest_route=\/wp\/v2\/posts\/54447\/revisions"}],"predecessor-version":[{"id":54450,"href":"https:\/\/informativoelvalledeaguascalientes.online\/index.php?rest_route=\/wp\/v2\/posts\/54447\/revisions\/54450"}],"wp:featuredmedia":[{"embeddable":true,"href":"https:\/\/informativoelvalledeaguascalientes.online\/index.php?rest_route=\/wp\/v2\/media\/54449"}],"wp:attachment":[{"href":"https:\/\/informativoelvalledeaguascalientes.online\/index.php?rest_route=%2Fwp%2Fv2%2Fmedia&parent=54447"}],"wp:term":[{"taxonomy":"category","embeddable":true,"href":"https:\/\/informativoelvalledeaguascalientes.online\/index.php?rest_route=%2Fwp%2Fv2%2Fcategories&post=54447"},{"taxonomy":"post_tag","embeddable":true,"href":"https:\/\/informativoelvalledeaguascalientes.online\/index.php?rest_route=%2Fwp%2Fv2%2Ftags&post=54447"}],"curies":[{"name":"wp","href":"https:\/\/api.w.org\/{rel}","templated":true}]}}