{"id":54099,"date":"2024-03-19T11:48:49","date_gmt":"2024-03-19T17:48:49","guid":{"rendered":"https:\/\/informativoelvalledeaguascalientes.online\/?p=54099"},"modified":"2024-03-19T11:48:49","modified_gmt":"2024-03-19T17:48:49","slug":"%f0%9d%90%95%f0%9d%90%a2%f0%9d%90%af%f0%9d%90%9e-%f0%9d%90%92%f0%9d%90%9e%f0%9d%90%a6%f0%9d%90%9a%f0%9d%90%a7%f0%9d%90%9a-%f0%9d%90%92%f0%9d%90%9a%f0%9d%90%a7%f0%9d%90%ad%f0%9d%90%9a-%f0%9d%90%9e-2","status":"publish","type":"post","link":"https:\/\/informativoelvalledeaguascalientes.online\/?p=54099","title":{"rendered":"\ud835\udc15\ud835\udc22\ud835\udc2f\ud835\udc1e \ud835\udc12\ud835\udc1e\ud835\udc26\ud835\udc1a\ud835\udc27\ud835\udc1a \ud835\udc12\ud835\udc1a\ud835\udc27\ud835\udc2d\ud835\udc1a \ud835\udc1e\ud835\udc27 \ud835\udc02\ud835\udc1a\ud835\udc25\ud835\udc2f\ud835\udc22\ud835\udc25\ud835\udc25\ud835\udc28"},"content":{"rendered":"<p><strong><a href=\"https:\/\/www.facebook.com\/hashtag\/informativoelvalledeaguascalientes\">#informativoelvalledeaguascalientes<\/a><\/strong><\/p>\n<p><strong><a href=\"https:\/\/www.facebook.com\/hashtag\/novaradioaguascalientes\">#novaradioaguascalientes<\/a><\/strong><\/p>\n<p>#informativoelvalledeaguascalientesll<\/p>\n<p>\ud83c\udf3f\ud83d\ude4b\ud83c\udffb\u200d\u2642\ufe0f\ud83d\udc5c \ud835\udc15\ud835\udc22\ud835\udc2f\ud835\udc1e \ud835\udc12\ud835\udc1e\ud835\udc26\ud835\udc1a\ud835\udc27\ud835\udc1a \ud835\udc12\ud835\udc1a\ud835\udc27\ud835\udc2d\ud835\udc1a \ud835\udc1e\ud835\udc27 \ud835\udc02\ud835\udc1a\ud835\udc25\ud835\udc2f\ud835\udc22\ud835\udc25\ud835\udc25\ud835\udc28 y conoce las artesan\u00edas t\u00edpicas m\u00e1s representativas de nuestro #PuebloM\u00e1gico, cada pieza creada por manos calvillenses reflejan la identidad de esta tierra.<\/p>\n<p>Encuentra una gran variedad de piezas artesanales en la Casa del Artesano Calvillo.<\/p>\n<p>\u00a1Esta #SemanaSanta2024 te esperamos en #CalvilloPuebloM\u00e1gico!<\/p>\n<p>#ViveSemanaSantaEnCalvillo<\/p>\n","protected":false},"excerpt":{"rendered":"<p>#informativoelvalledeaguascalientes #novaradioaguascalientes #informativoelvalledeaguascalientesll \ud83c\udf3f\ud83d\ude4b\ud83c\udffb\u200d\u2642\ufe0f\ud83d\udc5c \ud835\udc15\ud835\udc22\ud835\udc2f\ud835\udc1e \ud835\udc12\ud835\udc1e\ud835\udc26\ud835\udc1a\ud835\udc27\ud835\udc1a \ud835\udc12\ud835\udc1a\ud835\udc27\ud835\udc2d\ud835\udc1a \ud835\udc1e\ud835\udc27 \ud835\udc02\ud835\udc1a\ud835\udc25\ud835\udc2f\ud835\udc22\ud835\udc25\ud835\udc25\ud835\udc28 y conoce las artesan\u00edas t\u00edpicas m\u00e1s representativas de nuestro #PuebloM\u00e1gico, cada pieza creada por manos calvillenses reflejan la identidad de esta tierra. Encuentra una gran variedad de piezas artesanales en la Casa del Artesano Calvillo. \u00a1Esta #SemanaSanta2024 te esperamos en #CalvilloPuebloM\u00e1gico! #ViveSemanaSantaEnCalvillo<\/p>\n","protected":false},"author":1,"featured_media":54100,"comment_status":"closed","ping_status":"open","sticky":false,"template":"","format":"standard","meta":{"advanced_seo_description":"","jetpack_seo_html_title":"","jetpack_seo_noindex":false,"_jetpack_memberships_contains_paid_content":false,"footnotes":"","jetpack_publicize_message":"","jetpack_publicize_feature_enabled":true,"jetpack_social_post_already_shared":true,"jetpack_social_options":{"image_generator_settings":{"template":"highway","default_image_id":0,"font":"","enabled":false},"version":2}},"categories":[21,13],"tags":[22,88,29],"class_list":["post-54099","post","type-post","status-publish","format-standard","has-post-thumbnail","hentry","category-aguascalientes","category-calvillo-aguascalientes","tag-aguascalientes","tag-calvillo","tag-calvillo-aguascalientes"],"jetpack_publicize_connections":[],"jetpack_featured_media_url":"https:\/\/i0.wp.com\/informativoelvalledeaguascalientes.online\/wp-content\/uploads\/2024\/03\/815539aa-a7b5-4bf9-8517-2c63d89513f7.jpeg?fit=1080%2C1080&ssl=1","jetpack-related-posts":[],"jetpack_sharing_enabled":true,"jetpack_likes_enabled":true,"_links":{"self":[{"href":"https:\/\/informativoelvalledeaguascalientes.online\/index.php?rest_route=\/wp\/v2\/posts\/54099","targetHints":{"allow":["GET"]}}],"collection":[{"href":"https:\/\/informativoelvalledeaguascalientes.online\/index.php?rest_route=\/wp\/v2\/posts"}],"about":[{"href":"https:\/\/informativoelvalledeaguascalientes.online\/index.php?rest_route=\/wp\/v2\/types\/post"}],"author":[{"embeddable":true,"href":"https:\/\/informativoelvalledeaguascalientes.online\/index.php?rest_route=\/wp\/v2\/users\/1"}],"replies":[{"embeddable":true,"href":"https:\/\/informativoelvalledeaguascalientes.online\/index.php?rest_route=%2Fwp%2Fv2%2Fcomments&post=54099"}],"version-history":[{"count":1,"href":"https:\/\/informativoelvalledeaguascalientes.online\/index.php?rest_route=\/wp\/v2\/posts\/54099\/revisions"}],"predecessor-version":[{"id":54101,"href":"https:\/\/informativoelvalledeaguascalientes.online\/index.php?rest_route=\/wp\/v2\/posts\/54099\/revisions\/54101"}],"wp:featuredmedia":[{"embeddable":true,"href":"https:\/\/informativoelvalledeaguascalientes.online\/index.php?rest_route=\/wp\/v2\/media\/54100"}],"wp:attachment":[{"href":"https:\/\/informativoelvalledeaguascalientes.online\/index.php?rest_route=%2Fwp%2Fv2%2Fmedia&parent=54099"}],"wp:term":[{"taxonomy":"category","embeddable":true,"href":"https:\/\/informativoelvalledeaguascalientes.online\/index.php?rest_route=%2Fwp%2Fv2%2Fcategories&post=54099"},{"taxonomy":"post_tag","embeddable":true,"href":"https:\/\/informativoelvalledeaguascalientes.online\/index.php?rest_route=%2Fwp%2Fv2%2Ftags&post=54099"}],"curies":[{"name":"wp","href":"https:\/\/api.w.org\/{rel}","templated":true}]}}