{"id":54090,"date":"2024-03-19T11:36:00","date_gmt":"2024-03-19T17:36:00","guid":{"rendered":"https:\/\/informativoelvalledeaguascalientes.online\/?p=54090"},"modified":"2024-03-19T11:36:00","modified_gmt":"2024-03-19T17:36:00","slug":"universidad-tecnologica-el-retono-aplicara-examen-de-admision-el-23-de-marzo","status":"publish","type":"post","link":"https:\/\/informativoelvalledeaguascalientes.online\/?p=54090","title":{"rendered":"UNIVERSIDAD TECNOL\u00d3GICA EL RETO\u00d1O APLICAR\u00c1 EXAMEN DE ADMISI\u00d3N EL 23 DE MARZO"},"content":{"rendered":"<p><strong><a href=\"https:\/\/www.facebook.com\/hashtag\/informativoelvalledeaguascalientes\">#informativoelvalledeaguascalientes<\/a><\/strong><\/p>\n<p><strong><a href=\"https:\/\/www.facebook.com\/hashtag\/novaradioaguascalientes\">#novaradioaguascalientes<\/a><\/strong><\/p>\n<p>#informativoelvalledeaguascalientesll<\/p>\n<p><strong><a href=\"https:\/\/www.facebook.com\/GobiernodeAguascalientes\">#ElGiganteDeMexico<\/a><\/strong><\/p>\n<ul class=\"xErDo AnCKd\">\n<li class=\"_04hd2 vVfzz\" dir=\"auto\">\n<div>\n<p id=\"viewer-foo\" class=\"-Zro6 -ZADH vVfzz AnCKd _57WYp\"><span class=\"d0767 vVfzz\"><strong><em>Aspirantes deben registrarse en <\/em><\/strong><a class=\"TWoY9 itht3\" href=\"http:\/\/www.utr.edu.mx\/\" target=\"_self\" rel=\"noopener noreferrer\"><em><u>www.utr.edu.mx<\/u><\/em><\/a><strong><em> antes del 21 de marzo<\/em><\/strong><\/span><\/p>\n<\/div>\n<\/li>\n<\/ul>\n<div id=\"viewer-w2yon260\" class=\"-Zro6 -ZADH vVfzz _57WYp\"><span class=\"d0767 vVfzz\">\u00a0<\/span><\/div>\n<p id=\"viewer-e4ami261\" class=\"-Zro6 -ZADH vVfzz AnCKd _57WYp\"><span class=\"d0767 vVfzz\">La Universidad Tecnol\u00f3gica El Reto\u00f1o (UTR) informa que el pr\u00f3ximo s\u00e1bado 23 de marzo ser\u00e1 el examen de admisi\u00f3n para estudiantes de nuevo ingreso, por lo que las y los interesados deber\u00e1n registrarse antes del 21 de marzo en <a class=\"TWoY9 itht3\" href=\"http:\/\/www.utr.edu.mx\/\" target=\"_self\" rel=\"noopener noreferrer\"><u>www.utr.edu.mx<\/u><\/a>.\u00a0<\/span><\/p>\n<div id=\"viewer-1qlca265\" class=\"-Zro6 -ZADH vVfzz _57WYp\"><span class=\"d0767 vVfzz\">\u00a0<\/span><\/div>\n<p id=\"viewer-79uko266\" class=\"-Zro6 -ZADH vVfzz AnCKd _57WYp\"><span class=\"d0767 vVfzz\">La UTR es pionera en el modelo BIS (biling\u00fce, internacional y sustentable) y se\u00a0 consolida como la principal opci\u00f3n para las y los j\u00f3venes de la regi\u00f3n, ya que las clases se imparten al cien por ciento en ingl\u00e9s, con lo que se garantiza la formaci\u00f3n de profesionales biling\u00fces.<\/span><\/p>\n<div id=\"viewer-dhe6u268\" class=\"-Zro6 -ZADH vVfzz _57WYp\"><span class=\"d0767 vVfzz\">\u00a0<\/span><\/div>\n<p id=\"viewer-9qiq5269\" class=\"-Zro6 -ZADH vVfzz AnCKd _57WYp\"><span class=\"d0767 vVfzz\">La oferta de esta instituci\u00f3n de educaci\u00f3n superior es de siete carreras t\u00e9cnicas superiores, tres ingenier\u00edas y dos licenciaturas, con programas educativos de excelencia, innovadores y de alta tecnolog\u00eda, certificados por organismos internacionales como Cacei y Caceca.<\/span><\/p>\n<div id=\"viewer-0eqha271\" class=\"-Zro6 -ZADH vVfzz _57WYp\"><span class=\"d0767 vVfzz\">\u00a0<\/span><\/div>\n<p id=\"viewer-4xhl0272\" class=\"-Zro6 -ZADH vVfzz AnCKd _57WYp\"><span class=\"d0767 vVfzz\">Destacan las carreras de Mecatr\u00f3nica, Tecnolog\u00edas de la Informaci\u00f3n, Dise\u00f1o Digital, Lengua Inglesa, Desarrollo de Negocios \u00c1rea Mercadotecnia, as\u00ed como Administraci\u00f3n \u00c1rea Capital, entre otras.<\/span><\/p>\n<div id=\"viewer-tqdub274\" class=\"-Zro6 -ZADH vVfzz _57WYp\"><span class=\"d0767 vVfzz\">\u00a0<\/span><\/div>\n<p id=\"viewer-7wqfw275\" class=\"-Zro6 -ZADH vVfzz AnCKd _57WYp\"><span class=\"d0767 vVfzz\">El examen de admisi\u00f3n se aplicar\u00e1 de forma presencial a las 7:45 de la ma\u00f1ana en las instalaciones de la UTR, ubicada en la carretera a San Luis Potos\u00ed, kil\u00f3metro 72.<\/span><\/p>\n<div id=\"viewer-5qo7m277\" class=\"-Zro6 -ZADH vVfzz _57WYp\"><span class=\"d0767 vVfzz\">\u00a0<\/span><\/div>\n<p id=\"viewer-64jnx278\" class=\"-Zro6 -ZADH vVfzz AnCKd _57WYp\"><span class=\"d0767 vVfzz\">Para mayores informes, las personas interesadas pueden comunicarse a los tel\u00e9fonos 449 786 09 84, a las extensiones 1130 y 1133; o al WhatsApp 449 415 51 35.<\/span><\/p>\n","protected":false},"excerpt":{"rendered":"<p>#informativoelvalledeaguascalientes #novaradioaguascalientes #informativoelvalledeaguascalientesll #ElGiganteDeMexico Aspirantes deben registrarse en www.utr.edu.mx antes del 21 de marzo \u00a0 La Universidad Tecnol\u00f3gica El Reto\u00f1o (UTR) informa que el pr\u00f3ximo s\u00e1bado 23 de marzo ser\u00e1 el examen de admisi\u00f3n para estudiantes de nuevo ingreso, por lo que las y los interesados deber\u00e1n registrarse antes del 21 de marzo en www.utr.edu.mx.\u00a0 [&hellip;]<\/p>\n","protected":false},"author":1,"featured_media":54091,"comment_status":"closed","ping_status":"open","sticky":false,"template":"","format":"standard","meta":{"advanced_seo_description":"","jetpack_seo_html_title":"","jetpack_seo_noindex":false,"_jetpack_memberships_contains_paid_content":false,"footnotes":"","jetpack_publicize_message":"","jetpack_publicize_feature_enabled":true,"jetpack_social_post_already_shared":true,"jetpack_social_options":{"image_generator_settings":{"template":"highway","default_image_id":0,"font":"","enabled":false},"version":2}},"categories":[21,4],"tags":[22,615,752,77],"class_list":["post-54090","post","type-post","status-publish","format-standard","has-post-thumbnail","hentry","category-aguascalientes","category-gobierno-del-estado-aguascalientes","tag-aguascalientes","tag-gobierno-del-estado-de-aguascalientes","tag-ut5","tag-utr"],"jetpack_publicize_connections":[],"jetpack_featured_media_url":"https:\/\/i0.wp.com\/informativoelvalledeaguascalientes.online\/wp-content\/uploads\/2024\/03\/WhatsApp-Image-2024-03-19-at-9.57.53-AM.jpeg?fit=1600%2C1600&ssl=1","jetpack-related-posts":[],"jetpack_sharing_enabled":true,"jetpack_likes_enabled":true,"_links":{"self":[{"href":"https:\/\/informativoelvalledeaguascalientes.online\/index.php?rest_route=\/wp\/v2\/posts\/54090","targetHints":{"allow":["GET"]}}],"collection":[{"href":"https:\/\/informativoelvalledeaguascalientes.online\/index.php?rest_route=\/wp\/v2\/posts"}],"about":[{"href":"https:\/\/informativoelvalledeaguascalientes.online\/index.php?rest_route=\/wp\/v2\/types\/post"}],"author":[{"embeddable":true,"href":"https:\/\/informativoelvalledeaguascalientes.online\/index.php?rest_route=\/wp\/v2\/users\/1"}],"replies":[{"embeddable":true,"href":"https:\/\/informativoelvalledeaguascalientes.online\/index.php?rest_route=%2Fwp%2Fv2%2Fcomments&post=54090"}],"version-history":[{"count":1,"href":"https:\/\/informativoelvalledeaguascalientes.online\/index.php?rest_route=\/wp\/v2\/posts\/54090\/revisions"}],"predecessor-version":[{"id":54092,"href":"https:\/\/informativoelvalledeaguascalientes.online\/index.php?rest_route=\/wp\/v2\/posts\/54090\/revisions\/54092"}],"wp:featuredmedia":[{"embeddable":true,"href":"https:\/\/informativoelvalledeaguascalientes.online\/index.php?rest_route=\/wp\/v2\/media\/54091"}],"wp:attachment":[{"href":"https:\/\/informativoelvalledeaguascalientes.online\/index.php?rest_route=%2Fwp%2Fv2%2Fmedia&parent=54090"}],"wp:term":[{"taxonomy":"category","embeddable":true,"href":"https:\/\/informativoelvalledeaguascalientes.online\/index.php?rest_route=%2Fwp%2Fv2%2Fcategories&post=54090"},{"taxonomy":"post_tag","embeddable":true,"href":"https:\/\/informativoelvalledeaguascalientes.online\/index.php?rest_route=%2Fwp%2Fv2%2Ftags&post=54090"}],"curies":[{"name":"wp","href":"https:\/\/api.w.org\/{rel}","templated":true}]}}