{"id":54086,"date":"2024-03-19T11:31:29","date_gmt":"2024-03-19T17:31:29","guid":{"rendered":"https:\/\/informativoelvalledeaguascalientes.online\/?p=54086"},"modified":"2024-03-19T11:31:29","modified_gmt":"2024-03-19T17:31:29","slug":"respaldo-total-de-tere-jimenez-al-sector-lechero-de-aguascalientes","status":"publish","type":"post","link":"https:\/\/informativoelvalledeaguascalientes.online\/?p=54086","title":{"rendered":"RESPALDO TOTAL DE TERE JIM\u00c9NEZ AL SECTOR LECHERO DE AGUASCALIENTES"},"content":{"rendered":"<div>\n<p><strong><a href=\"https:\/\/www.facebook.com\/hashtag\/informativoelvalledeaguascalientes\">#informativoelvalledeaguascalientes<\/a><\/strong><\/p>\n<p><strong><a href=\"https:\/\/www.facebook.com\/hashtag\/novaradioaguascalientes\">#novaradioaguascalientes<\/a><\/strong><\/p>\n<p>#informativoelvalledeaguascalientesll<\/p>\n<p><strong><a href=\"https:\/\/www.facebook.com\/GobiernodeAguascalientes\">#ElGiganteDeMexico<\/a><\/strong><\/p>\n<p id=\"viewer-foo\" class=\"-Zro6 -ZADH IjV6v AnCKd _57WYp\"><span class=\"d0767\"><strong><em>Apoyos a los ganaderos para que conformen su propia marca comercial<\/em><\/strong><\/span><\/p>\n<\/div>\n<ul class=\"xErDo AnCKd\">\n<li class=\"_04hd2 vVfzz\" dir=\"auto\">\n<div>\n<p id=\"viewer-lmcv9125\" class=\"-Zro6 -ZADH vVfzz AnCKd _57WYp\"><span class=\"d0767 vVfzz\"><strong><em>Impulsar\u00e1n programa para abastecer del l\u00e1cteo a las colonias populares<\/em><\/strong><\/span><\/p>\n<\/div>\n<\/li>\n<li class=\"_04hd2 vVfzz\" dir=\"auto\">\n<div>\n<p id=\"viewer-fdm1k128\" class=\"-Zro6 -ZADH vVfzz AnCKd _57WYp\"><span class=\"d0767 vVfzz\"><strong><em>Gestionan para que Liconsa compre a diario 50 mil litros adicionales a productores<\/em><\/strong><\/span><\/p>\n<\/div>\n<\/li>\n<\/ul>\n<div id=\"viewer-zp9vw130\" class=\"-Zro6 -ZADH IjV6v _57WYp\"><span class=\"d0767\">\u00a0<\/span><\/div>\n<p id=\"viewer-tmksp131\" class=\"-Zro6 -ZADH vVfzz AnCKd _57WYp\"><span class=\"d0767 vVfzz\">Definen la gobernadora Tere Jim\u00e9nez, autoridades locales y ganaderos de Aguascalientes un plan de acci\u00f3n para rescatar al sector lechero de la crisis que enfrenta, mediante acciones concretas que evitar\u00e1n el desperdicio del l\u00e1cteo en el estado.<\/span><\/p>\n<div id=\"viewer-uagb9133\" class=\"-Zro6 -ZADH IjV6v _57WYp\"><span class=\"d0767\">\u00a0<\/span><\/div>\n<p id=\"viewer-o9w16134\" class=\"-Zro6 -ZADH vVfzz AnCKd _57WYp\"><span class=\"d0767 vVfzz\">\u201cYo s\u00e9 que de las crisis viene lo mejor, y de esta situaci\u00f3n tenemos que ver c\u00f3mo s\u00ed podemos, y claro que el Gobierno del Estado tiene que intervenir, los gobiernos tienen que ser facilitadores; por la parte que nos corresponde en el tema lechero, como Gobierno del Estado nos iremos moldeando con ustedes y con programas especiales para apoyar a peque\u00f1os productores\u201d, se\u00f1al\u00f3 la gobernadora.<\/span><\/p>\n<div id=\"viewer-j1m4e136\" class=\"-Zro6 -ZADH IjV6v _57WYp\"><span class=\"d0767\">\u00a0<\/span><\/div>\n<p id=\"viewer-w504h137\" class=\"-Zro6 -ZADH vVfzz AnCKd _57WYp\"><span class=\"d0767 vVfzz\">Entre las acciones que se acordaron est\u00e1n la creaci\u00f3n de una marca de leche en Aguascalientes para retomar lo que en su momento fue Gilsa; un programa de venta de leche subsidiada en colonias populares; adem\u00e1s de gestiones ante autoridades federales que ya comenzaron a dar sus primeros frutos, pues Liconsa acaba de anuncia la compra diaria de 50 mil litros de leche adicionales a peque\u00f1os productores del estado, as\u00ed como el freno a la importaci\u00f3n de leche en polvo en lo que reste del a\u00f1o.<\/span><\/p>\n<div id=\"viewer-m5947139\" class=\"-Zro6 -ZADH IjV6v _57WYp\"><span class=\"d0767\">\u00a0<\/span><\/div>\n<p id=\"viewer-4jr92140\" class=\"-Zro6 -ZADH vVfzz AnCKd _57WYp\"><span class=\"d0767 vVfzz\">Tere Jim\u00e9nez coment\u00f3 que las pl\u00e1ticas con el sector ganadero continuar\u00e1n para darle seguimiento a sus demandas, como el apoyo mediante subsidios y cr\u00e9ditos que les permita conformar su propia marca y adquirir maquinaria y equipo.<\/span><\/p>\n<div id=\"viewer-qx65d142\" class=\"-Zro6 -ZADH IjV6v _57WYp\"><span class=\"d0767\">\u00a0<\/span><\/div>\n<p id=\"viewer-ayh9e143\" class=\"-Zro6 -ZADH vVfzz AnCKd _57WYp\"><span class=\"d0767 vVfzz\">Isidoro Armend\u00e1riz, titular de la Secretar\u00eda de Desarrollo Rural y Agroempresarial (Sedrae), dijo que las gestiones con las autoridades federales contin\u00faan; como parte de las mismas, se instalar\u00e1 una mesa de acuerdos con la Secretar\u00eda de Gobernaci\u00f3n y la Secretar\u00eda de Econom\u00eda para que las grandes empresas pasteurizadoras del pa\u00eds se comprometan a ayudar a resolver los problemas que aquejan a los ganaderos.<\/span><\/p>\n<div id=\"viewer-twh1y145\" class=\"-Zro6 -ZADH IjV6v _57WYp\"><span class=\"d0767\">\u00a0<\/span><\/div>\n<p id=\"viewer-o5160146\" class=\"-Zro6 -ZADH vVfzz AnCKd _57WYp\"><span class=\"d0767 vVfzz\">Los ganaderos presentes, encabezados por Carlos Alberto Guti\u00e9rrez, presidente de Alilacteos, dijeron que trabajan en conjunto para acelerar proyectos como la creaci\u00f3n de una marca propia en beneficio de todos los productores; adem\u00e1s, a nombre del gremio hizo el compromiso de participar en los programas de abasto de leche que implementen las autoridades estatales en las colonias populares, pues ayudar\u00edan a las personas de escasos recursos a alimentarse sanamente, mientras que los ganaderos tendr\u00edan d\u00f3nde colocar su producto.<\/span><\/p>\n<p><img data-recalc-dims=\"1\" loading=\"lazy\" decoding=\"async\" class=\"alignnone wp-image-54088 size-large\" src=\"https:\/\/i0.wp.com\/informativoelvalledeaguascalientes.online\/wp-content\/uploads\/2024\/03\/LECHEROS-5-1024x683.jpg?resize=640%2C427&#038;ssl=1\" alt=\"\" width=\"640\" height=\"427\" srcset=\"https:\/\/i0.wp.com\/informativoelvalledeaguascalientes.online\/wp-content\/uploads\/2024\/03\/LECHEROS-5.jpg?resize=1024%2C683&amp;ssl=1 1024w, https:\/\/i0.wp.com\/informativoelvalledeaguascalientes.online\/wp-content\/uploads\/2024\/03\/LECHEROS-5.jpg?resize=300%2C200&amp;ssl=1 300w, https:\/\/i0.wp.com\/informativoelvalledeaguascalientes.online\/wp-content\/uploads\/2024\/03\/LECHEROS-5.jpg?resize=768%2C512&amp;ssl=1 768w, https:\/\/i0.wp.com\/informativoelvalledeaguascalientes.online\/wp-content\/uploads\/2024\/03\/LECHEROS-5.jpg?resize=1536%2C1025&amp;ssl=1 1536w, https:\/\/i0.wp.com\/informativoelvalledeaguascalientes.online\/wp-content\/uploads\/2024\/03\/LECHEROS-5.jpg?w=2048&amp;ssl=1 2048w, https:\/\/i0.wp.com\/informativoelvalledeaguascalientes.online\/wp-content\/uploads\/2024\/03\/LECHEROS-5.jpg?w=1280&amp;ssl=1 1280w, https:\/\/i0.wp.com\/informativoelvalledeaguascalientes.online\/wp-content\/uploads\/2024\/03\/LECHEROS-5.jpg?w=1920&amp;ssl=1 1920w\" sizes=\"auto, (max-width: 640px) 100vw, 640px\" \/><\/p>\n","protected":false},"excerpt":{"rendered":"<p>#informativoelvalledeaguascalientes #novaradioaguascalientes #informativoelvalledeaguascalientesll #ElGiganteDeMexico Apoyos a los ganaderos para que conformen su propia marca comercial Impulsar\u00e1n programa para abastecer del l\u00e1cteo a las colonias populares Gestionan para que Liconsa compre a diario 50 mil litros adicionales a productores \u00a0 Definen la gobernadora Tere Jim\u00e9nez, autoridades locales y ganaderos de Aguascalientes un plan de acci\u00f3n para [&hellip;]<\/p>\n","protected":false},"author":1,"featured_media":0,"comment_status":"closed","ping_status":"open","sticky":false,"template":"","format":"standard","meta":{"advanced_seo_description":"","jetpack_seo_html_title":"","jetpack_seo_noindex":false,"_jetpack_memberships_contains_paid_content":false,"footnotes":"","jetpack_publicize_message":"","jetpack_publicize_feature_enabled":true,"jetpack_social_post_already_shared":true,"jetpack_social_options":{"image_generator_settings":{"template":"highway","default_image_id":0,"font":"","enabled":false},"version":2}},"categories":[21,4],"tags":[22,615,106,320],"class_list":["post-54086","post","type-post","status-publish","format-standard","hentry","category-aguascalientes","category-gobierno-del-estado-aguascalientes","tag-aguascalientes","tag-gobierno-del-estado-de-aguascalientes","tag-sedrae","tag-tere-jimenez"],"jetpack_publicize_connections":[],"jetpack_featured_media_url":"","jetpack-related-posts":[],"jetpack_sharing_enabled":true,"jetpack_likes_enabled":true,"_links":{"self":[{"href":"https:\/\/informativoelvalledeaguascalientes.online\/index.php?rest_route=\/wp\/v2\/posts\/54086","targetHints":{"allow":["GET"]}}],"collection":[{"href":"https:\/\/informativoelvalledeaguascalientes.online\/index.php?rest_route=\/wp\/v2\/posts"}],"about":[{"href":"https:\/\/informativoelvalledeaguascalientes.online\/index.php?rest_route=\/wp\/v2\/types\/post"}],"author":[{"embeddable":true,"href":"https:\/\/informativoelvalledeaguascalientes.online\/index.php?rest_route=\/wp\/v2\/users\/1"}],"replies":[{"embeddable":true,"href":"https:\/\/informativoelvalledeaguascalientes.online\/index.php?rest_route=%2Fwp%2Fv2%2Fcomments&post=54086"}],"version-history":[{"count":1,"href":"https:\/\/informativoelvalledeaguascalientes.online\/index.php?rest_route=\/wp\/v2\/posts\/54086\/revisions"}],"predecessor-version":[{"id":54089,"href":"https:\/\/informativoelvalledeaguascalientes.online\/index.php?rest_route=\/wp\/v2\/posts\/54086\/revisions\/54089"}],"wp:attachment":[{"href":"https:\/\/informativoelvalledeaguascalientes.online\/index.php?rest_route=%2Fwp%2Fv2%2Fmedia&parent=54086"}],"wp:term":[{"taxonomy":"category","embeddable":true,"href":"https:\/\/informativoelvalledeaguascalientes.online\/index.php?rest_route=%2Fwp%2Fv2%2Fcategories&post=54086"},{"taxonomy":"post_tag","embeddable":true,"href":"https:\/\/informativoelvalledeaguascalientes.online\/index.php?rest_route=%2Fwp%2Fv2%2Ftags&post=54086"}],"curies":[{"name":"wp","href":"https:\/\/api.w.org\/{rel}","templated":true}]}}