{"id":54081,"date":"2024-03-19T11:26:25","date_gmt":"2024-03-19T17:26:25","guid":{"rendered":"https:\/\/informativoelvalledeaguascalientes.online\/?p=54081"},"modified":"2024-03-19T11:26:25","modified_gmt":"2024-03-19T17:26:25","slug":"este-martes-la-brigada-de-empleo-llega-a-san-francisco-de-los-romo","status":"publish","type":"post","link":"https:\/\/informativoelvalledeaguascalientes.online\/?p=54081","title":{"rendered":"ESTE MARTES LA \u201cBRIGADA DE EMPLEO\u201d LLEGA A SAN FRANCISCO DE LOS ROMO"},"content":{"rendered":"<div>\n<p><strong><a href=\"https:\/\/www.facebook.com\/hashtag\/informativoelvalledeaguascalientes\">#informativoelvalledeaguascalientes<\/a><\/strong><\/p>\n<p><strong><a href=\"https:\/\/www.facebook.com\/hashtag\/novaradioaguascalientes\">#novaradioaguascalientes<\/a><\/strong><\/p>\n<p>#informativoelvalledeaguascalientesll<\/p>\n<p><strong><a href=\"https:\/\/www.facebook.com\/GobiernodeAguascalientes\">#ElGiganteDeMexico<\/a><\/strong><\/p>\n<ul>\n<li id=\"viewer-foo\" class=\"-Zro6 -ZADH IjV6v AnCKd _57WYp\"><span class=\"d0767\"><strong><em>Las y los interesados podr\u00e1n acudir de 9:00 a 14:00 horas a la Presidencia Municipal<\/em><\/strong><\/span><\/li>\n<\/ul>\n<\/div>\n<ul class=\"xErDo AnCKd\">\n<li class=\"_04hd2 vVfzz\" dir=\"auto\">\n<div>\n<p id=\"viewer-5mrhk348\" class=\"-Zro6 -ZADH vVfzz AnCKd _57WYp\"><span class=\"d0767 vVfzz\"><strong><em>Se ofertar\u00e1n m\u00e1s de mil vacantes de trabajo<\/em><\/strong><\/span><\/p>\n<\/div>\n<\/li>\n<\/ul>\n<div id=\"viewer-oenwq350\" class=\"-Zro6 -ZADH IjV6v _57WYp\"><span class=\"d0767\">\u00a0<\/span><\/div>\n<p id=\"viewer-e98fi351\" class=\"-Zro6 -ZADH vVfzz AnCKd _57WYp\"><span class=\"d0767 vVfzz\">Este martes 19 de marzo, empresas locales y el Servicio Estatal y Nacional de Empleo Aguascalientes (SNEA) acercar\u00e1n oportunidades de trabajo a los habitantes del municipio de San Francisco de los Romo y zonas aleda\u00f1as.<\/span><\/p>\n<div id=\"viewer-p0g25368\" class=\"-Zro6 -ZADH vVfzz _57WYp\"><span class=\"d0767 vVfzz\">\u00a0<\/span><\/div>\n<p id=\"viewer-8clb1353\" class=\"-Zro6 -ZADH vVfzz AnCKd _57WYp\"><span class=\"d0767 vVfzz\">La \u201cBrigada de Empleo en tu Municipio\u201d se realizar\u00e1 de 9:00 a 14:00 horas en la Presidencia Municipal, ubicada en Av. Francisco Romo Jim\u00e9nez No. 103, Fracc. San Jos\u00e9 de Buenavista, en la cabecera municipal de San Francisco de los Romo.<\/span><\/p>\n<div id=\"viewer-2xhxj379\" class=\"-Zro6 -ZADH vVfzz _57WYp\"><span class=\"d0767 vVfzz\">\u00a0<\/span><\/div>\n<p id=\"viewer-t9fst355\" class=\"-Zro6 -ZADH vVfzz AnCKd _57WYp\"><span class=\"d0767 vVfzz\">Los pobladores de este municipio y comunidades cercanas podr\u00e1n tener acceso a m\u00e1s de mil oportunidades laborales, pues en el lugar se instalar\u00e1 un m\u00f3dulo de atenci\u00f3n donde personal de recursos humanos atender\u00e1 directamente a las y los interesados, con la finalidad de que se coloquen en un trabajo formal.<\/span><\/p>\n<div id=\"viewer-agldu390\" class=\"-Zro6 -ZADH vVfzz _57WYp\"><span class=\"d0767 vVfzz\">\u00a0<\/span><\/div>\n<p id=\"viewer-gbr3b357\" class=\"-Zro6 -ZADH vVfzz AnCKd _57WYp\"><span class=\"d0767 vVfzz\">Las vacantes disponibles son para personas mayores de 18 a\u00f1os, con nivel de estudios desde primaria hasta profesional; a las y los interesados se les recomienda acudir con identificaci\u00f3n oficial y varias solicitudes de empleo o curr\u00edculums para aplicar a los puestos de su inter\u00e9s.<\/span><\/p>\n<div id=\"viewer-gci4z401\" class=\"-Zro6 -ZADH vVfzz _57WYp\"><span class=\"d0767 vVfzz\">\u00a0<\/span><\/div>\n<p id=\"viewer-vrll1359\" class=\"-Zro6 -ZADH vVfzz AnCKd _57WYp\"><span class=\"d0767 vVfzz\">Para m\u00e1s informaci\u00f3n sobre la \u201cBrigada de Empleo en tu Municipio\u201d, consultar la p\u00e1gina de Facebook <a class=\"TWoY9 itht3\" href=\"https:\/\/www.facebook.com\/SNEAgs\" target=\"_self\" rel=\"noopener noreferrer\">https:\/\/www.facebook.com\/SNEAgs<\/a>; o bien, comunicarse al\u00a0 tel\u00e9fono 449 910 25 89, extensi\u00f3n 5900.<\/span><\/p>\n<div id=\"viewer-gnfam363\" class=\"-Zro6 -ZADH IjV6v _57WYp\"><\/div>\n","protected":false},"excerpt":{"rendered":"<p>#informativoelvalledeaguascalientes #novaradioaguascalientes #informativoelvalledeaguascalientesll #ElGiganteDeMexico Las y los interesados podr\u00e1n acudir de 9:00 a 14:00 horas a la Presidencia Municipal Se ofertar\u00e1n m\u00e1s de mil vacantes de trabajo \u00a0 Este martes 19 de marzo, empresas locales y el Servicio Estatal y Nacional de Empleo Aguascalientes (SNEA) acercar\u00e1n oportunidades de trabajo a los habitantes del municipio de [&hellip;]<\/p>\n","protected":false},"author":1,"featured_media":54084,"comment_status":"closed","ping_status":"open","sticky":false,"template":"","format":"standard","meta":{"advanced_seo_description":"","jetpack_seo_html_title":"","jetpack_seo_noindex":false,"_jetpack_memberships_contains_paid_content":false,"footnotes":"","jetpack_publicize_message":"","jetpack_publicize_feature_enabled":true,"jetpack_social_post_already_shared":true,"jetpack_social_options":{"image_generator_settings":{"template":"highway","default_image_id":0,"font":"","enabled":false},"version":2}},"categories":[21,4],"tags":[],"class_list":["post-54081","post","type-post","status-publish","format-standard","has-post-thumbnail","hentry","category-aguascalientes","category-gobierno-del-estado-aguascalientes"],"jetpack_publicize_connections":[],"jetpack_featured_media_url":"https:\/\/i0.wp.com\/informativoelvalledeaguascalientes.online\/wp-content\/uploads\/2024\/03\/WhatsApp-Image-2024-03-18-at-9.49.26-AM.jpeg?fit=1280%2C849&ssl=1","jetpack-related-posts":[],"jetpack_sharing_enabled":true,"jetpack_likes_enabled":true,"_links":{"self":[{"href":"https:\/\/informativoelvalledeaguascalientes.online\/index.php?rest_route=\/wp\/v2\/posts\/54081","targetHints":{"allow":["GET"]}}],"collection":[{"href":"https:\/\/informativoelvalledeaguascalientes.online\/index.php?rest_route=\/wp\/v2\/posts"}],"about":[{"href":"https:\/\/informativoelvalledeaguascalientes.online\/index.php?rest_route=\/wp\/v2\/types\/post"}],"author":[{"embeddable":true,"href":"https:\/\/informativoelvalledeaguascalientes.online\/index.php?rest_route=\/wp\/v2\/users\/1"}],"replies":[{"embeddable":true,"href":"https:\/\/informativoelvalledeaguascalientes.online\/index.php?rest_route=%2Fwp%2Fv2%2Fcomments&post=54081"}],"version-history":[{"count":1,"href":"https:\/\/informativoelvalledeaguascalientes.online\/index.php?rest_route=\/wp\/v2\/posts\/54081\/revisions"}],"predecessor-version":[{"id":54085,"href":"https:\/\/informativoelvalledeaguascalientes.online\/index.php?rest_route=\/wp\/v2\/posts\/54081\/revisions\/54085"}],"wp:featuredmedia":[{"embeddable":true,"href":"https:\/\/informativoelvalledeaguascalientes.online\/index.php?rest_route=\/wp\/v2\/media\/54084"}],"wp:attachment":[{"href":"https:\/\/informativoelvalledeaguascalientes.online\/index.php?rest_route=%2Fwp%2Fv2%2Fmedia&parent=54081"}],"wp:term":[{"taxonomy":"category","embeddable":true,"href":"https:\/\/informativoelvalledeaguascalientes.online\/index.php?rest_route=%2Fwp%2Fv2%2Fcategories&post=54081"},{"taxonomy":"post_tag","embeddable":true,"href":"https:\/\/informativoelvalledeaguascalientes.online\/index.php?rest_route=%2Fwp%2Fv2%2Ftags&post=54081"}],"curies":[{"name":"wp","href":"https:\/\/api.w.org\/{rel}","templated":true}]}}