{"id":53981,"date":"2024-03-15T17:33:23","date_gmt":"2024-03-15T23:33:23","guid":{"rendered":"https:\/\/informativoelvalledeaguascalientes.online\/?p=53981"},"modified":"2024-03-15T17:33:23","modified_gmt":"2024-03-15T23:33:23","slug":"inaugura-tere-jimenez-congreso-nacional-de-tribunales-de-justicia-administrativa-en-aguascalientes","status":"publish","type":"post","link":"https:\/\/informativoelvalledeaguascalientes.online\/?p=53981","title":{"rendered":"INAUGURA TERE JIM\u00c9NEZ CONGRESO NACIONAL DE TRIBUNALES DE JUSTICIA ADMINISTRATIVA EN AGUASCALIENTES"},"content":{"rendered":"<p><strong><a href=\"https:\/\/www.facebook.com\/hashtag\/informativoelvalledeaguascalientes\">#informativoelvalledeaguascalientes<\/a><\/strong><\/p>\n<p><strong><a href=\"https:\/\/www.facebook.com\/hashtag\/novaradioaguascalientes\">#novaradioaguascalientes<\/a><\/strong><\/p>\n<p>#informativoelvalledeaguascalientesll<\/p>\n<p><strong><a href=\"https:\/\/www.facebook.com\/GobiernodeAguascalientes\">#ElGiganteDeMexico<\/a><\/strong><\/p>\n<p>&nbsp;<\/p>\n<p>&nbsp;<\/p>\n<div class=\"\" data-mesh-id=\"comp-l7sh9ubr2inlineContent\" data-testid=\"inline-content\">\n<div data-mesh-id=\"comp-l7sh9ubr2inlineContent-gridContainer\" data-testid=\"mesh-container-content\">\n<div id=\"comp-l7sh9ubx\" class=\"TWFxr5 \">\n<div class=\"comp-l7sh9ubx\">\n<div class=\"siSdJK4 comp-l7sh9ubx\" data-hook=\"ricosviewer-wrapper\">\n<div class=\"U4I07\" dir=\"ltr\" data-id=\"content-viewer\">\n<div class=\"hl-xW\">\n<div>\n<p id=\"viewer-foo\" class=\"-Zro6 -ZADH vVfzz AnCKd _57WYp\"><span class=\"d0767 vVfzz\">Al inaugurar el Congreso Nacional de la Asociaci\u00f3n Mexicana de Magistradas y Magistrados de Tribunales de Justicia Administrativa que se llev\u00f3 a cabo en esta entidad, la gobernadora Tere Jim\u00e9nez dijo que en Aguascalientes se trabaja para dar cumplimiento a la promesa social de tener un estado con justicia pronta, imparcial, gratuita y para todos: \u201cEsa es nuestra convicci\u00f3n y tambi\u00e9n nuestro compromiso\u201d, subray\u00f3.<\/span><\/p>\n<div id=\"viewer-r96gp134\" class=\"-Zro6 -ZADH vVfzz _57WYp\"><span class=\"d0767 vVfzz\">\u00a0<\/span><\/div>\n<p id=\"viewer-i1uo4135\" class=\"-Zro6 -ZADH vVfzz AnCKd _57WYp\"><span class=\"d0767 vVfzz\">Ante la presencia de Yasm\u00edn Esquivel Mossa, ministra de la Suprema Corte de Justicia de la Naci\u00f3n, la gobernadora sostuvo que los tribunales de justicia administrativa aportan a la consolidaci\u00f3n de un pleno estado de derecho, ya que a trav\u00e9s de ellos se disminuyen y agilizan los procesos, lo que garantiza al ciudadano acceder a una justicia \u00e1gil, transparente, moderna y eficiente.<\/span><\/p>\n<div id=\"viewer-ts8k2137\" class=\"-Zro6 -ZADH IjV6v _57WYp\"><span class=\"d0767\">\u00a0<\/span><\/div>\n<p id=\"viewer-3fpsa138\" class=\"-Zro6 -ZADH vVfzz AnCKd _57WYp\"><span class=\"d0767 vVfzz\">\u201cAguascalientes est\u00e1 a la vanguardia en el compromiso de consolidar instituciones s\u00f3lidas y garantizar un pleno acceso a la justicia. Aqu\u00ed actuamos en pleno respeto a la divisi\u00f3n de Poderes, con un claro sentido de responsabilidad y con una actitud de escucha, colaboraci\u00f3n, di\u00e1logo y servicio porque nos interesa que las personas hagan v\u00e1lido su derecho a la correcta y debida aplicaci\u00f3n de la ley; la justicia es elemento indispensable para el desarrollo y la convivencia pac\u00edfica que garantiza el bienestar de la sociedad y el respeto a sus derechos y libertades\u201d, destac\u00f3 Tere Jim\u00e9nez.<\/span><\/p>\n<div id=\"viewer-xtvrq140\" class=\"-Zro6 -ZADH IjV6v _57WYp\"><span class=\"d0767\">\u00a0<\/span><\/div>\n<p id=\"viewer-m842k141\" class=\"-Zro6 -ZADH vVfzz AnCKd _57WYp\"><span class=\"d0767 vVfzz\">En su intervenci\u00f3n, la ministra de la Suprema Corte de Justicia de la Naci\u00f3n indic\u00f3 que la presencia de la gobernadora Tere Jim\u00e9nez en este congreso refrenda su compromiso de estar al lado de la justicia.<\/span><\/p>\n<div id=\"viewer-rwehl143\" class=\"-Zro6 -ZADH IjV6v _57WYp\"><span class=\"d0767\">\u00a0<\/span><\/div>\n<p id=\"viewer-eac4l144\" class=\"-Zro6 -ZADH vVfzz AnCKd _57WYp\"><span class=\"d0767 vVfzz\">\u201cSu larga trayectoria en el servicio p\u00fablico, no obstante su juventud, revela su vocaci\u00f3n y estatura pol\u00edtica; es usted aut\u00e9ntico ejemplo de que las mujeres estamos preparadas para el ejercicio de los cargos p\u00fablicos de poder y decisi\u00f3n, que poseemos el talento, el car\u00e1cter y la sensibilidad para ello, que en ese ejercicio cumplimos con particular disposici\u00f3n a la construcci\u00f3n de sociedades aut\u00e9nticamente democr\u00e1ticas. Se\u00f1ora gobernadora, usted es un ejemplo de ello, muchas gracias por estar aqu\u00ed\u201d, subray\u00f3 la ministra.\u00a0<\/span><\/p>\n<div id=\"viewer-9spia146\" class=\"-Zro6 -ZADH IjV6v _57WYp\"><span class=\"d0767\">\u00a0<\/span><\/div>\n<p id=\"viewer-o66tn147\" class=\"-Zro6 -ZADH vVfzz AnCKd _57WYp\"><span class=\"d0767 vVfzz\">Por su parte, Fany Lorena Jim\u00e9nez Aguirre, magistrada presidenta de la Asociaci\u00f3n Mexicana de Magistradas y Magistrados de Tribunales de Justicia Administrativa,\u00a0 felicit\u00f3 a la gobernadora Tere Jim\u00e9nez por impulsar la creaci\u00f3n del Tribunal de Justicia Administrativa de Aguascalientes y agradeci\u00f3 la anfitrion\u00eda y las facilidades para llevar a cabo este evento en la entidad.<\/span><\/p>\n<div id=\"viewer-vdhvc149\" class=\"-Zro6 -ZADH IjV6v _57WYp\"><span class=\"d0767\">\u00a0<\/span><\/div>\n<p id=\"viewer-9ql1c150\" class=\"-Zro6 -ZADH vVfzz AnCKd _57WYp\"><span class=\"d0767 vVfzz\">Jaime Gerardo Beltr\u00e1n Mart\u00ednez, magistrado presidente del Tribunal de Justicia Administrativa del Estado de Aguascalientes, dio la bienvenida a los participantes e indic\u00f3 que este congreso permitir\u00e1 compartir experiencias, conocimientos y mejores pr\u00e1cticas en el campo de la justicia administrativa, lo que a su vez fortalecer\u00e1 sus lazos profesionales para construir un futuro m\u00e1s s\u00f3lido para esta importante rama del derecho.<\/span><\/p>\n<div id=\"viewer-retba152\" class=\"-Zro6 -ZADH IjV6v _57WYp\"><span class=\"d0767\">\u00a0<\/span><\/div>\n<p id=\"viewer-xzwf4153\" class=\"-Zro6 -ZADH vVfzz AnCKd _57WYp\"><span class=\"d0767 vVfzz\">Durante el evento, la gobernadora Tere Jim\u00e9nez firm\u00f3 como testigo de honor un par de convenios de colaboraci\u00f3n entre la Asociaci\u00f3n Mexicana de Magistradas y Magistrados de Tribunales de Justicia Administrativa y el Tribunal Federal de Justicia Administrativa.<\/span><\/p>\n<div id=\"viewer-0i65g155\" class=\"-Zro6 -ZADH IjV6v _57WYp\"><\/div>\n<\/div>\n<\/div>\n<\/div>\n<\/div>\n<\/div>\n<\/div>\n<\/div>\n<\/div>\n","protected":false},"excerpt":{"rendered":"<p>#informativoelvalledeaguascalientes #novaradioaguascalientes #informativoelvalledeaguascalientesll #ElGiganteDeMexico &nbsp; &nbsp; Al inaugurar el Congreso Nacional de la Asociaci\u00f3n Mexicana de Magistradas y Magistrados de Tribunales de Justicia Administrativa que se llev\u00f3 a cabo en esta entidad, la gobernadora Tere Jim\u00e9nez dijo que en Aguascalientes se trabaja para dar cumplimiento a la promesa social de tener un estado con justicia [&hellip;]<\/p>\n","protected":false},"author":1,"featured_media":53983,"comment_status":"closed","ping_status":"open","sticky":false,"template":"","format":"standard","meta":{"advanced_seo_description":"","jetpack_seo_html_title":"","jetpack_seo_noindex":false,"_jetpack_memberships_contains_paid_content":false,"footnotes":"","jetpack_publicize_message":"","jetpack_publicize_feature_enabled":true,"jetpack_social_post_already_shared":true,"jetpack_social_options":{"image_generator_settings":{"template":"highway","default_image_id":0,"font":"","enabled":false},"version":2}},"categories":[21,4],"tags":[22,615,320],"class_list":["post-53981","post","type-post","status-publish","format-standard","has-post-thumbnail","hentry","category-aguascalientes","category-gobierno-del-estado-aguascalientes","tag-aguascalientes","tag-gobierno-del-estado-de-aguascalientes","tag-tere-jimenez"],"jetpack_publicize_connections":[],"jetpack_featured_media_url":"https:\/\/i0.wp.com\/informativoelvalledeaguascalientes.online\/wp-content\/uploads\/2024\/03\/IMG_5105.JPG.jpg?fit=1024%2C527&ssl=1","jetpack-related-posts":[],"jetpack_sharing_enabled":true,"jetpack_likes_enabled":true,"_links":{"self":[{"href":"https:\/\/informativoelvalledeaguascalientes.online\/index.php?rest_route=\/wp\/v2\/posts\/53981","targetHints":{"allow":["GET"]}}],"collection":[{"href":"https:\/\/informativoelvalledeaguascalientes.online\/index.php?rest_route=\/wp\/v2\/posts"}],"about":[{"href":"https:\/\/informativoelvalledeaguascalientes.online\/index.php?rest_route=\/wp\/v2\/types\/post"}],"author":[{"embeddable":true,"href":"https:\/\/informativoelvalledeaguascalientes.online\/index.php?rest_route=\/wp\/v2\/users\/1"}],"replies":[{"embeddable":true,"href":"https:\/\/informativoelvalledeaguascalientes.online\/index.php?rest_route=%2Fwp%2Fv2%2Fcomments&post=53981"}],"version-history":[{"count":1,"href":"https:\/\/informativoelvalledeaguascalientes.online\/index.php?rest_route=\/wp\/v2\/posts\/53981\/revisions"}],"predecessor-version":[{"id":53984,"href":"https:\/\/informativoelvalledeaguascalientes.online\/index.php?rest_route=\/wp\/v2\/posts\/53981\/revisions\/53984"}],"wp:featuredmedia":[{"embeddable":true,"href":"https:\/\/informativoelvalledeaguascalientes.online\/index.php?rest_route=\/wp\/v2\/media\/53983"}],"wp:attachment":[{"href":"https:\/\/informativoelvalledeaguascalientes.online\/index.php?rest_route=%2Fwp%2Fv2%2Fmedia&parent=53981"}],"wp:term":[{"taxonomy":"category","embeddable":true,"href":"https:\/\/informativoelvalledeaguascalientes.online\/index.php?rest_route=%2Fwp%2Fv2%2Fcategories&post=53981"},{"taxonomy":"post_tag","embeddable":true,"href":"https:\/\/informativoelvalledeaguascalientes.online\/index.php?rest_route=%2Fwp%2Fv2%2Ftags&post=53981"}],"curies":[{"name":"wp","href":"https:\/\/api.w.org\/{rel}","templated":true}]}}