{"id":53973,"date":"2024-03-15T17:19:19","date_gmt":"2024-03-15T23:19:19","guid":{"rendered":"https:\/\/informativoelvalledeaguascalientes.online\/?p=53973"},"modified":"2024-03-15T17:19:19","modified_gmt":"2024-03-15T23:19:19","slug":"se-reune-tere-jimenez-con-la-asociacion-aguascalientes-gran-vision","status":"publish","type":"post","link":"https:\/\/informativoelvalledeaguascalientes.online\/?p=53973","title":{"rendered":"SE RE\u00daNE TERE JIM\u00c9NEZ CON LA ASOCIACI\u00d3N AGUASCALIENTES GRAN VISI\u00d3N"},"content":{"rendered":"<p><strong><a href=\"https:\/\/www.facebook.com\/hashtag\/informativoelvalledeaguascalientes\">#informativoelvalledeaguascalientes<\/a><\/strong><\/p>\n<p><strong><a href=\"https:\/\/www.facebook.com\/hashtag\/novaradioaguascalientes\">#novaradioaguascalientes<\/a><\/strong><\/p>\n<p>#informativoelvalledeaguascalientesll<\/p>\n<p><strong><a href=\"https:\/\/www.facebook.com\/GobiernodeAguascalientes\">#ElGiganteDeMexico<\/a><\/strong><\/p>\n<p>&nbsp;<\/p>\n<p>&nbsp;<\/p>\n<div id=\"bgLayers_comp-l7sh9ubr2\" class=\"MW5IWV\" data-hook=\"bgLayers\" data-motion-part=\"BG_LAYER\">\n<div id=\"bgMedia_comp-l7sh9ubr2\" class=\"VgO9Yg\" data-motion-part=\"BG_MEDIA\">La gobernadora Tere Jim\u00e9nez asisti\u00f3 a la sesi\u00f3n del Consejo Directivo de la Asociaci\u00f3n Aguascalientes Gran Visi\u00f3n A.C., donde refrend\u00f3 su compromiso de trabajar hombro a hombro con la sociedad civil para realizar acciones a favor de la poblaci\u00f3n y del estado.<\/div>\n<\/div>\n<div class=\"\" data-mesh-id=\"comp-l7sh9ubr2inlineContent\" data-testid=\"inline-content\">\n<div data-mesh-id=\"comp-l7sh9ubr2inlineContent-gridContainer\" data-testid=\"mesh-container-content\">\n<div id=\"comp-l7sh9ubx\" class=\"TWFxr5 \">\n<div class=\"comp-l7sh9ubx\">\n<div class=\"siSdJK4 comp-l7sh9ubx\" data-hook=\"ricosviewer-wrapper\">\n<div class=\"U4I07\" dir=\"ltr\" data-id=\"content-viewer\">\n<div class=\"hl-xW\">\n<div id=\"viewer-fptw5153\" class=\"-Zro6 -ZADH vVfzz _57WYp\"><span class=\"d0767 vVfzz\">\u00a0<\/span><\/div>\n<p id=\"viewer-kaqiz135\" class=\"-Zro6 -ZADH vVfzz AnCKd _57WYp\"><span class=\"d0767 vVfzz\">\u201cSeguiremos trabajando de la mano con la sociedad civil para juntos seguir manteniendo al estado como un referente nacional y para seguir brindando a las y los ciudadanos herramientas que les permitan acceder a una mejor calidad de vida\u201d, mencion\u00f3 la gobernadora.<\/span><\/p>\n<div id=\"viewer-1j8gk159\" class=\"-Zro6 -ZADH vVfzz _57WYp\"><span class=\"d0767 vVfzz\">\u00a0<\/span><\/div>\n<p id=\"viewer-by04g137\" class=\"-Zro6 -ZADH vVfzz AnCKd _57WYp\"><span class=\"d0767 vVfzz\">Durante la sesi\u00f3n, los integrantes de Gran Visi\u00f3n presentaron el proyecto \u201cFortalecimiento del Tejido Social en La Ribera\u201d, donde se implementan acciones en temas como educaci\u00f3n, alimentaci\u00f3n, econom\u00eda e infraestructura, entre otros rubros, con lo que se busca evitar que las ni\u00f1as y ni\u00f1os caigan en malas pr\u00e1cticas y mejorar as\u00ed la calidad de vida de los habitantes de esa zona.<\/span><\/p>\n<div id=\"viewer-nmcll171\" class=\"-Zro6 -ZADH vVfzz _57WYp\"><span class=\"d0767 vVfzz\">\u00a0<\/span><\/div>\n<p id=\"viewer-l6u4o139\" class=\"-Zro6 -ZADH vVfzz AnCKd _57WYp\"><span class=\"d0767 vVfzz\">Finalmente, el coordinador general de Gran Visi\u00f3n A.C., Jos\u00e9 Guadalupe L\u00f3pez Valdivia, agradeci\u00f3 a la gobernadora por asistir a su sesi\u00f3n y por tener un gobierno cercano a la gente y que escucha a toda la sociedad, pero sobre todo por impulsar pol\u00edticas p\u00fablicas que hacen del estado un lugar seguro y en continuo desarrollo.<\/span><\/p>\n<\/div>\n<\/div>\n<\/div>\n<\/div>\n<\/div>\n<\/div>\n<\/div>\n","protected":false},"excerpt":{"rendered":"<p>#informativoelvalledeaguascalientes #novaradioaguascalientes #informativoelvalledeaguascalientesll #ElGiganteDeMexico &nbsp; &nbsp; La gobernadora Tere Jim\u00e9nez asisti\u00f3 a la sesi\u00f3n del Consejo Directivo de la Asociaci\u00f3n Aguascalientes Gran Visi\u00f3n A.C., donde refrend\u00f3 su compromiso de trabajar hombro a hombro con la sociedad civil para realizar acciones a favor de la poblaci\u00f3n y del estado. \u00a0 \u201cSeguiremos trabajando de la mano con [&hellip;]<\/p>\n","protected":false},"author":1,"featured_media":53975,"comment_status":"closed","ping_status":"open","sticky":false,"template":"","format":"standard","meta":{"advanced_seo_description":"","jetpack_seo_html_title":"","jetpack_seo_noindex":false,"_jetpack_memberships_contains_paid_content":false,"footnotes":"","jetpack_publicize_message":"","jetpack_publicize_feature_enabled":true,"jetpack_social_post_already_shared":true,"jetpack_social_options":{"image_generator_settings":{"template":"highway","default_image_id":0,"font":"","enabled":false},"version":2}},"categories":[21,4],"tags":[22,615,320],"class_list":["post-53973","post","type-post","status-publish","format-standard","has-post-thumbnail","hentry","category-aguascalientes","category-gobierno-del-estado-aguascalientes","tag-aguascalientes","tag-gobierno-del-estado-de-aguascalientes","tag-tere-jimenez"],"jetpack_publicize_connections":[],"jetpack_featured_media_url":"https:\/\/i0.wp.com\/informativoelvalledeaguascalientes.online\/wp-content\/uploads\/2024\/03\/WhatsApp-Image-2024-03-15-at-1.07.54-PM.jpeg?fit=1600%2C670&ssl=1","jetpack-related-posts":[],"jetpack_sharing_enabled":true,"jetpack_likes_enabled":true,"_links":{"self":[{"href":"https:\/\/informativoelvalledeaguascalientes.online\/index.php?rest_route=\/wp\/v2\/posts\/53973","targetHints":{"allow":["GET"]}}],"collection":[{"href":"https:\/\/informativoelvalledeaguascalientes.online\/index.php?rest_route=\/wp\/v2\/posts"}],"about":[{"href":"https:\/\/informativoelvalledeaguascalientes.online\/index.php?rest_route=\/wp\/v2\/types\/post"}],"author":[{"embeddable":true,"href":"https:\/\/informativoelvalledeaguascalientes.online\/index.php?rest_route=\/wp\/v2\/users\/1"}],"replies":[{"embeddable":true,"href":"https:\/\/informativoelvalledeaguascalientes.online\/index.php?rest_route=%2Fwp%2Fv2%2Fcomments&post=53973"}],"version-history":[{"count":1,"href":"https:\/\/informativoelvalledeaguascalientes.online\/index.php?rest_route=\/wp\/v2\/posts\/53973\/revisions"}],"predecessor-version":[{"id":53976,"href":"https:\/\/informativoelvalledeaguascalientes.online\/index.php?rest_route=\/wp\/v2\/posts\/53973\/revisions\/53976"}],"wp:featuredmedia":[{"embeddable":true,"href":"https:\/\/informativoelvalledeaguascalientes.online\/index.php?rest_route=\/wp\/v2\/media\/53975"}],"wp:attachment":[{"href":"https:\/\/informativoelvalledeaguascalientes.online\/index.php?rest_route=%2Fwp%2Fv2%2Fmedia&parent=53973"}],"wp:term":[{"taxonomy":"category","embeddable":true,"href":"https:\/\/informativoelvalledeaguascalientes.online\/index.php?rest_route=%2Fwp%2Fv2%2Fcategories&post=53973"},{"taxonomy":"post_tag","embeddable":true,"href":"https:\/\/informativoelvalledeaguascalientes.online\/index.php?rest_route=%2Fwp%2Fv2%2Ftags&post=53973"}],"curies":[{"name":"wp","href":"https:\/\/api.w.org\/{rel}","templated":true}]}}