{"id":53779,"date":"2024-03-09T19:44:22","date_gmt":"2024-03-10T01:44:22","guid":{"rendered":"https:\/\/informativoelvalledeaguascalientes.online\/?p=53779"},"modified":"2024-03-09T19:44:22","modified_gmt":"2024-03-10T01:44:22","slug":"invita-municipio-de-aguascalientes-a-participar-en-la-primera-muestra-infantil-de-cuento-corto","status":"publish","type":"post","link":"https:\/\/informativoelvalledeaguascalientes.online\/?p=53779","title":{"rendered":"INVITA MUNICIPIO DE AGUASCALIENTES A PARTICIPAR EN LA PRIMERA MUESTRA INFANTIL DE CUENTO CORTO"},"content":{"rendered":"<p><strong><a href=\"https:\/\/www.facebook.com\/hashtag\/informativoelvalledeaguascalientes\">#informativoelvalledeaguascalientes<\/a><\/strong><\/p>\n<p><strong><a href=\"https:\/\/www.facebook.com\/hashtag\/novaradioaguascalientes\">#novaradioaguascalientes<\/a><\/strong><\/p>\n<p><strong><a class=\"x1i10hfl xjbqb8w x6umtig x1b1mbwd xaqea5y xav7gou x9f619 x1ypdohk xt0psk2 xe8uvvx xdj266r x11i5rnm xat24cr x1mh8g0r xexx8yu x4uap5 x18d9i69 xkhd6sd x16tdsg8 x1hl2dhg xggy1nq x1a2a7pz xt0b8zv x1qq9wsj xo1l8bm\" tabindex=\"0\" role=\"link\" href=\"https:\/\/www.facebook.com\/hashtag\/laciudaddetuvida?__eep__=6&amp;__cft__[0]=AZVUzG-uzEgkHBxlWi4clX4-qXx_nfGicugdShvx3oYxvDeUIl1My5bfFXiXTmVU7O9FCNwHdVuQiVqIjO99-u7dxeUq1S3CqcB1PNpBXLQtm-Q1JLiRFFX8c4SEMe3VqRRgSs9kS8-Ajp6HnW6ebLd3GeB3j-SCsEGrTUVXz1WdbDeQs8bs0Dry33nLaV6fVU4&amp;__tn__=*NK-R\">#LaCiudadDeTuVida<\/a><\/strong><\/p>\n<p>#informativoelvalledeaguascalientesll<\/p>\n<p>&nbsp;<\/p>\n<p>&nbsp;<\/p>\n<ul>\n<li><strong>Ni\u00f1as y ni\u00f1os de 7 a 11 a\u00f1os de edad tienen como fecha l\u00edmite el 25 de marzo para presentar sus cuentos<\/strong><\/li>\n<\/ul>\n<p>El Municipio de Aguascalientes a trav\u00e9s del Instituto de Convivencia y Desarrollo L\u00ednea Verde, invita a participar en la Primera Muestra Infantil de Cuento Corto, a trav\u00e9s de la cual se promueve la lectoescritura en ni\u00f1as y ni\u00f1os de Aguascalientes y se inculca la responsabilidad del cuidado de las mascotas fuera y dentro de casa.<\/p>\n<p>La convocatoria va dirigida a ni\u00f1as y ni\u00f1os de 7 a 11 a\u00f1os de edad, quienes tienen como fecha l\u00edmite el lunes 25 de marzo para presentar sus cuentos.<\/p>\n<p>El cuento deber\u00e1 tener como tema principal el cuidado de las mascotas y podr\u00e1n relacionarse temas como la solidaridad, compa\u00f1erismo, empat\u00eda, cuidado del medio ambiente o cualquier otro tema que sume a la creaci\u00f3n de valores relacionados al cuidado de los animales y el entorno.<\/p>\n<p>Los trabajos deber\u00e1n enviarse al Facebook del Instituto de Convivencia y Desarrollo L\u00ednea Verde por inbox o al WhatsApp 449 805 45 75.<\/p>\n<p>El resultado se dar\u00e1 a conocer el domingo 31 de marzo y se har\u00e1 una menci\u00f3n honor\u00edfica a tres cuentos de acuerdo a la decisi\u00f3n de especialistas en el tema, los cuales ser\u00e1n le\u00eddos como parte de las actividades del Festival de la Ni\u00f1ez que se realizar\u00e1 en L\u00ednea Verde del 31 de marzo al 7 de abril.<\/p>\n<p>Para mayor informaci\u00f3n, se pueden consultar las bases en la convocatoria vigente en redes sociales del Municipio de Aguascalientes.<\/p>\n<p>&nbsp;<\/p>\n<div id=\"gallery-2\" class=\"gallery galleryid-74144 gallery-columns-3 gallery-size-opinion-d\"><\/div>\n","protected":false},"excerpt":{"rendered":"<p>#informativoelvalledeaguascalientes #novaradioaguascalientes #LaCiudadDeTuVida #informativoelvalledeaguascalientesll &nbsp; &nbsp; Ni\u00f1as y ni\u00f1os de 7 a 11 a\u00f1os de edad tienen como fecha l\u00edmite el 25 de marzo para presentar sus cuentos El Municipio de Aguascalientes a trav\u00e9s del Instituto de Convivencia y Desarrollo L\u00ednea Verde, invita a participar en la Primera Muestra Infantil de Cuento Corto, a trav\u00e9s [&hellip;]<\/p>\n","protected":false},"author":1,"featured_media":53781,"comment_status":"closed","ping_status":"open","sticky":false,"template":"","format":"standard","meta":{"advanced_seo_description":"","jetpack_seo_html_title":"","jetpack_seo_noindex":false,"_jetpack_memberships_contains_paid_content":false,"footnotes":"","jetpack_publicize_message":"","jetpack_publicize_feature_enabled":true,"jetpack_social_post_already_shared":true,"jetpack_social_options":{"image_generator_settings":{"template":"highway","default_image_id":0,"font":"","enabled":false},"version":2}},"categories":[21,3],"tags":[22,613,25],"class_list":["post-53779","post","type-post","status-publish","format-standard","has-post-thumbnail","hentry","category-aguascalientes","category-municipio-aguascalientes","tag-aguascalientes","tag-instituto-de-convivencia-y-desarrollo-linea-verde","tag-mpio-aguascalientes"],"jetpack_publicize_connections":[],"jetpack_featured_media_url":"https:\/\/i0.wp.com\/informativoelvalledeaguascalientes.online\/wp-content\/uploads\/2024\/03\/WhatsApp-Image-2024-03-07-at-13.45.42.jpeg?fit=1192%2C1600&ssl=1","jetpack-related-posts":[],"jetpack_sharing_enabled":true,"jetpack_likes_enabled":true,"_links":{"self":[{"href":"https:\/\/informativoelvalledeaguascalientes.online\/index.php?rest_route=\/wp\/v2\/posts\/53779","targetHints":{"allow":["GET"]}}],"collection":[{"href":"https:\/\/informativoelvalledeaguascalientes.online\/index.php?rest_route=\/wp\/v2\/posts"}],"about":[{"href":"https:\/\/informativoelvalledeaguascalientes.online\/index.php?rest_route=\/wp\/v2\/types\/post"}],"author":[{"embeddable":true,"href":"https:\/\/informativoelvalledeaguascalientes.online\/index.php?rest_route=\/wp\/v2\/users\/1"}],"replies":[{"embeddable":true,"href":"https:\/\/informativoelvalledeaguascalientes.online\/index.php?rest_route=%2Fwp%2Fv2%2Fcomments&post=53779"}],"version-history":[{"count":1,"href":"https:\/\/informativoelvalledeaguascalientes.online\/index.php?rest_route=\/wp\/v2\/posts\/53779\/revisions"}],"predecessor-version":[{"id":53782,"href":"https:\/\/informativoelvalledeaguascalientes.online\/index.php?rest_route=\/wp\/v2\/posts\/53779\/revisions\/53782"}],"wp:featuredmedia":[{"embeddable":true,"href":"https:\/\/informativoelvalledeaguascalientes.online\/index.php?rest_route=\/wp\/v2\/media\/53781"}],"wp:attachment":[{"href":"https:\/\/informativoelvalledeaguascalientes.online\/index.php?rest_route=%2Fwp%2Fv2%2Fmedia&parent=53779"}],"wp:term":[{"taxonomy":"category","embeddable":true,"href":"https:\/\/informativoelvalledeaguascalientes.online\/index.php?rest_route=%2Fwp%2Fv2%2Fcategories&post=53779"},{"taxonomy":"post_tag","embeddable":true,"href":"https:\/\/informativoelvalledeaguascalientes.online\/index.php?rest_route=%2Fwp%2Fv2%2Ftags&post=53779"}],"curies":[{"name":"wp","href":"https:\/\/api.w.org\/{rel}","templated":true}]}}