{"id":53766,"date":"2024-03-09T19:21:23","date_gmt":"2024-03-10T01:21:23","guid":{"rendered":"https:\/\/informativoelvalledeaguascalientes.online\/?p=53766"},"modified":"2024-03-09T19:21:23","modified_gmt":"2024-03-10T01:21:23","slug":"preside-aguascalientes-asociacion-mexicana-de-autoridades-de-movilidad","status":"publish","type":"post","link":"https:\/\/informativoelvalledeaguascalientes.online\/?p=53766","title":{"rendered":"PRESIDE AGUASCALIENTES ASOCIACI\u00d3N MEXICANA DE AUTORIDADES DE MOVILIDAD"},"content":{"rendered":"<p><strong><a href=\"https:\/\/www.facebook.com\/hashtag\/informativoelvalledeaguascalientes\">#informativoelvalledeaguascalientes<\/a><\/strong><\/p>\n<p><strong><a href=\"https:\/\/www.facebook.com\/hashtag\/novaradioaguascalientes\">#novaradioaguascalientes<\/a><\/strong><\/p>\n<p>#informativoelvalledeaguascalientesll<\/p>\n<p><strong><a href=\"https:\/\/www.facebook.com\/GobiernodeAguascalientes\">#ElGiganteDeMexico<\/a><\/strong><\/p>\n<p>&nbsp;<\/p>\n<p>&nbsp;<\/p>\n<ul class=\"xErDo AnCKd\">\n<li class=\"_04hd2 vVfzz\" dir=\"auto\">\n<div>\n<p id=\"viewer-foo\" class=\"-Zro6 -ZADH vVfzz AnCKd _57WYp\"><span class=\"d0767 vVfzz\"><strong><em>A trav\u00e9s de la CMOV, el estado presidir\u00e1 este organismo durante el periodo 2024-2025<\/em><\/strong><\/span><\/p>\n<\/div>\n<\/li>\n<li class=\"_04hd2 vVfzz\" dir=\"auto\">\n<div>\n<p id=\"viewer-laprb112\" class=\"-Zro6 -ZADH vVfzz AnCKd _57WYp\"><span class=\"d0767 vVfzz\"><strong><em>Se impulsar\u00e1n la regulaci\u00f3n y seguridad vial, as\u00ed como mejoras en esquemas de transporte p\u00fablico<\/em><\/strong><\/span><\/p>\n<\/div>\n<\/li>\n<\/ul>\n<div id=\"viewer-qpvc1114\" class=\"-Zro6 -ZADH vVfzz _57WYp\"><span class=\"d0767 vVfzz\">\u00a0<\/span><\/div>\n<p id=\"viewer-ggpsb115\" class=\"-Zro6 -ZADH vVfzz AnCKd _57WYp\"><span class=\"d0767 vVfzz\">Aguascalientes asumi\u00f3 la presidencia de la Asociaci\u00f3n Mexicana de Autoridades de Movilidad (AMAM) para el periodo 2024-2025; durante los pr\u00f3ximos dos a\u00f1os se coordinar\u00e1n los trabajos que las autoridades de movilidad realicen en los diferentes estados del pa\u00eds.\u00a0<\/span><\/p>\n<div id=\"viewer-jktq0145\" class=\"-Zro6 -ZADH vVfzz _57WYp\"><span class=\"d0767 vVfzz\">\u00a0<\/span><\/div>\n<p id=\"viewer-6w457117\" class=\"-Zro6 -ZADH vVfzz AnCKd _57WYp\"><span class=\"d0767 vVfzz\">A trav\u00e9s de la Coordinaci\u00f3n General de Movilidad de Aguascalientes (CMOV) se trabajar\u00e1 en temas referentes al dise\u00f1o de la v\u00eda p\u00fablica, el servicio de las distintas modalidades de transporte p\u00fablico y las normativas aplicables.<\/span><\/p>\n<div id=\"viewer-k6ki0154\" class=\"-Zro6 -ZADH vVfzz _57WYp\"><span class=\"d0767 vVfzz\">\u00a0<\/span><\/div>\n<p id=\"viewer-85y0h119\" class=\"-Zro6 -ZADH vVfzz AnCKd _57WYp\"><span class=\"d0767 vVfzz\">La mesa directiva est\u00e1 encabezada por el titular de la CMOV de Aguascalientes; tambi\u00e9n la integran funcionarios de la Secretar\u00eda de Desarrollo Urbano y Movilidad del Gobierno de Michoac\u00e1n, as\u00ed como de la Agencia de Transporte de Yucat\u00e1n.<\/span><\/p>\n<div id=\"viewer-rqxcf163\" class=\"-Zro6 -ZADH vVfzz _57WYp\"><span class=\"d0767 vVfzz\">\u00a0<\/span><\/div>\n<p id=\"viewer-fx25f121\" class=\"-Zro6 -ZADH vVfzz AnCKd _57WYp\"><span class=\"d0767 vVfzz\">El objetivo es impulsar una movilidad eficiente para garantizar el acceso de las personas a diversos derechos, como acudir a sus escuelas, desplazarse a sus centros de trabajo, atenderse en un centro de salud o divertirse con sus seres queridos en un centro recreativo.<\/span><\/p>\n<div id=\"viewer-maxaq172\" class=\"-Zro6 -ZADH vVfzz _57WYp\"><span class=\"d0767 vVfzz\">\u00a0<\/span><\/div>\n<p id=\"viewer-i08ie123\" class=\"-Zro6 -ZADH vVfzz AnCKd _57WYp\"><span class=\"d0767 vVfzz\">La nueva mesa directiva de la AMAM tambi\u00e9n promover\u00e1 estrategias para contribuir a la disminuci\u00f3n de accidentes de tr\u00e1nsito, resguardando la seguridad de los peatones y ciclistas; mejorar la se\u00f1alizaci\u00f3n y regulaci\u00f3n vial; as\u00ed como promover la creaci\u00f3n de un centro estad\u00edstico que concentre informaci\u00f3n relacionada con el transporte p\u00fablico, a fin de que las autoridades encargadas del tema de movilidad puedan consultarlo para la toma de decisiones.<\/span><\/p>\n","protected":false},"excerpt":{"rendered":"<p>#informativoelvalledeaguascalientes #novaradioaguascalientes #informativoelvalledeaguascalientesll #ElGiganteDeMexico &nbsp; &nbsp; A trav\u00e9s de la CMOV, el estado presidir\u00e1 este organismo durante el periodo 2024-2025 Se impulsar\u00e1n la regulaci\u00f3n y seguridad vial, as\u00ed como mejoras en esquemas de transporte p\u00fablico \u00a0 Aguascalientes asumi\u00f3 la presidencia de la Asociaci\u00f3n Mexicana de Autoridades de Movilidad (AMAM) para el periodo 2024-2025; durante los [&hellip;]<\/p>\n","protected":false},"author":1,"featured_media":53768,"comment_status":"closed","ping_status":"open","sticky":false,"template":"","format":"standard","meta":{"advanced_seo_description":"","jetpack_seo_html_title":"","jetpack_seo_noindex":false,"_jetpack_memberships_contains_paid_content":false,"footnotes":"","jetpack_publicize_message":"","jetpack_publicize_feature_enabled":true,"jetpack_social_post_already_shared":true,"jetpack_social_options":{"image_generator_settings":{"template":"highway","default_image_id":0,"font":"","enabled":false},"version":2}},"categories":[21,4],"tags":[22,53,615],"class_list":["post-53766","post","type-post","status-publish","format-standard","has-post-thumbnail","hentry","category-aguascalientes","category-gobierno-del-estado-aguascalientes","tag-aguascalientes","tag-cmov","tag-gobierno-del-estado-de-aguascalientes"],"jetpack_publicize_connections":[],"jetpack_featured_media_url":"https:\/\/i0.wp.com\/informativoelvalledeaguascalientes.online\/wp-content\/uploads\/2024\/03\/WhatsApp-Image-2024-03-09-at-9.21.07-AM-1.jpeg?fit=1600%2C1066&ssl=1","jetpack-related-posts":[],"jetpack_sharing_enabled":true,"jetpack_likes_enabled":true,"_links":{"self":[{"href":"https:\/\/informativoelvalledeaguascalientes.online\/index.php?rest_route=\/wp\/v2\/posts\/53766","targetHints":{"allow":["GET"]}}],"collection":[{"href":"https:\/\/informativoelvalledeaguascalientes.online\/index.php?rest_route=\/wp\/v2\/posts"}],"about":[{"href":"https:\/\/informativoelvalledeaguascalientes.online\/index.php?rest_route=\/wp\/v2\/types\/post"}],"author":[{"embeddable":true,"href":"https:\/\/informativoelvalledeaguascalientes.online\/index.php?rest_route=\/wp\/v2\/users\/1"}],"replies":[{"embeddable":true,"href":"https:\/\/informativoelvalledeaguascalientes.online\/index.php?rest_route=%2Fwp%2Fv2%2Fcomments&post=53766"}],"version-history":[{"count":1,"href":"https:\/\/informativoelvalledeaguascalientes.online\/index.php?rest_route=\/wp\/v2\/posts\/53766\/revisions"}],"predecessor-version":[{"id":53769,"href":"https:\/\/informativoelvalledeaguascalientes.online\/index.php?rest_route=\/wp\/v2\/posts\/53766\/revisions\/53769"}],"wp:featuredmedia":[{"embeddable":true,"href":"https:\/\/informativoelvalledeaguascalientes.online\/index.php?rest_route=\/wp\/v2\/media\/53768"}],"wp:attachment":[{"href":"https:\/\/informativoelvalledeaguascalientes.online\/index.php?rest_route=%2Fwp%2Fv2%2Fmedia&parent=53766"}],"wp:term":[{"taxonomy":"category","embeddable":true,"href":"https:\/\/informativoelvalledeaguascalientes.online\/index.php?rest_route=%2Fwp%2Fv2%2Fcategories&post=53766"},{"taxonomy":"post_tag","embeddable":true,"href":"https:\/\/informativoelvalledeaguascalientes.online\/index.php?rest_route=%2Fwp%2Fv2%2Ftags&post=53766"}],"curies":[{"name":"wp","href":"https:\/\/api.w.org\/{rel}","templated":true}]}}