{"id":53743,"date":"2024-03-08T20:05:54","date_gmt":"2024-03-09T02:05:54","guid":{"rendered":"https:\/\/informativoelvalledeaguascalientes.online\/?p=53743"},"modified":"2024-03-08T20:05:54","modified_gmt":"2024-03-09T02:05:54","slug":"el-dif-estatal-ags-ofrece-el-servicio-de-terapia-ocupacional","status":"publish","type":"post","link":"https:\/\/informativoelvalledeaguascalientes.online\/?p=53743","title":{"rendered":"EL DIF ESTATAL AGS. OFRECE EL SERVICIO DE TERAPIA OCUPACIONAL"},"content":{"rendered":"<p><strong><a href=\"https:\/\/www.facebook.com\/hashtag\/informativoelvalledeaguascalientes\">#informativoelvalledeaguascalientes<\/a><\/strong><\/p>\n<p><strong><a href=\"https:\/\/www.facebook.com\/hashtag\/novaradioaguascalientes\">#novaradioaguascalientes<\/a><\/strong><\/p>\n<p>#informativoelvalledeaguascalientesll<\/p>\n<p><strong><a href=\"https:\/\/www.facebook.com\/GobiernodeAguascalientes\">#ElGiganteDeMexico<\/a><\/strong><\/p>\n<p>&nbsp;<\/p>\n<p>&nbsp;<\/p>\n<ul class=\"xErDo AnCKd\">\n<li class=\"_04hd2 vVfzz\" dir=\"auto\">\n<div>\n<p id=\"viewer-hn0ei109\" class=\"-Zro6 -ZADH vVfzz AnCKd _57WYp\"><span class=\"d0767 vVfzz\"><strong><em>e dirige a personas que requieren rehabilitaci\u00f3n f\u00edsica como resultado de una cirug\u00eda, accidente o enfermedad<\/em><\/strong><\/span><\/p>\n<\/div>\n<\/li>\n<li class=\"_04hd2 vVfzz\" dir=\"auto\">\n<div>\n<p id=\"viewer-vet3u112\" class=\"-Zro6 -ZADH vVfzz AnCKd _57WYp\"><span class=\"d0767 vVfzz\"><strong><em>Las y los interesados deben acudir a las instalaciones del \u00e1rea de Servicios M\u00e9dicos del DIF Estatal de 8:00 a 20:00 horas<\/em><\/strong><\/span><\/p>\n<\/div>\n<\/li>\n<\/ul>\n<div id=\"viewer-izf37114\" class=\"-Zro6 -ZADH vVfzz _57WYp\"><span class=\"d0767 vVfzz\">\u00a0<\/span><\/div>\n<p id=\"viewer-8sb6p115\" class=\"-Zro6 -ZADH vVfzz AnCKd _57WYp\"><span class=\"d0767 vVfzz\">El DIF Estatal pone a disposici\u00f3n de la poblaci\u00f3n el servicio de terapia ocupacional; el objetivo es que los pacientes recuperen el conocimiento, las destrezas y aptitudes necesarias para desarrollar la mayor independencia posible en actividades de la vida cotidiana.<\/span><\/p>\n<div id=\"viewer-yz60v134\" class=\"-Zro6 -ZADH vVfzz _57WYp\"><span class=\"d0767 vVfzz\">\u00a0<\/span><\/div>\n<p id=\"viewer-ikpwt117\" class=\"-Zro6 -ZADH vVfzz AnCKd _57WYp\"><span class=\"d0767 vVfzz\">A trav\u00e9s de la Direcci\u00f3n de Servicios M\u00e9dicos, se ofrece este servicio de salud para apoyar en su recuperaci\u00f3n a las personas que requieren rehabilitaci\u00f3n f\u00edsica como resultado de una cirug\u00eda, accidente o enfermedad.<\/span><\/p>\n<div id=\"viewer-9zcia145\" class=\"-Zro6 -ZADH vVfzz _57WYp\"><span class=\"d0767 vVfzz\">\u00a0<\/span><\/div>\n<p id=\"viewer-l5dtp119\" class=\"-Zro6 -ZADH vVfzz AnCKd _57WYp\"><span class=\"d0767 vVfzz\">En la terapia ocupacional se trata a pacientes con diferentes padecimientos, como\u00a0 artritis, autismo, diabetes, discapacidad visual, enfermedades cong\u00e9nitas, lesiones, par\u00e1lisis cerebral, entre otros.<\/span><\/p>\n<div id=\"viewer-fna1f156\" class=\"-Zro6 -ZADH vVfzz _57WYp\"><span class=\"d0767 vVfzz\">\u00a0<\/span><\/div>\n<p id=\"viewer-y8kjv121\" class=\"-Zro6 -ZADH vVfzz AnCKd _57WYp\"><span class=\"d0767 vVfzz\">Durante la terapia se eval\u00faan los aspectos psicosociales y f\u00edsicos del paciente para determinar el estado en que se encuentra; con base en el diagn\u00f3stico se utilizan actividades terap\u00e9uticas, de cuidado del hogar y recreativas, para facilitar y potenciar el desarrollo de la rehabilitaci\u00f3n y que ayude a mejorar su calidad de vida.<\/span><\/p>\n<div id=\"viewer-gr3qz167\" class=\"-Zro6 -ZADH vVfzz _57WYp\"><span class=\"d0767 vVfzz\">\u00a0<\/span><\/div>\n<p id=\"viewer-cw7q8123\" class=\"-Zro6 -ZADH vVfzz AnCKd _57WYp\"><span class=\"d0767 vVfzz\">Las personas que requieran atenci\u00f3n deben acudir a las instalaciones del \u00e1rea de Servicios M\u00e9dicos del DIF Estatal, ubicadas en Av. Mahatma Gandhi esquina con Rep\u00fablica de Paraguay s\/n, Fracc. Agricultura, en un horario de 08:00 a 20:00 horas.<\/span><\/p>\n<div id=\"viewer-zntr2178\" class=\"-Zro6 -ZADH vVfzz _57WYp\"><span class=\"d0767 vVfzz\">\u00a0<\/span><\/div>\n<p id=\"viewer-9l4lt125\" class=\"-Zro6 -ZADH vVfzz AnCKd _57WYp\"><span class=\"d0767 vVfzz\">Las y los interesados deber\u00e1n presentar la Clave \u00danica de Registro Poblacional (CURP) y pasar a valoraci\u00f3n de Medicina General; posteriormente se canalizar\u00e1n al \u00e1rea de rehabilitaci\u00f3n correspondiente para una segunda valoraci\u00f3n, diagn\u00f3stico y seguimiento de su terapia.<\/span><\/p>\n<div id=\"viewer-z5akr127\" class=\"-Zro6 -ZADH vVfzz _57WYp\"><\/div>\n","protected":false},"excerpt":{"rendered":"<p>#informativoelvalledeaguascalientes #novaradioaguascalientes #informativoelvalledeaguascalientesll #ElGiganteDeMexico &nbsp; &nbsp; e dirige a personas que requieren rehabilitaci\u00f3n f\u00edsica como resultado de una cirug\u00eda, accidente o enfermedad Las y los interesados deben acudir a las instalaciones del \u00e1rea de Servicios M\u00e9dicos del DIF Estatal de 8:00 a 20:00 horas \u00a0 El DIF Estatal pone a disposici\u00f3n de la poblaci\u00f3n el [&hellip;]<\/p>\n","protected":false},"author":1,"featured_media":53745,"comment_status":"closed","ping_status":"open","sticky":false,"template":"","format":"standard","meta":{"advanced_seo_description":"","jetpack_seo_html_title":"","jetpack_seo_noindex":false,"_jetpack_memberships_contains_paid_content":false,"footnotes":"","jetpack_publicize_message":"","jetpack_publicize_feature_enabled":true,"jetpack_social_post_already_shared":true,"jetpack_social_options":{"image_generator_settings":{"template":"highway","default_image_id":0,"font":"","enabled":false},"version":2}},"categories":[21,4],"tags":[22,65,615],"class_list":["post-53743","post","type-post","status-publish","format-standard","has-post-thumbnail","hentry","category-aguascalientes","category-gobierno-del-estado-aguascalientes","tag-aguascalientes","tag-dif-estatal-aguascalientes","tag-gobierno-del-estado-de-aguascalientes"],"jetpack_publicize_connections":[],"jetpack_featured_media_url":"https:\/\/i0.wp.com\/informativoelvalledeaguascalientes.online\/wp-content\/uploads\/2024\/03\/TERAPIA-OCUPACIONAL-4-scaled.jpeg?fit=2560%2C1920&ssl=1","jetpack-related-posts":[],"jetpack_sharing_enabled":true,"jetpack_likes_enabled":true,"_links":{"self":[{"href":"https:\/\/informativoelvalledeaguascalientes.online\/index.php?rest_route=\/wp\/v2\/posts\/53743","targetHints":{"allow":["GET"]}}],"collection":[{"href":"https:\/\/informativoelvalledeaguascalientes.online\/index.php?rest_route=\/wp\/v2\/posts"}],"about":[{"href":"https:\/\/informativoelvalledeaguascalientes.online\/index.php?rest_route=\/wp\/v2\/types\/post"}],"author":[{"embeddable":true,"href":"https:\/\/informativoelvalledeaguascalientes.online\/index.php?rest_route=\/wp\/v2\/users\/1"}],"replies":[{"embeddable":true,"href":"https:\/\/informativoelvalledeaguascalientes.online\/index.php?rest_route=%2Fwp%2Fv2%2Fcomments&post=53743"}],"version-history":[{"count":1,"href":"https:\/\/informativoelvalledeaguascalientes.online\/index.php?rest_route=\/wp\/v2\/posts\/53743\/revisions"}],"predecessor-version":[{"id":53746,"href":"https:\/\/informativoelvalledeaguascalientes.online\/index.php?rest_route=\/wp\/v2\/posts\/53743\/revisions\/53746"}],"wp:featuredmedia":[{"embeddable":true,"href":"https:\/\/informativoelvalledeaguascalientes.online\/index.php?rest_route=\/wp\/v2\/media\/53745"}],"wp:attachment":[{"href":"https:\/\/informativoelvalledeaguascalientes.online\/index.php?rest_route=%2Fwp%2Fv2%2Fmedia&parent=53743"}],"wp:term":[{"taxonomy":"category","embeddable":true,"href":"https:\/\/informativoelvalledeaguascalientes.online\/index.php?rest_route=%2Fwp%2Fv2%2Fcategories&post=53743"},{"taxonomy":"post_tag","embeddable":true,"href":"https:\/\/informativoelvalledeaguascalientes.online\/index.php?rest_route=%2Fwp%2Fv2%2Ftags&post=53743"}],"curies":[{"name":"wp","href":"https:\/\/api.w.org\/{rel}","templated":true}]}}