{"id":53726,"date":"2024-03-08T19:50:16","date_gmt":"2024-03-09T01:50:16","guid":{"rendered":"https:\/\/informativoelvalledeaguascalientes.online\/?p=53726"},"modified":"2024-03-08T19:50:16","modified_gmt":"2024-03-09T01:50:16","slug":"llama-tere-jimenez-a-unir-fuerzas-para-tener-un-entorno-donde-las-mujeres-puedan-vivir-en-paz-y-tranquilidad","status":"publish","type":"post","link":"https:\/\/informativoelvalledeaguascalientes.online\/?p=53726","title":{"rendered":"LLAMA TERE JIM\u00c9NEZ A UNIR FUERZAS PARA TENER UN ENTORNO DONDE LAS MUJERES PUEDAN VIVIR EN PAZ Y TRANQUILIDAD"},"content":{"rendered":"<p><strong><a href=\"https:\/\/www.facebook.com\/hashtag\/informativoelvalledeaguascalientes\">#informativoelvalledeaguascalientes<\/a><\/strong><\/p>\n<p><strong><a href=\"https:\/\/www.facebook.com\/hashtag\/novaradioaguascalientes\">#novaradioaguascalientes<\/a><\/strong><\/p>\n<p>#informativoelvalledeaguascalientesll<\/p>\n<p><strong><a href=\"https:\/\/www.facebook.com\/GobiernodeAguascalientes\">#ElGiganteDeMexico<\/a><\/strong><\/p>\n<p>&nbsp;<\/p>\n<div style=\"width: 640px;\" class=\"wp-video\"><video class=\"wp-video-shortcode\" id=\"video-53726-1\" width=\"640\" height=\"360\" preload=\"metadata\" controls=\"controls\"><source type=\"video\/mp4\" src=\"https:\/\/informativoelvalledeaguascalientes.online\/wp-content\/uploads\/2024\/03\/file-1.mp4?_=1\" \/><a href=\"https:\/\/informativoelvalledeaguascalientes.online\/wp-content\/uploads\/2024\/03\/file-1.mp4\">https:\/\/informativoelvalledeaguascalientes.online\/wp-content\/uploads\/2024\/03\/file-1.mp4<\/a><\/video><\/div>\n<div id=\"bgLayers_comp-l7sh9ubr2\" class=\"MW5IWV\" data-hook=\"bgLayers\">\n<div id=\"bgMedia_comp-l7sh9ubr2\" class=\"VgO9Yg\"><\/div>\n<\/div>\n<div class=\"\" data-mesh-id=\"comp-l7sh9ubr2inlineContent\" data-testid=\"inline-content\">\n<div data-mesh-id=\"comp-l7sh9ubr2inlineContent-gridContainer\" data-testid=\"mesh-container-content\">\n<div id=\"comp-l7yvxqo2\" class=\"MazNVa comp-l7yvxqo2 wixui-image\">\n<div class=\"j7pOnl\" data-testid=\"linkElement\"><\/div>\n<\/div>\n<div id=\"comp-l7sh9ubx\" class=\"TWFxr5 \">\n<div class=\"comp-l7sh9ubx\">\n<div class=\"siSdJK4 comp-l7sh9ubx\" data-hook=\"ricosviewer-wrapper\">\n<div class=\"U4I07\" dir=\"ltr\" data-id=\"content-viewer\">\n<div class=\"hl-xW\">\n<div>\n<p id=\"viewer-foo\" class=\"-Zro6 -ZADH vVfzz AnCKd _57WYp\"><span class=\"d0767 vVfzz\">En el marco de la conmemoraci\u00f3n del D\u00eda Internacional de la Mujer, la gobernadora de Aguascalientes, Tere Jim\u00e9nez, llam\u00f3 a todos los sectores de la sociedad a unir fuerzas para tener un entorno donde todas puedan vivir sin miedo, con paz y tranquilidad.<\/span><\/p>\n<div id=\"viewer-94dw8277\" class=\"-Zro6 -ZADH IjV6v _57WYp\"><span class=\"d0767\">\u00a0<\/span><\/div>\n<p id=\"viewer-x2zrb278\" class=\"-Zro6 -ZADH vVfzz AnCKd _57WYp\"><span class=\"d0767 vVfzz\">\u201cEse ha sido mi sue\u00f1o y trabajo todos los d\u00edas por hacerlo realidad; no vamos a parar y mucho menos a retroceder, defenderemos con determinaci\u00f3n nuestros derechos pol\u00edticos, econ\u00f3micos, profesionales y sociales\u201d, subray\u00f3.<\/span><\/p>\n<div id=\"viewer-dhgs8280\" class=\"-Zro6 -ZADH IjV6v _57WYp\"><span class=\"d0767\">\u00a0<\/span><\/div>\n<p id=\"viewer-yy183281\" class=\"-Zro6 -ZADH vVfzz AnCKd _57WYp\"><span class=\"d0767 vVfzz\">Tere Jim\u00e9nez dijo que d\u00eda con d\u00eda las mujeres van ganando m\u00e1s espacios en la funci\u00f3n p\u00fablica, en la econom\u00eda y en la toma de decisiones; de ah\u00ed que el 8 de marzo sea un homenaje a todas aquellas que con valent\u00eda se han atrevido a levantar la voz para conseguir mejores condiciones de desarrollo y calidad de vida para todas.<\/span><\/p>\n<div id=\"viewer-0w4y3283\" class=\"-Zro6 -ZADH IjV6v _57WYp\"><span class=\"d0767\">\u00a0<\/span><\/div>\n<p id=\"viewer-25wjr284\" class=\"-Zro6 -ZADH vVfzz AnCKd _57WYp\"><span class=\"d0767 vVfzz\">\u201cAquellas que silenciosamente luchan por sus hijos, por sus familias y por su comunidad; aquellas incluso que perdieron la vida defendiendo ideales colectivos, no solo para mujeres, sino para toda la sociedad\u201d, destac\u00f3.<\/span><\/p>\n<div id=\"viewer-v552j286\" class=\"-Zro6 -ZADH IjV6v _57WYp\"><span class=\"d0767\">\u00a0<\/span><\/div>\n<p id=\"viewer-t5w85287\" class=\"-Zro6 -ZADH vVfzz AnCKd _57WYp\"><span class=\"d0767 vVfzz\">Asegur\u00f3 que como primera gobernadora del estado y como mujer, tiene un doble compromiso por transformar positivamente las condiciones de las ni\u00f1as, adolescentes y mujeres de Aguascalientes, por lo que seguir\u00e1 buscando m\u00e1s y\u00a0 mejores oportunidades para todas.<\/span><\/p>\n<div id=\"viewer-23jq0289\" class=\"-Zro6 -ZADH IjV6v _57WYp\"><span class=\"d0767\">\u00a0<\/span><\/div>\n<p id=\"viewer-wlvgf290\" class=\"-Zro6 -ZADH vVfzz AnCKd _57WYp\"><span class=\"d0767 vVfzz\">En ese sentido, dijo que desde su gesti\u00f3n seguir\u00e1 promoviendo el emprendimiento, el empleo, la capacitaci\u00f3n y la consolidaci\u00f3n de espacios libres de violencia: \u201cA diario sumamos esfuerzos para consolidar un ambiente de paz en igualdad, en el respeto a los derechos humanos y en la construcci\u00f3n de un mundo mejor\u201d, concluy\u00f3.<\/span><\/p>\n<\/div>\n<\/div>\n<\/div>\n<\/div>\n<\/div>\n<\/div>\n<\/div>\n<\/div>\n","protected":false},"excerpt":{"rendered":"<p>#informativoelvalledeaguascalientes #novaradioaguascalientes #informativoelvalledeaguascalientesll #ElGiganteDeMexico &nbsp; En el marco de la conmemoraci\u00f3n del D\u00eda Internacional de la Mujer, la gobernadora de Aguascalientes, Tere Jim\u00e9nez, llam\u00f3 a todos los sectores de la sociedad a unir fuerzas para tener un entorno donde todas puedan vivir sin miedo, con paz y tranquilidad. \u00a0 \u201cEse ha sido mi sue\u00f1o y [&hellip;]<\/p>\n","protected":false},"author":1,"featured_media":53729,"comment_status":"closed","ping_status":"open","sticky":false,"template":"","format":"standard","meta":{"advanced_seo_description":"","jetpack_seo_html_title":"","jetpack_seo_noindex":false,"_jetpack_memberships_contains_paid_content":false,"footnotes":"","jetpack_publicize_message":"","jetpack_publicize_feature_enabled":true,"jetpack_social_post_already_shared":true,"jetpack_social_options":{"image_generator_settings":{"template":"highway","default_image_id":0,"font":"","enabled":false},"version":2}},"categories":[21,4],"tags":[22,615,320],"class_list":["post-53726","post","type-post","status-publish","format-standard","has-post-thumbnail","hentry","category-aguascalientes","category-gobierno-del-estado-aguascalientes","tag-aguascalientes","tag-gobierno-del-estado-de-aguascalientes","tag-tere-jimenez"],"jetpack_publicize_connections":[],"jetpack_featured_media_url":"https:\/\/i0.wp.com\/informativoelvalledeaguascalientes.online\/wp-content\/uploads\/2024\/03\/WhatsApp-Image-2024-03-08-at-10.06.11-AM.jpeg?fit=1600%2C872&ssl=1","jetpack-related-posts":[],"jetpack_sharing_enabled":true,"jetpack_likes_enabled":true,"_links":{"self":[{"href":"https:\/\/informativoelvalledeaguascalientes.online\/index.php?rest_route=\/wp\/v2\/posts\/53726","targetHints":{"allow":["GET"]}}],"collection":[{"href":"https:\/\/informativoelvalledeaguascalientes.online\/index.php?rest_route=\/wp\/v2\/posts"}],"about":[{"href":"https:\/\/informativoelvalledeaguascalientes.online\/index.php?rest_route=\/wp\/v2\/types\/post"}],"author":[{"embeddable":true,"href":"https:\/\/informativoelvalledeaguascalientes.online\/index.php?rest_route=\/wp\/v2\/users\/1"}],"replies":[{"embeddable":true,"href":"https:\/\/informativoelvalledeaguascalientes.online\/index.php?rest_route=%2Fwp%2Fv2%2Fcomments&post=53726"}],"version-history":[{"count":1,"href":"https:\/\/informativoelvalledeaguascalientes.online\/index.php?rest_route=\/wp\/v2\/posts\/53726\/revisions"}],"predecessor-version":[{"id":53730,"href":"https:\/\/informativoelvalledeaguascalientes.online\/index.php?rest_route=\/wp\/v2\/posts\/53726\/revisions\/53730"}],"wp:featuredmedia":[{"embeddable":true,"href":"https:\/\/informativoelvalledeaguascalientes.online\/index.php?rest_route=\/wp\/v2\/media\/53729"}],"wp:attachment":[{"href":"https:\/\/informativoelvalledeaguascalientes.online\/index.php?rest_route=%2Fwp%2Fv2%2Fmedia&parent=53726"}],"wp:term":[{"taxonomy":"category","embeddable":true,"href":"https:\/\/informativoelvalledeaguascalientes.online\/index.php?rest_route=%2Fwp%2Fv2%2Fcategories&post=53726"},{"taxonomy":"post_tag","embeddable":true,"href":"https:\/\/informativoelvalledeaguascalientes.online\/index.php?rest_route=%2Fwp%2Fv2%2Ftags&post=53726"}],"curies":[{"name":"wp","href":"https:\/\/api.w.org\/{rel}","templated":true}]}}