{"id":53708,"date":"2024-03-07T21:01:22","date_gmt":"2024-03-08T03:01:22","guid":{"rendered":"https:\/\/informativoelvalledeaguascalientes.online\/?p=53708"},"modified":"2024-03-07T21:01:22","modified_gmt":"2024-03-08T03:01:22","slug":"aseguran-vehiculo-con-alteraciones","status":"publish","type":"post","link":"https:\/\/informativoelvalledeaguascalientes.online\/?p=53708","title":{"rendered":"Aseguran veh\u00edculo con alteraciones"},"content":{"rendered":"<p><strong><a href=\"https:\/\/www.facebook.com\/hashtag\/informativoelvalledeaguascalientes\">#informativoelvalledeaguascalientes<\/a><\/strong><\/p>\n<p><strong><a href=\"https:\/\/www.facebook.com\/hashtag\/novaradioaguascalientes\">#novaradioaguascalientes<\/a><\/strong><\/p>\n<p>#informativoelvalledeaguascalientesll<\/p>\n<p><strong><a href=\"https:\/\/www.facebook.com\/GobiernodeAguascalientes\">#ElGiganteDeMexico<\/a><\/strong><\/p>\n<p>&nbsp;<\/p>\n<p>Un veh\u00edculo que fue detectado circular con algunas alteraciones, fue detenido por efectivos de la Divisi\u00f3n de Carreteras de la Secretar\u00eda de Seguridad P\u00fablica del Estado en las inmediaciones del sur de la entidad, por lo que fue puesto a disposici\u00f3n de las autoridades correspondientes.<\/p>\n<p>Fue cerca de las 08:30 horas cuando oficiales de la Polic\u00eda Estatal que realizaban sus labores de vigilancia permanente al patrullar en las inmediaciones de la Puerta de Seguridad de Pe\u00f1uelas, en determinado momento le marcaron el alto a un veh\u00edculo de la marca Honda Civic, color gris, con placas de circulaci\u00f3n del Estado de M\u00e9xico, el cual era conducido por quien dijo llamarse V\u00edctor de 62 a\u00f1os de edad.<\/p>\n<p>Al momento de realizar la inspecci\u00f3n f\u00edsica del veh\u00edculo, los oficiales estatales detectaron alteraciones en los n\u00fameros de serie, motivo por el cual fue trasladado ante el Agente del Ministerio P\u00fablico del Fuero Com\u00fan en donde se resolver\u00e1 su situaci\u00f3n legal.<\/p>\n","protected":false},"excerpt":{"rendered":"<p>#informativoelvalledeaguascalientes #novaradioaguascalientes #informativoelvalledeaguascalientesll #ElGiganteDeMexico &nbsp; Un veh\u00edculo que fue detectado circular con algunas alteraciones, fue detenido por efectivos de la Divisi\u00f3n de Carreteras de la Secretar\u00eda de Seguridad P\u00fablica del Estado en las inmediaciones del sur de la entidad, por lo que fue puesto a disposici\u00f3n de las autoridades correspondientes. Fue cerca de las 08:30 [&hellip;]<\/p>\n","protected":false},"author":1,"featured_media":53710,"comment_status":"closed","ping_status":"open","sticky":false,"template":"","format":"standard","meta":{"advanced_seo_description":"","jetpack_seo_html_title":"","jetpack_seo_noindex":false,"_jetpack_memberships_contains_paid_content":false,"footnotes":"","jetpack_publicize_message":"","jetpack_publicize_feature_enabled":true,"jetpack_social_post_already_shared":true,"jetpack_social_options":{"image_generator_settings":{"template":"highway","default_image_id":0,"font":"","enabled":false},"version":2}},"categories":[21,4],"tags":[22,615,122],"class_list":["post-53708","post","type-post","status-publish","format-standard","has-post-thumbnail","hentry","category-aguascalientes","category-gobierno-del-estado-aguascalientes","tag-aguascalientes","tag-gobierno-del-estado-de-aguascalientes","tag-sspe-aguascalientes"],"jetpack_publicize_connections":[],"jetpack_featured_media_url":"https:\/\/i0.wp.com\/informativoelvalledeaguascalientes.online\/wp-content\/uploads\/2024\/03\/ce7b375e-cf33-4dd0-a797-71d1ba5498be.jpg?fit=1599%2C732&ssl=1","jetpack-related-posts":[],"jetpack_sharing_enabled":true,"jetpack_likes_enabled":true,"_links":{"self":[{"href":"https:\/\/informativoelvalledeaguascalientes.online\/index.php?rest_route=\/wp\/v2\/posts\/53708","targetHints":{"allow":["GET"]}}],"collection":[{"href":"https:\/\/informativoelvalledeaguascalientes.online\/index.php?rest_route=\/wp\/v2\/posts"}],"about":[{"href":"https:\/\/informativoelvalledeaguascalientes.online\/index.php?rest_route=\/wp\/v2\/types\/post"}],"author":[{"embeddable":true,"href":"https:\/\/informativoelvalledeaguascalientes.online\/index.php?rest_route=\/wp\/v2\/users\/1"}],"replies":[{"embeddable":true,"href":"https:\/\/informativoelvalledeaguascalientes.online\/index.php?rest_route=%2Fwp%2Fv2%2Fcomments&post=53708"}],"version-history":[{"count":1,"href":"https:\/\/informativoelvalledeaguascalientes.online\/index.php?rest_route=\/wp\/v2\/posts\/53708\/revisions"}],"predecessor-version":[{"id":53711,"href":"https:\/\/informativoelvalledeaguascalientes.online\/index.php?rest_route=\/wp\/v2\/posts\/53708\/revisions\/53711"}],"wp:featuredmedia":[{"embeddable":true,"href":"https:\/\/informativoelvalledeaguascalientes.online\/index.php?rest_route=\/wp\/v2\/media\/53710"}],"wp:attachment":[{"href":"https:\/\/informativoelvalledeaguascalientes.online\/index.php?rest_route=%2Fwp%2Fv2%2Fmedia&parent=53708"}],"wp:term":[{"taxonomy":"category","embeddable":true,"href":"https:\/\/informativoelvalledeaguascalientes.online\/index.php?rest_route=%2Fwp%2Fv2%2Fcategories&post=53708"},{"taxonomy":"post_tag","embeddable":true,"href":"https:\/\/informativoelvalledeaguascalientes.online\/index.php?rest_route=%2Fwp%2Fv2%2Ftags&post=53708"}],"curies":[{"name":"wp","href":"https:\/\/api.w.org\/{rel}","templated":true}]}}