{"id":53704,"date":"2024-03-07T21:00:00","date_gmt":"2024-03-08T03:00:00","guid":{"rendered":"https:\/\/informativoelvalledeaguascalientes.online\/?p=53704"},"modified":"2024-03-07T21:00:00","modified_gmt":"2024-03-08T03:00:00","slug":"atienden-accidente-en-libramiento-carretero","status":"publish","type":"post","link":"https:\/\/informativoelvalledeaguascalientes.online\/?p=53704","title":{"rendered":"Atienden accidente en Libramiento Carretero"},"content":{"rendered":"<p><strong><a href=\"https:\/\/www.facebook.com\/hashtag\/informativoelvalledeaguascalientes\">#informativoelvalledeaguascalientes<\/a><\/strong><\/p>\n<p><strong><a href=\"https:\/\/www.facebook.com\/hashtag\/novaradioaguascalientes\">#novaradioaguascalientes<\/a><\/strong><\/p>\n<p>#informativoelvalledeaguascalientesll<\/p>\n<p><strong><a href=\"https:\/\/www.facebook.com\/GobiernodeAguascalientes\">#ElGiganteDeMexico<\/a><\/strong><\/p>\n<p>&nbsp;<\/p>\n<p>&nbsp;<\/p>\n<p>Un accidente de tr\u00e1nsito ocurrido en las inmediaciones del Libramiento Carretero Poniente a la altura de la comunidad de Valladolid en el Municipio de Jes\u00fas Mar\u00eda, fue atendido por efectivos de la Secretar\u00eda de Seguridad P\u00fablica del Estado, Bomberos, as\u00ed como por param\u00e9dicos de la Cruz Roja Mexicana, en el cual se reporta una persona fallecida y varios lesionados.<\/p>\n<p>Fue cerca de las 05:58 horas de este jueves cuando al servicio de Emergencias 911, comenzaron a recibirse llamadas telef\u00f3nicas en las cuales se indicaba que hab\u00eda ocurrido un desigual choque en las inmediaciones del Libramiento Carretero Poniente a la altura de la comunidad de Valladolid en el kil\u00f3metro 42+800, en el cual particip\u00f3 un veh\u00edculo Nissan color blanco con placas de circulaci\u00f3n, Taxi de Morelia, N\u00famero Econ\u00f3mico A547LBB el cual en determinado momento, al perder el control, al circular de sur a norte invadi\u00f3 el carril contrario de circulaci\u00f3n, por lo que termin\u00f3 por impactarse en contra de un cami\u00f3n Kenworth 2011, Tractor Color Blanco y Rojo, placas de circulaci\u00f3n del Transporte P\u00fablico Federal, conducido por el se\u00f1or Reyes D\u00edas Juan In\u00e9s Reyes de 59 a\u00f1os, de Durango.<\/p>\n<p>&nbsp;<\/p>\n<p>Al llegar, los oficiales de la Polic\u00eda Estatal de Carreteras se hizo cargo del accidente y de inmediato, param\u00e9dicos de la Cruz Roja Mexicana, al atender a los lesionados, confirmaron en el lugar que hab\u00eda una persona del sexo femenino ya sin signos vitales, quien fue identificada como Laura Villegas de 34 a\u00f1os de edad, conductora del veh\u00edculo sed\u00e1n.<\/p>\n<p>As\u00ed mismo, se brind\u00f3 la atenci\u00f3n necesaria y fue trasladado un masculino de 5 a\u00f1os de edad, el cual presentaba lesiones leves, as\u00ed como a un masculino de 7 a\u00f1os de edad con lesiones considerables, los cuales fueron trasladados al Hospital General de Pabell\u00f3n de Arteaga. Se valor\u00f3 de manera urgente el traslad\u00f3 a una femenina de 13 a\u00f1os de edad, la cual se encontraba en estado cr\u00edtico, para recibir las atenciones necesarias en el Hospital General Zona #3 del Seguro Social.<\/p>\n<p>Finalmente, el conductor de la pesada unidad fue asegurado y puesto a disposici\u00f3n del Agente del Ministerio P\u00fablico del Fuero Com\u00fan en donde se deslindar\u00e1n las responsabilidades correspondientes.<\/p>\n","protected":false},"excerpt":{"rendered":"<p>#informativoelvalledeaguascalientes #novaradioaguascalientes #informativoelvalledeaguascalientesll #ElGiganteDeMexico &nbsp; &nbsp; Un accidente de tr\u00e1nsito ocurrido en las inmediaciones del Libramiento Carretero Poniente a la altura de la comunidad de Valladolid en el Municipio de Jes\u00fas Mar\u00eda, fue atendido por efectivos de la Secretar\u00eda de Seguridad P\u00fablica del Estado, Bomberos, as\u00ed como por param\u00e9dicos de la Cruz Roja Mexicana, en [&hellip;]<\/p>\n","protected":false},"author":1,"featured_media":53706,"comment_status":"closed","ping_status":"open","sticky":false,"template":"","format":"standard","meta":{"advanced_seo_description":"","jetpack_seo_html_title":"","jetpack_seo_noindex":false,"_jetpack_memberships_contains_paid_content":false,"footnotes":"","jetpack_publicize_message":"","jetpack_publicize_feature_enabled":true,"jetpack_social_post_already_shared":true,"jetpack_social_options":{"image_generator_settings":{"template":"highway","default_image_id":0,"font":"","enabled":false},"version":2}},"categories":[21,4],"tags":[22,615,122],"class_list":["post-53704","post","type-post","status-publish","format-standard","has-post-thumbnail","hentry","category-aguascalientes","category-gobierno-del-estado-aguascalientes","tag-aguascalientes","tag-gobierno-del-estado-de-aguascalientes","tag-sspe-aguascalientes"],"jetpack_publicize_connections":[],"jetpack_featured_media_url":"https:\/\/i0.wp.com\/informativoelvalledeaguascalientes.online\/wp-content\/uploads\/2024\/03\/3ae30fbc-3181-46fa-9e52-6e16bed5d8d4.jpg?fit=1600%2C900&ssl=1","jetpack-related-posts":[],"jetpack_sharing_enabled":true,"jetpack_likes_enabled":true,"_links":{"self":[{"href":"https:\/\/informativoelvalledeaguascalientes.online\/index.php?rest_route=\/wp\/v2\/posts\/53704","targetHints":{"allow":["GET"]}}],"collection":[{"href":"https:\/\/informativoelvalledeaguascalientes.online\/index.php?rest_route=\/wp\/v2\/posts"}],"about":[{"href":"https:\/\/informativoelvalledeaguascalientes.online\/index.php?rest_route=\/wp\/v2\/types\/post"}],"author":[{"embeddable":true,"href":"https:\/\/informativoelvalledeaguascalientes.online\/index.php?rest_route=\/wp\/v2\/users\/1"}],"replies":[{"embeddable":true,"href":"https:\/\/informativoelvalledeaguascalientes.online\/index.php?rest_route=%2Fwp%2Fv2%2Fcomments&post=53704"}],"version-history":[{"count":1,"href":"https:\/\/informativoelvalledeaguascalientes.online\/index.php?rest_route=\/wp\/v2\/posts\/53704\/revisions"}],"predecessor-version":[{"id":53707,"href":"https:\/\/informativoelvalledeaguascalientes.online\/index.php?rest_route=\/wp\/v2\/posts\/53704\/revisions\/53707"}],"wp:featuredmedia":[{"embeddable":true,"href":"https:\/\/informativoelvalledeaguascalientes.online\/index.php?rest_route=\/wp\/v2\/media\/53706"}],"wp:attachment":[{"href":"https:\/\/informativoelvalledeaguascalientes.online\/index.php?rest_route=%2Fwp%2Fv2%2Fmedia&parent=53704"}],"wp:term":[{"taxonomy":"category","embeddable":true,"href":"https:\/\/informativoelvalledeaguascalientes.online\/index.php?rest_route=%2Fwp%2Fv2%2Fcategories&post=53704"},{"taxonomy":"post_tag","embeddable":true,"href":"https:\/\/informativoelvalledeaguascalientes.online\/index.php?rest_route=%2Fwp%2Fv2%2Ftags&post=53704"}],"curies":[{"name":"wp","href":"https:\/\/api.w.org\/{rel}","templated":true}]}}