{"id":53688,"date":"2024-03-07T20:07:41","date_gmt":"2024-03-08T02:07:41","guid":{"rendered":"https:\/\/informativoelvalledeaguascalientes.online\/?p=53688"},"modified":"2024-03-07T20:35:28","modified_gmt":"2024-03-08T02:35:28","slug":"tere-jimenez-y-el-sector-empresarial-trabajan-en-fortalecer-el-modelo-de-educacion-dual-en-el-estado","status":"publish","type":"post","link":"https:\/\/informativoelvalledeaguascalientes.online\/?p=53688","title":{"rendered":"TERE JIM\u00c9NEZ Y EL SECTOR EMPRESARIAL TRABAJAN EN FORTALECER EL MODELO DE EDUCACI\u00d3N DUAL EN EL ESTADO"},"content":{"rendered":"<p><strong><a href=\"https:\/\/www.facebook.com\/hashtag\/informativoelvalledeaguascalientes\">#informativoelvalledeaguascalientes<\/a><\/strong><\/p>\n<p><strong><a href=\"https:\/\/www.facebook.com\/hashtag\/novaradioaguascalientes\">#novaradioaguascalientes<\/a><\/strong><\/p>\n<p>#informativoelvalledeaguascalientesll<\/p>\n<p><strong><a href=\"https:\/\/www.facebook.com\/GobiernodeAguascalientes\">#ElGiganteDeMexico<\/a><\/strong><\/p>\n<p>&nbsp;<\/p>\n<p>&nbsp;<\/p>\n<section id=\"comp-l7sh9ubq\" class=\"comp-l7sh9ubq CohWsy wixui-column-strip\">\n<div class=\"V5AUxf\" data-testid=\"columns\">\n<div id=\"comp-l7sh9ubr2\" class=\"comp-l7sh9ubr2 YzqVVZ wixui-column-strip__column\">\n<div class=\"\" data-mesh-id=\"comp-l7sh9ubr2inlineContent\" data-testid=\"inline-content\">\n<div data-mesh-id=\"comp-l7sh9ubr2inlineContent-gridContainer\" data-testid=\"mesh-container-content\">\n<div id=\"comp-l7yvxqo2\" class=\"MazNVa comp-l7yvxqo2 wixui-image\">\n<div class=\"j7pOnl\" data-testid=\"linkElement\"><\/div>\n<\/div>\n<div id=\"comp-l7sh9ubx\" class=\"TWFxr5 \">\n<div class=\"comp-l7sh9ubx\">\n<div class=\"siSdJK4 comp-l7sh9ubx\" data-hook=\"ricosviewer-wrapper\">\n<div class=\"U4I07\" dir=\"ltr\" data-id=\"content-viewer\">\n<div class=\"hl-xW\">\n<div>\n<p id=\"viewer-foo\" class=\"-Zro6 -ZADH IjV6v AnCKd _57WYp\"><span class=\"d0767\">La gobernadora de Aguascalientes, Tere Jim\u00e9nez, sostuvo una reuni\u00f3n con representantes del Consejo Coordinador Empresarial de Aguascalientes (CCEA), con quienes acord\u00f3 trabajar de forma conjunta para fortalecer el modelo de educaci\u00f3n dual y lograr que las y los j\u00f3venes est\u00e9n mejor preparados para incorporarse al mundo laboral.\u00a0<\/span><\/p>\n<div id=\"viewer-yslax136\" class=\"-Zro6 -ZADH IjV6v _57WYp\"><span class=\"d0767\">\u00a0<\/span><\/div>\n<p id=\"viewer-mb90h137\" class=\"-Zro6 -ZADH vVfzz AnCKd _57WYp\"><span class=\"d0767 vVfzz\">La gobernadora expres\u00f3 que es importante la colaboraci\u00f3n entre el gobierno, el sector privado y el \u00e1mbito acad\u00e9mico, pues la suma de esfuerzos permitir\u00e1 la llegada de m\u00e1s inversiones y, sobre todo, que las empresas locales prosperen; de igual forma destac\u00f3 que desde su administraci\u00f3n impulsar\u00e1 pol\u00edticas p\u00fablicas enfocadas al crecimiento econ\u00f3mico y a mejorar la calidad de la educaci\u00f3n en Aguascalientes.<\/span><\/p>\n<div id=\"viewer-2bvdg139\" class=\"-Zro6 -ZADH IjV6v _57WYp\"><span class=\"d0767\">\u00a0<\/span><\/div>\n<p id=\"viewer-ggkt4140\" class=\"-Zro6 -ZADH vVfzz AnCKd _57WYp\"><span class=\"d0767 vVfzz\">Por su parte, la presidenta del CCEA, Irma Patricia Mu\u00f1oz de Le\u00f3n, explic\u00f3 que uno de los objetivos principales de este organismo es ayudar a las universidades para que cuenten con las acreditaciones nacionales e internacionales que requiere el mercado laboral; adem\u00e1s de impulsar acciones para que los estudiantes aprendan el idioma ingl\u00e9s, y de esta forma tengan mejores oportunidades en un futuro.\u00a0<\/span><\/p>\n<div id=\"viewer-m9ybd142\" class=\"-Zro6 -ZADH IjV6v _57WYp\"><span class=\"d0767\">\u00a0<\/span><\/div>\n<p id=\"viewer-ohbhj143\" class=\"-Zro6 -ZADH vVfzz AnCKd _57WYp\"><span class=\"d0767 vVfzz\">\u201cEstamos trabajando para alcanzar estos objetivos y as\u00ed tener un Aguascalientes con mayor educaci\u00f3n, con est\u00e1ndares internacionales, y especialmente con competencias humanas\u201d, enfatiz\u00f3 Mu\u00f1oz de Le\u00f3n.\u00a0<\/span><\/p>\n<div id=\"viewer-6uo51145\" class=\"-Zro6 -ZADH IjV6v _57WYp\"><span class=\"d0767\">\u00a0<\/span><\/div>\n<p id=\"viewer-udcn0146\" class=\"-Zro6 -ZADH vVfzz AnCKd _57WYp\"><span class=\"d0767 vVfzz\">Finalmente, Guillermo Hern\u00e1ndez Duque Delgadillo, presidente de la Comisi\u00f3n de Educaci\u00f3n del CCEA,\u00a0 reconoci\u00f3 la importancia de impulsar la educaci\u00f3n dual que permite a los j\u00f3venes estudiar y poner en pr\u00e1ctica sus conocimientos en las empresas; asimismo, mencion\u00f3 que se necesita trabajar desde la educaci\u00f3n b\u00e1sica para crear una fuerza profesional global.<\/span><\/p>\n<\/div>\n<\/div>\n<\/div>\n<\/div>\n<\/div>\n<\/div>\n<\/div>\n<\/div>\n<\/div>\n<\/div>\n<\/section>\n","protected":false},"excerpt":{"rendered":"<p>#informativoelvalledeaguascalientes #novaradioaguascalientes #informativoelvalledeaguascalientesll #ElGiganteDeMexico &nbsp; &nbsp; La gobernadora de Aguascalientes, Tere Jim\u00e9nez, sostuvo una reuni\u00f3n con representantes del Consejo Coordinador Empresarial de Aguascalientes (CCEA), con quienes acord\u00f3 trabajar de forma conjunta para fortalecer el modelo de educaci\u00f3n dual y lograr que las y los j\u00f3venes est\u00e9n mejor preparados para incorporarse al mundo laboral.\u00a0 \u00a0 La [&hellip;]<\/p>\n","protected":false},"author":1,"featured_media":53690,"comment_status":"closed","ping_status":"open","sticky":false,"template":"","format":"standard","meta":{"advanced_seo_description":"","jetpack_seo_html_title":"","jetpack_seo_noindex":false,"_jetpack_memberships_contains_paid_content":false,"footnotes":"","jetpack_publicize_message":"","jetpack_publicize_feature_enabled":true,"jetpack_social_post_already_shared":true,"jetpack_social_options":{"image_generator_settings":{"template":"highway","default_image_id":0,"font":"","enabled":false},"version":2}},"categories":[21,4],"tags":[22,615,320],"class_list":["post-53688","post","type-post","status-publish","format-standard","has-post-thumbnail","hentry","category-aguascalientes","category-gobierno-del-estado-aguascalientes","tag-aguascalientes","tag-gobierno-del-estado-de-aguascalientes","tag-tere-jimenez"],"jetpack_publicize_connections":[],"jetpack_featured_media_url":"https:\/\/i0.wp.com\/informativoelvalledeaguascalientes.online\/wp-content\/uploads\/2024\/03\/1-2.jpg?fit=1024%2C683&ssl=1","jetpack-related-posts":[],"jetpack_sharing_enabled":true,"jetpack_likes_enabled":true,"_links":{"self":[{"href":"https:\/\/informativoelvalledeaguascalientes.online\/index.php?rest_route=\/wp\/v2\/posts\/53688","targetHints":{"allow":["GET"]}}],"collection":[{"href":"https:\/\/informativoelvalledeaguascalientes.online\/index.php?rest_route=\/wp\/v2\/posts"}],"about":[{"href":"https:\/\/informativoelvalledeaguascalientes.online\/index.php?rest_route=\/wp\/v2\/types\/post"}],"author":[{"embeddable":true,"href":"https:\/\/informativoelvalledeaguascalientes.online\/index.php?rest_route=\/wp\/v2\/users\/1"}],"replies":[{"embeddable":true,"href":"https:\/\/informativoelvalledeaguascalientes.online\/index.php?rest_route=%2Fwp%2Fv2%2Fcomments&post=53688"}],"version-history":[{"count":1,"href":"https:\/\/informativoelvalledeaguascalientes.online\/index.php?rest_route=\/wp\/v2\/posts\/53688\/revisions"}],"predecessor-version":[{"id":53691,"href":"https:\/\/informativoelvalledeaguascalientes.online\/index.php?rest_route=\/wp\/v2\/posts\/53688\/revisions\/53691"}],"wp:featuredmedia":[{"embeddable":true,"href":"https:\/\/informativoelvalledeaguascalientes.online\/index.php?rest_route=\/wp\/v2\/media\/53690"}],"wp:attachment":[{"href":"https:\/\/informativoelvalledeaguascalientes.online\/index.php?rest_route=%2Fwp%2Fv2%2Fmedia&parent=53688"}],"wp:term":[{"taxonomy":"category","embeddable":true,"href":"https:\/\/informativoelvalledeaguascalientes.online\/index.php?rest_route=%2Fwp%2Fv2%2Fcategories&post=53688"},{"taxonomy":"post_tag","embeddable":true,"href":"https:\/\/informativoelvalledeaguascalientes.online\/index.php?rest_route=%2Fwp%2Fv2%2Ftags&post=53688"}],"curies":[{"name":"wp","href":"https:\/\/api.w.org\/{rel}","templated":true}]}}