{"id":53680,"date":"2024-03-07T19:55:00","date_gmt":"2024-03-08T01:55:00","guid":{"rendered":"https:\/\/informativoelvalledeaguascalientes.online\/?p=53680"},"modified":"2024-03-07T19:55:00","modified_gmt":"2024-03-08T01:55:00","slug":"tere-jimenez-encabeza-conmemoracion-del-dia-internacional-de-la-mujer","status":"publish","type":"post","link":"https:\/\/informativoelvalledeaguascalientes.online\/?p=53680","title":{"rendered":"TERE JIM\u00c9NEZ ENCABEZA CONMEMORACI\u00d3N DEL D\u00cdA INTERNACIONAL DE LA MUJER"},"content":{"rendered":"<p><strong><a href=\"https:\/\/www.facebook.com\/hashtag\/informativoelvalledeaguascalientes\">#informativoelvalledeaguascalientes<\/a><\/strong><\/p>\n<p><strong><a href=\"https:\/\/www.facebook.com\/hashtag\/novaradioaguascalientes\">#novaradioaguascalientes<\/a><\/strong><\/p>\n<p>#informativoelvalledeaguascalientesll<\/p>\n<p><strong><a href=\"https:\/\/www.facebook.com\/GobiernodeAguascalientes\">#ElGiganteDeMexico<\/a><\/strong><\/p>\n<p>&nbsp;<\/p>\n<p>&nbsp;<\/p>\n<ul class=\"xErDo AnCKd\">\n<li class=\"_04hd2 IjV6v\" dir=\"auto\">\n<div>\n<p id=\"viewer-foo\" class=\"-Zro6 -ZADH IjV6v AnCKd _57WYp\"><span class=\"d0767\"><strong><em>La gobernadora particip\u00f3 en el Foro \u201cMujeres L\u00edderes\u201d que se llev\u00f3 a cabo en el Centro de Convenciones de la Isla San Marcos<\/em><\/strong><\/span><\/p>\n<\/div>\n<\/li>\n<\/ul>\n<div id=\"viewer-4330x133\" class=\"-Zro6 -ZADH IjV6v _57WYp\"><span class=\"d0767\">\u00a0<\/span><\/div>\n<div><\/div>\n<p id=\"viewer-7ro15134\" class=\"-Zro6 -ZADH vVfzz AnCKd _57WYp\"><span class=\"d0767 vVfzz\">La gobernadora de Aguascalientes, Tere Jim\u00e9nez, asisti\u00f3 al evento conmemorativo por el\u00a0 D\u00eda Internacional de la Mujer; mencion\u00f3 que las mujeres son un ejemplo de lucha y fortaleza constante.<\/span><\/p>\n<div id=\"viewer-u5kjj136\" class=\"-Zro6 -ZADH IjV6v _57WYp\"><span class=\"d0767\">\u00a0<\/span><\/div>\n<p id=\"viewer-pp5s5137\" class=\"-Zro6 -ZADH vVfzz AnCKd _57WYp\"><span class=\"d0767 vVfzz\">\u201cLas mujeres merecen que se respeten sus derechos, porque ellas har\u00e1n historia en Aguascalientes; las mujeres somos ejemplo de fuerza, tenemos talento y capacidad, honremos a quienes abrieron camino para que hoy tengamos las oportunidades que merecemos\u201d, destac\u00f3 la gobernadora.<\/span><\/p>\n<div id=\"viewer-uqp2c139\" class=\"-Zro6 -ZADH IjV6v _57WYp\"><span class=\"d0767\">\u00a0<\/span><\/div>\n<p id=\"viewer-rqovv140\" class=\"-Zro6 -ZADH vVfzz AnCKd _57WYp\"><span class=\"d0767 vVfzz\">A\u00f1adi\u00f3 que ellas trabajan a diario desde sus diferentes trincheras para construir un entorno sano. \u201cSigamos so\u00f1ando, demostrando que al so\u00f1ar lo podemos hacer realidad; sigamos cumpliendo y superando nuestras metas; todas tenemos un papel esencial en la sociedad, todas somos necesarias\u201d, mencion\u00f3 Tere Jim\u00e9nez.<\/span><\/p>\n<p id=\"viewer-wiy4t142\" class=\"-Zro6 -ZADH vVfzz _57WYp\"><span class=\"d0767 vVfzz\">\u00a0<\/span><\/p>\n<p id=\"viewer-gs8cx144\" class=\"-Zro6 -ZADH vVfzz AnCKd _57WYp\"><span class=\"d0767 vVfzz\">Aurora Jim\u00e9nez Esquivel, primera voluntaria y presidenta del DIF Estatal, dijo sentirse contenta por estar en el evento y aprovech\u00f3 para reconocer la fortaleza de las mujeres; adem\u00e1s, destac\u00f3 que como agentes de cambio, cada una desarrolla un papel fundamental en la sociedad.\u00a0<\/span><\/p>\n<div id=\"viewer-mkxqg146\" class=\"-Zro6 -ZADH IjV6v _57WYp\"><span class=\"d0767\">\u00a0<\/span><\/div>\n<p id=\"viewer-spttg147\" class=\"-Zro6 -ZADH vVfzz AnCKd _57WYp\"><span class=\"d0767 vVfzz\">\u201cAgradecemos a todas las mujeres que contribuyen a mejorar nuestra sociedad, sigamos trabajando juntas para construir un futuro en el que todas las mujeres puedan florecer\u201d, les indic\u00f3.<\/span><\/p>\n<div id=\"viewer-4dhf1149\" class=\"-Zro6 -ZADH IjV6v _57WYp\"><span class=\"d0767\">\u00a0<\/span><\/div>\n<p id=\"viewer-kpdz1150\" class=\"-Zro6 -ZADH vVfzz AnCKd _57WYp\"><span class=\"d0767 vVfzz\">Patricia C\u00e1rdenas, directora general del Instituto Aguascalentense de la Mujer (IAM), reconoci\u00f3 a todas las mujeres en su d\u00eda.<\/span><\/p>\n<div id=\"viewer-0cwn8152\" class=\"-Zro6 -ZADH IjV6v _57WYp\"><span class=\"d0767\">\u00a0<\/span><\/div>\n<p id=\"viewer-6wbpv153\" class=\"-Zro6 -ZADH vVfzz AnCKd _57WYp\"><span class=\"d0767 vVfzz\">\u201cIniciamos marzo, un mes en donde desde 1975 cada d\u00eda 8 se conmemora la lucha constante de millones de mujeres que a lo largo de la historia han trabajado por construir sociedades m\u00e1s justas y m\u00e1s igualitarias; hacer un homenaje a las mujeres que han defendido los derechos de los que hoy gozamos; hoy estamos transformando Aguascalientes\u201d, destac\u00f3.<\/span><\/p>\n<div id=\"viewer-d8lcz155\" class=\"-Zro6 -ZADH IjV6v _57WYp\"><span class=\"d0767\">\u00a0<\/span><\/div>\n<p id=\"viewer-l4egb156\" class=\"-Zro6 -ZADH vVfzz AnCKd _57WYp\"><span class=\"d0767 vVfzz\">Como parte del evento que se llev\u00f3 a cabo en el Centro de Convenciones de la Isla San Marcos, la gobernadora particip\u00f3 en el Foro \u201cMujeres L\u00edderes\u201d, donde comparti\u00f3 experiencias con las asistentes y en el que tambi\u00e9n participaron otras mujeres que han destacado en diferentes \u00e1mbitos.<\/span><\/p>\n<div id=\"viewer-uhet2158\" class=\"-Zro6 -ZADH IjV6v _57WYp\"><span class=\"d0767\">\u00a0<\/span><\/div>\n<p id=\"viewer-zoo9e159\" class=\"-Zro6 -ZADH vVfzz AnCKd _57WYp\"><span class=\"d0767 vVfzz\">Asimismo, asistieron funcionarias y funcionarios estatales, municipales y expositores, entre otras autoridades.<\/span><\/p>\n","protected":false},"excerpt":{"rendered":"<p>#informativoelvalledeaguascalientes #novaradioaguascalientes #informativoelvalledeaguascalientesll #ElGiganteDeMexico &nbsp; &nbsp; La gobernadora particip\u00f3 en el Foro \u201cMujeres L\u00edderes\u201d que se llev\u00f3 a cabo en el Centro de Convenciones de la Isla San Marcos \u00a0 La gobernadora de Aguascalientes, Tere Jim\u00e9nez, asisti\u00f3 al evento conmemorativo por el\u00a0 D\u00eda Internacional de la Mujer; mencion\u00f3 que las mujeres son un ejemplo de [&hellip;]<\/p>\n","protected":false},"author":1,"featured_media":53682,"comment_status":"closed","ping_status":"open","sticky":false,"template":"","format":"standard","meta":{"advanced_seo_description":"","jetpack_seo_html_title":"","jetpack_seo_noindex":false,"_jetpack_memberships_contains_paid_content":false,"footnotes":"","jetpack_publicize_message":"","jetpack_publicize_feature_enabled":true,"jetpack_social_post_already_shared":true,"jetpack_social_options":{"image_generator_settings":{"template":"highway","default_image_id":0,"font":"","enabled":false},"version":2}},"categories":[21,4],"tags":[22,65,615,57,320],"class_list":["post-53680","post","type-post","status-publish","format-standard","has-post-thumbnail","hentry","category-aguascalientes","category-gobierno-del-estado-aguascalientes","tag-aguascalientes","tag-dif-estatal-aguascalientes","tag-gobierno-del-estado-de-aguascalientes","tag-iam","tag-tere-jimenez"],"jetpack_publicize_connections":[],"jetpack_featured_media_url":"https:\/\/i0.wp.com\/informativoelvalledeaguascalientes.online\/wp-content\/uploads\/2024\/03\/MUJER-1.jpg?fit=1440%2C960&ssl=1","jetpack-related-posts":[],"jetpack_sharing_enabled":true,"jetpack_likes_enabled":true,"_links":{"self":[{"href":"https:\/\/informativoelvalledeaguascalientes.online\/index.php?rest_route=\/wp\/v2\/posts\/53680","targetHints":{"allow":["GET"]}}],"collection":[{"href":"https:\/\/informativoelvalledeaguascalientes.online\/index.php?rest_route=\/wp\/v2\/posts"}],"about":[{"href":"https:\/\/informativoelvalledeaguascalientes.online\/index.php?rest_route=\/wp\/v2\/types\/post"}],"author":[{"embeddable":true,"href":"https:\/\/informativoelvalledeaguascalientes.online\/index.php?rest_route=\/wp\/v2\/users\/1"}],"replies":[{"embeddable":true,"href":"https:\/\/informativoelvalledeaguascalientes.online\/index.php?rest_route=%2Fwp%2Fv2%2Fcomments&post=53680"}],"version-history":[{"count":1,"href":"https:\/\/informativoelvalledeaguascalientes.online\/index.php?rest_route=\/wp\/v2\/posts\/53680\/revisions"}],"predecessor-version":[{"id":53683,"href":"https:\/\/informativoelvalledeaguascalientes.online\/index.php?rest_route=\/wp\/v2\/posts\/53680\/revisions\/53683"}],"wp:featuredmedia":[{"embeddable":true,"href":"https:\/\/informativoelvalledeaguascalientes.online\/index.php?rest_route=\/wp\/v2\/media\/53682"}],"wp:attachment":[{"href":"https:\/\/informativoelvalledeaguascalientes.online\/index.php?rest_route=%2Fwp%2Fv2%2Fmedia&parent=53680"}],"wp:term":[{"taxonomy":"category","embeddable":true,"href":"https:\/\/informativoelvalledeaguascalientes.online\/index.php?rest_route=%2Fwp%2Fv2%2Fcategories&post=53680"},{"taxonomy":"post_tag","embeddable":true,"href":"https:\/\/informativoelvalledeaguascalientes.online\/index.php?rest_route=%2Fwp%2Fv2%2Ftags&post=53680"}],"curies":[{"name":"wp","href":"https:\/\/api.w.org\/{rel}","templated":true}]}}