{"id":53646,"date":"2024-03-05T21:14:28","date_gmt":"2024-03-06T03:14:28","guid":{"rendered":"https:\/\/informativoelvalledeaguascalientes.online\/?p=53646"},"modified":"2024-03-05T21:14:28","modified_gmt":"2024-03-06T03:14:28","slug":"habra-cierres-viales-en-jm-por-carrera-con-color","status":"publish","type":"post","link":"https:\/\/informativoelvalledeaguascalientes.online\/?p=53646","title":{"rendered":"HABR\u00c1 CIERRES VIALES EN JM POR CARRERA CON COLOR"},"content":{"rendered":"<p><strong><a href=\"https:\/\/www.facebook.com\/hashtag\/informativoelvalledeaguascalientes\">#informativoelvalledeaguascalientes<\/a><\/strong><\/p>\n<p><strong><a href=\"https:\/\/www.facebook.com\/hashtag\/novaradioaguascalientes\">#novaradioaguascalientes<\/a><\/strong><\/p>\n<p>#informativoelvalledeaguascalientesll<\/p>\n<p>&nbsp;<\/p>\n<p>En el marco del D\u00eda de la Mujer, la Secretar\u00eda de Seguridad P\u00fablica y de Vialidad del Municipio de Jes\u00fas Mar\u00eda, informa a la ciudadan\u00eda que el mi\u00e9rcoles 6 de marzo habr\u00e1 cierres viales con motivo de la Carrera con Color por los Derechos de la Mujer.<\/p>\n<p>La Carrera con Color, dar\u00e1 inicio a las 17:30 horas en la calle Emiliano Zapata, frente a la Presidencia Municipal, de all\u00ed, las participantes continuar\u00e1n por Ignacio Allende, hasta Alejandro de la Cruz, donde se realizar\u00e1 el retorno para tomar Constituci\u00f3n y Centenario para finalizar en Emiliano Zapata.<\/p>\n<p>Para proteger la integridad de las participantes, el \u00e1rea de Vialidad Municipal efectuar\u00e1 cierres a la circulaci\u00f3n en las calles Zapata, Allende y Centenario.<\/p>\n<p>Como v\u00edas alternas, se sugiere circular sobre Matamoros al oriente, tomar la avenida San Lorenzo, Julio Cadena o Abasolo.<\/p>\n","protected":false},"excerpt":{"rendered":"<p>#informativoelvalledeaguascalientes #novaradioaguascalientes #informativoelvalledeaguascalientesll &nbsp; En el marco del D\u00eda de la Mujer, la Secretar\u00eda de Seguridad P\u00fablica y de Vialidad del Municipio de Jes\u00fas Mar\u00eda, informa a la ciudadan\u00eda que el mi\u00e9rcoles 6 de marzo habr\u00e1 cierres viales con motivo de la Carrera con Color por los Derechos de la Mujer. La Carrera con Color, [&hellip;]<\/p>\n","protected":false},"author":1,"featured_media":53648,"comment_status":"closed","ping_status":"open","sticky":false,"template":"","format":"standard","meta":{"advanced_seo_description":"","jetpack_seo_html_title":"","jetpack_seo_noindex":false,"_jetpack_memberships_contains_paid_content":false,"footnotes":"","jetpack_publicize_message":"","jetpack_publicize_feature_enabled":true,"jetpack_social_post_already_shared":true,"jetpack_social_options":{"image_generator_settings":{"template":"highway","default_image_id":0,"font":"","enabled":false},"version":2}},"categories":[21,14],"tags":[22,45],"class_list":["post-53646","post","type-post","status-publish","format-standard","has-post-thumbnail","hentry","category-aguascalientes","category-jesus-maria-aguascalientes","tag-aguascalientes","tag-jesus-maria-aguascalientes"],"jetpack_publicize_connections":[],"jetpack_featured_media_url":"https:\/\/i0.wp.com\/informativoelvalledeaguascalientes.online\/wp-content\/uploads\/2024\/03\/52fdc160-2894-459d-adfd-0b49e2aeeff4.jpg?fit=1279%2C1600&ssl=1","jetpack-related-posts":[],"jetpack_sharing_enabled":true,"jetpack_likes_enabled":true,"_links":{"self":[{"href":"https:\/\/informativoelvalledeaguascalientes.online\/index.php?rest_route=\/wp\/v2\/posts\/53646","targetHints":{"allow":["GET"]}}],"collection":[{"href":"https:\/\/informativoelvalledeaguascalientes.online\/index.php?rest_route=\/wp\/v2\/posts"}],"about":[{"href":"https:\/\/informativoelvalledeaguascalientes.online\/index.php?rest_route=\/wp\/v2\/types\/post"}],"author":[{"embeddable":true,"href":"https:\/\/informativoelvalledeaguascalientes.online\/index.php?rest_route=\/wp\/v2\/users\/1"}],"replies":[{"embeddable":true,"href":"https:\/\/informativoelvalledeaguascalientes.online\/index.php?rest_route=%2Fwp%2Fv2%2Fcomments&post=53646"}],"version-history":[{"count":1,"href":"https:\/\/informativoelvalledeaguascalientes.online\/index.php?rest_route=\/wp\/v2\/posts\/53646\/revisions"}],"predecessor-version":[{"id":53649,"href":"https:\/\/informativoelvalledeaguascalientes.online\/index.php?rest_route=\/wp\/v2\/posts\/53646\/revisions\/53649"}],"wp:featuredmedia":[{"embeddable":true,"href":"https:\/\/informativoelvalledeaguascalientes.online\/index.php?rest_route=\/wp\/v2\/media\/53648"}],"wp:attachment":[{"href":"https:\/\/informativoelvalledeaguascalientes.online\/index.php?rest_route=%2Fwp%2Fv2%2Fmedia&parent=53646"}],"wp:term":[{"taxonomy":"category","embeddable":true,"href":"https:\/\/informativoelvalledeaguascalientes.online\/index.php?rest_route=%2Fwp%2Fv2%2Fcategories&post=53646"},{"taxonomy":"post_tag","embeddable":true,"href":"https:\/\/informativoelvalledeaguascalientes.online\/index.php?rest_route=%2Fwp%2Fv2%2Ftags&post=53646"}],"curies":[{"name":"wp","href":"https:\/\/api.w.org\/{rel}","templated":true}]}}