{"id":5333,"date":"2020-04-16T15:24:52","date_gmt":"2020-04-16T21:24:52","guid":{"rendered":"https:\/\/informativoelvalledeaguascalientes.online\/?p=5333"},"modified":"2020-04-16T15:24:52","modified_gmt":"2020-04-16T21:24:52","slug":"sociedad-civil-sector-privado-y-los-tres-ordenes-de-gobierno-presentan-fundacion-todos-por-aguascalientes","status":"publish","type":"post","link":"https:\/\/informativoelvalledeaguascalientes.online\/?p=5333","title":{"rendered":"SOCIEDAD CIVIL, SECTOR PRIVADO Y LOS TRES \u00d3RDENES DE GOBIERNO PRESENTAN FUNDACI\u00d3N \u201cTODOS POR AGUASCALIENTES\u201d"},"content":{"rendered":"<ul>\n<li dir=\"ltr\">\n<p dir=\"ltr\">Iniciativa brindar\u00e1 apoyos alimenticios a las familias aguascalentenses que se han visto m\u00e1s afectadas ante la pandemia del Coronavirus<\/p>\n<\/li>\n<li dir=\"ltr\">\n<p dir=\"ltr\">En estos momentos es de suma importancia apoyar a quienes m\u00e1s lo necesitan, sin buscar en la caridad el protagonismo: Garica Zavala<\/p>\n<\/li>\n<\/ul>\n<p>&nbsp;<\/p>\n<p dir=\"ltr\">De manera colaborativa, la sociedad civil organizada, la iniciativa privada, as\u00ed como los poderes ejecutivo, legislativo y judicial, sumar\u00e1n esfuerzos desde su \u00e1mbito de competencia para poner en marcha la Fundaci\u00f3n \u201cTodos por Aguascalientes\u201d, la cual tiene como objetivo brindar apoyos alimenticios a las familias aguascalentenses que se han visto m\u00e1s afectadas ante la pandemia del Coronavirus (COVID-19).<\/p>\n<p>&nbsp;<\/p>\n<p dir=\"ltr\">Durante la presentaci\u00f3n de esta iniciativa, el gobernador Mart\u00edn Orozco Sandoval anunci\u00f3 que ante estas circunstancias sanitarias de \u00edndole mundial que han tenido repercusiones en lo nacional y lo local, el gobierno del estado ha implementado diversas acciones de manera anticipada para aminorar los impactos sociales y econ\u00f3micos en la entidad por este virus, como lo es el fortalecimiento del sector salud, la implementaci\u00f3n de la estrategia \u201cCentinela\u201d, el plan de apoyo econ\u00f3mico \u201cTodos por Aguascalientes\u201d, entre otros.<\/p>\n<p>&nbsp;<\/p>\n<p dir=\"ltr\">Sin embargo, el mandatario estatal recalc\u00f3 que existen grupos poblacionales que se han visto m\u00e1s desprotegidos ante esta crisis, pues sus din\u00e1micas han implicado suspender sus actividades econ\u00f3micas, por lo que el trabajo de esta fundaci\u00f3n garantizar\u00e1 apoyos alimenticios a estos sectores.<\/p>\n<p>&nbsp;<\/p>\n<p dir=\"ltr\">En este sentido, Orozco Sandoval especific\u00f3 que la asociaci\u00f3n Caritas, gestionar\u00e1 la distribuci\u00f3n de la ayuda, con apoyo del sector empresarial, dependencias gubernamentales, organismos descentralizados y sector educativo, todo bajo un marco de total transparencia.<\/p>\n<p>&nbsp;<\/p>\n<p dir=\"ltr\">Al tomar la palabra, Carlos Alberto Garica Zavala, director de Caritas Aguascalientes y presidente del Comit\u00e9 ciudadano \u201cTodos por Aguascalientes\u201d, llam\u00f3 a la solidaridad y a la uni\u00f3n que trascienda las ideolog\u00edas y el revanchismo, pues en estos momentos es de suma importancia apoyar a quienes m\u00e1s lo necesitan, sin buscar en la caridad el protagonismo.<\/p>\n<p>&nbsp;<\/p>\n<p dir=\"ltr\">Se\u00f1al\u00f3 que ser\u00e1 a trav\u00e9s de Caritas, que se otorgar\u00e1n apoyos en especie a las familias de Aguascalientes m\u00e1s golpeadas por la crisis sanitaria, y que ser\u00e1n el empresariado, la sociedad civil, las universidades y el gobierno, quienes generosamente y de forma desinteresada gestionar\u00e1n la ayuda.<\/p>\n<p>&nbsp;<\/p>\n<p dir=\"ltr\">Por su parte, Mar\u00eda Eugenia Velasco Mar\u00edn, directora de Control y Prevenci\u00f3n de Enfermedades del ISSEA, al dar a conocer el contexto por la contingencia sanitaria del Coronavirus, present\u00f3 las acciones que se han desplegado para prevenir el aumento de los contagios.<\/p>\n<p>&nbsp;<\/p>\n<p dir=\"ltr\">En este sentido dentro del evento se hizo una propuesta a empresarios para que el sector salud implemente la estrategia \u201cCentinela\u201d en sus organizaciones, para brindar tranquilidad al sector productivo y econ\u00f3mico para que sus actividades contin\u00faen operando sin ning\u00fan riesgo.<\/p>\n<p>&nbsp;<\/p>\n<p dir=\"ltr\">Cabe mencionar que a esta presentaci\u00f3n acudieron integrantes de los poderes legislativo y judicial, integrantes del comit\u00e9 ciudadano de la fundaci\u00f3n \u201cTodos por Aguascalientes\u201d, as\u00ed como integrantes del sector empresarial, funcionarios p\u00fablicos e integrantes de la sociedad civil.<\/p>\n","protected":false},"excerpt":{"rendered":"<p>Iniciativa brindar\u00e1 apoyos alimenticios a las familias aguascalentenses que se han visto m\u00e1s afectadas ante la pandemia del Coronavirus En estos momentos es de suma importancia apoyar a quienes m\u00e1s lo necesitan, sin buscar en la caridad el protagonismo: Garica Zavala &nbsp; De manera colaborativa, la sociedad civil organizada, la iniciativa privada, as\u00ed como los [&hellip;]<\/p>\n","protected":false},"author":1,"featured_media":5334,"comment_status":"closed","ping_status":"open","sticky":false,"template":"","format":"standard","meta":{"advanced_seo_description":"","jetpack_seo_html_title":"","jetpack_seo_noindex":false,"_jetpack_memberships_contains_paid_content":false,"footnotes":"","jetpack_publicize_message":"","jetpack_publicize_feature_enabled":true,"jetpack_social_post_already_shared":true,"jetpack_social_options":{"image_generator_settings":{"template":"highway","default_image_id":0,"font":"","enabled":false},"version":2}},"categories":[21,4],"tags":[22,65,31],"class_list":["post-5333","post","type-post","status-publish","format-standard","has-post-thumbnail","hentry","category-aguascalientes","category-gobierno-del-estado-aguascalientes","tag-aguascalientes","tag-dif-estatal-aguascalientes","tag-mos"],"jetpack_publicize_connections":[],"jetpack_featured_media_url":"https:\/\/i0.wp.com\/informativoelvalledeaguascalientes.online\/wp-content\/uploads\/2020\/04\/mos_apoyo_15042020.jpg?fit=876%2C631&ssl=1","jetpack-related-posts":[],"jetpack_sharing_enabled":true,"jetpack_likes_enabled":true,"_links":{"self":[{"href":"https:\/\/informativoelvalledeaguascalientes.online\/index.php?rest_route=\/wp\/v2\/posts\/5333","targetHints":{"allow":["GET"]}}],"collection":[{"href":"https:\/\/informativoelvalledeaguascalientes.online\/index.php?rest_route=\/wp\/v2\/posts"}],"about":[{"href":"https:\/\/informativoelvalledeaguascalientes.online\/index.php?rest_route=\/wp\/v2\/types\/post"}],"author":[{"embeddable":true,"href":"https:\/\/informativoelvalledeaguascalientes.online\/index.php?rest_route=\/wp\/v2\/users\/1"}],"replies":[{"embeddable":true,"href":"https:\/\/informativoelvalledeaguascalientes.online\/index.php?rest_route=%2Fwp%2Fv2%2Fcomments&post=5333"}],"version-history":[{"count":1,"href":"https:\/\/informativoelvalledeaguascalientes.online\/index.php?rest_route=\/wp\/v2\/posts\/5333\/revisions"}],"predecessor-version":[{"id":5335,"href":"https:\/\/informativoelvalledeaguascalientes.online\/index.php?rest_route=\/wp\/v2\/posts\/5333\/revisions\/5335"}],"wp:featuredmedia":[{"embeddable":true,"href":"https:\/\/informativoelvalledeaguascalientes.online\/index.php?rest_route=\/wp\/v2\/media\/5334"}],"wp:attachment":[{"href":"https:\/\/informativoelvalledeaguascalientes.online\/index.php?rest_route=%2Fwp%2Fv2%2Fmedia&parent=5333"}],"wp:term":[{"taxonomy":"category","embeddable":true,"href":"https:\/\/informativoelvalledeaguascalientes.online\/index.php?rest_route=%2Fwp%2Fv2%2Fcategories&post=5333"},{"taxonomy":"post_tag","embeddable":true,"href":"https:\/\/informativoelvalledeaguascalientes.online\/index.php?rest_route=%2Fwp%2Fv2%2Ftags&post=5333"}],"curies":[{"name":"wp","href":"https:\/\/api.w.org\/{rel}","templated":true}]}}