{"id":5327,"date":"2020-04-14T19:50:32","date_gmt":"2020-04-15T01:50:32","guid":{"rendered":"https:\/\/informativoelvalledeaguascalientes.online\/?p=5327"},"modified":"2020-04-14T19:50:32","modified_gmt":"2020-04-15T01:50:32","slug":"tere-jimenez-arranca-obra-de-rehabilitacion-en-avenida-convencion-norte","status":"publish","type":"post","link":"https:\/\/informativoelvalledeaguascalientes.online\/?p=5327","title":{"rendered":"TERE JIM\u00c9NEZ ARRANCA OBRA DE REHABILITACI\u00d3N EN AVENIDA CONVENCI\u00d3N NORTE"},"content":{"rendered":"<div class=\"opinion-section opinion-single-cover opinion-indent opinion-overlay\">\n<div class=\"container\">\n<div class=\"section-head row justify-content-center text-center\">\n<div class=\"col-12 col-md-8\"><\/div>\n<\/div>\n<\/div>\n<\/div>\n<div class=\"opinion-section\">\n<div class=\"container\">\n<div class=\"section-content row justify-content-center\">\n<div class=\"col-12 col-lg-8 opinion-order-1\">\n<article class=\"opinion-post opinion-single post-15350 post type-post status-publish format-standard has-post-thumbnail hentry category-obras-publicas tag-arranque-de-obra-municipio tag-mantenimiento-de-vialidades tag-marco-antonio-licon-davila\">\n<div class=\"entry-content\">\n<p><strong>Con una inversi\u00f3n de m\u00e1s de 2 millones de pesos se rehabilitar\u00e1 la carpeta asf\u00e1ltica del tramo de la calle Edmundo G\u00e1mez Orozco hasta Carlos Sagredo y San Clemente<\/strong><\/p>\n<p>Este martes la alcaldesa\u00a0<strong>Tere Jim\u00e9nez<\/strong>\u00a0dio el banderazo de arranque de la segunda etapa de colocaci\u00f3n de carpeta asf\u00e1ltica en Avenida Convenci\u00f3n Norte en la calzada Sur, acciones en las que invertir\u00e1 m\u00e1s de 2 millones de pesos para garantizar un tr\u00e1nsito seguro a los miles de automovilistas que conducen por esta importante avenida de la ciudad.<\/p>\n<p>Al verificar el inicio de este proyecto, la alcaldesa inform\u00f3 que el Ayuntamiento de Aguascalientes sigue trabajando pese a la contingencia por el COVID 19, tomando en cuenta los protocolos de seguridad y cuidados de salud del personal.<\/p>\n<p><strong>Marco Antonio Lic\u00f3n D\u00e1vila,\u00a0<\/strong>Secretario de Obras P\u00fablicas Municipales, dio a conocer que quedan pendientes\u00a0 4 etapas de la obra que abarcar\u00e1n del tramo de Avenida Fundici\u00f3n, hasta Avenida Universidad cubriendo un total de 700 metros lineales de asfalto, que se traducen en una inversi\u00f3n de m\u00e1s de 12 millones de pesos.<\/p>\n<p>Anunci\u00f3 que la circulaci\u00f3n en Avenida Convenci\u00f3n se mantendr\u00e1 abierta en un solo carril de la calzada sur, por lo que sugiri\u00f3 tomar rutas alternas.<\/p>\n<\/div>\n<\/article>\n<\/div>\n<\/div>\n<\/div>\n<\/div>\n","protected":false},"excerpt":{"rendered":"<p>Con una inversi\u00f3n de m\u00e1s de 2 millones de pesos se rehabilitar\u00e1 la carpeta asf\u00e1ltica del tramo de la calle Edmundo G\u00e1mez Orozco hasta Carlos Sagredo y San Clemente Este martes la alcaldesa\u00a0Tere Jim\u00e9nez\u00a0dio el banderazo de arranque de la segunda etapa de colocaci\u00f3n de carpeta asf\u00e1ltica en Avenida Convenci\u00f3n Norte en la calzada Sur, [&hellip;]<\/p>\n","protected":false},"author":1,"featured_media":5328,"comment_status":"closed","ping_status":"open","sticky":false,"template":"","format":"standard","meta":{"advanced_seo_description":"","jetpack_seo_html_title":"","jetpack_seo_noindex":false,"_jetpack_memberships_contains_paid_content":false,"footnotes":"","jetpack_publicize_message":"","jetpack_publicize_feature_enabled":true,"jetpack_social_post_already_shared":true,"jetpack_social_options":{"image_generator_settings":{"template":"highway","default_image_id":0,"font":"","enabled":false},"version":2}},"categories":[21,3],"tags":[22,25],"class_list":["post-5327","post","type-post","status-publish","format-standard","has-post-thumbnail","hentry","category-aguascalientes","category-municipio-aguascalientes","tag-aguascalientes","tag-mpio-aguascalientes"],"jetpack_publicize_connections":[],"jetpack_featured_media_url":"https:\/\/i0.wp.com\/informativoelvalledeaguascalientes.online\/wp-content\/uploads\/2020\/04\/mpio_ags_obra_conv_14042020.jpg?fit=1024%2C683&ssl=1","jetpack-related-posts":[],"jetpack_sharing_enabled":true,"jetpack_likes_enabled":true,"_links":{"self":[{"href":"https:\/\/informativoelvalledeaguascalientes.online\/index.php?rest_route=\/wp\/v2\/posts\/5327","targetHints":{"allow":["GET"]}}],"collection":[{"href":"https:\/\/informativoelvalledeaguascalientes.online\/index.php?rest_route=\/wp\/v2\/posts"}],"about":[{"href":"https:\/\/informativoelvalledeaguascalientes.online\/index.php?rest_route=\/wp\/v2\/types\/post"}],"author":[{"embeddable":true,"href":"https:\/\/informativoelvalledeaguascalientes.online\/index.php?rest_route=\/wp\/v2\/users\/1"}],"replies":[{"embeddable":true,"href":"https:\/\/informativoelvalledeaguascalientes.online\/index.php?rest_route=%2Fwp%2Fv2%2Fcomments&post=5327"}],"version-history":[{"count":1,"href":"https:\/\/informativoelvalledeaguascalientes.online\/index.php?rest_route=\/wp\/v2\/posts\/5327\/revisions"}],"predecessor-version":[{"id":5329,"href":"https:\/\/informativoelvalledeaguascalientes.online\/index.php?rest_route=\/wp\/v2\/posts\/5327\/revisions\/5329"}],"wp:featuredmedia":[{"embeddable":true,"href":"https:\/\/informativoelvalledeaguascalientes.online\/index.php?rest_route=\/wp\/v2\/media\/5328"}],"wp:attachment":[{"href":"https:\/\/informativoelvalledeaguascalientes.online\/index.php?rest_route=%2Fwp%2Fv2%2Fmedia&parent=5327"}],"wp:term":[{"taxonomy":"category","embeddable":true,"href":"https:\/\/informativoelvalledeaguascalientes.online\/index.php?rest_route=%2Fwp%2Fv2%2Fcategories&post=5327"},{"taxonomy":"post_tag","embeddable":true,"href":"https:\/\/informativoelvalledeaguascalientes.online\/index.php?rest_route=%2Fwp%2Fv2%2Ftags&post=5327"}],"curies":[{"name":"wp","href":"https:\/\/api.w.org\/{rel}","templated":true}]}}