{"id":52868,"date":"2024-02-14T00:29:44","date_gmt":"2024-02-14T06:29:44","guid":{"rendered":"https:\/\/informativoelvalledeaguascalientes.online\/?p=52868"},"modified":"2024-02-14T00:29:44","modified_gmt":"2024-02-14T06:29:44","slug":"comision-permanente-estatal-del-pan-en-aguascalientes-acuerda-candidaturas-locales","status":"publish","type":"post","link":"https:\/\/informativoelvalledeaguascalientes.online\/?p=52868","title":{"rendered":"COMISI\u00d3N PERMANENTE ESTATAL DEL PAN EN AGUASCALIENTES ACUERDA CANDIDATURAS LOCALES"},"content":{"rendered":"<p><strong><a href=\"https:\/\/www.facebook.com\/hashtag\/informativoelvalledeaguascalientes\">#informativoelvalledeaguascalientes<\/a><\/strong><\/p>\n<p><strong><a href=\"https:\/\/www.facebook.com\/hashtag\/novaradioaguascalientes\">#novaradioaguascalientes<\/a><\/strong><\/p>\n<p>#informativoelvalledeaguascalientesll<\/p>\n<p>&nbsp;<\/p>\n<p><strong>\u00a0<\/strong><\/p>\n<ul>\n<li><strong><em>Acci\u00f3n Nacional siglar\u00e1 7 candidaturas para alcald\u00edas y 13 para diputaciones.<\/em><\/strong><\/li>\n<\/ul>\n<p>&nbsp;<\/p>\n<p>La Comisi\u00f3n Permanente Estatal del Partido Acci\u00f3n Nacional (PAN) en Aguascalientes se reuni\u00f3 para presentar y aprobar de manera un\u00e1nime el acuerdo de candidaturas que el partido estar\u00e1 respaldando para diputaciones locales y alcald\u00edas en el estado.<\/p>\n<p>En la sesi\u00f3n que encabezaron el presidente del Comit\u00e9 Directivo Estatal del PAN en Aguascalientes, Javier Lu\u00e9vano N\u00fa\u00f1ez y la secretaria general, Paloma Am\u00e9zquita Carre\u00f3n, se present\u00f3 el cuadro en consenso entre los miembros de la Comisi\u00f3n, en el que se establece las candidaturas que representar\u00e1n al PAN en la pr\u00f3xima contienda electoral.<\/p>\n<p>Dichas propuestas ser\u00e1n presentadas en los pr\u00f3ximos d\u00edas ante la Comisi\u00f3n Permanente Nacional, quien analizar\u00e1 y, en su caso, aprobar\u00e1 la propuesta, dando cumplimiento en tiempo y forma con el calendario electoral para la pr\u00f3xima contienda.<\/p>\n<p>El l\u00edder estatal panista, destac\u00f3 el esfuerzo conjunto que permiti\u00f3 estructurar el cuadro de aspirantes, asegurando que las designaciones se realizaron conforme a lo previamente establecido por el partido.<\/p>\n<p>&#8220;El trabajo se est\u00e1 llevando a cabo con la convicci\u00f3n de que los perfiles que habr\u00e1n de buscar la confianza de las y los ciudadanos sean los m\u00e1s capaces y comprometidos\u201d,\u00a0 afirm\u00f3 el presidente Javier Lu\u00e9vano. &#8220;Nuestro objetivo es conformar un equipo s\u00f3lido, con personas que busquen dar continuidad a los buenos resultados para Aguascalientes, en cada una de las posiciones por las que van a contender, por ello es fundamental lograr a trav\u00e9s de este acuerdo, un equipo fuerte en el que no solo el partido, sino la sociedad conf\u00ede y refrende su confianza hacia Acci\u00f3n Nacional\u201d.<\/p>\n<p>Finalmente, Javier Lu\u00e9vano N\u00fa\u00f1ez, se\u00f1al\u00f3 que el panismo en Aguascalientes reafirma su compromiso con la transparencia en sus procesos de manera interna y para que esta contienda electoral transcurra\u00a0 de manera en que\u00a0 se propicie la participaci\u00f3n de las y los ciudadanos en la elecci\u00f3n de sus representantes.<\/p>\n<p>Los cuadros de candidaturas quedaron conformados de la siguiente forma:<\/p>\n<p>&nbsp;<\/p>\n<p>ALCALD\u00cdAS<\/p>\n<table width=\"589\">\n<tbody>\n<tr>\n<td width=\"295\">MUNICIPIO<\/td>\n<td width=\"295\">PROPIETARIO<\/td>\n<\/tr>\n<tr>\n<td width=\"295\">Aguascalientes<\/td>\n<td width=\"295\">Leonardo Monta\u00f1ez Castro<\/td>\n<\/tr>\n<tr>\n<td width=\"295\">Calvillo<\/td>\n<td width=\"295\">Daniel Romo Urrutia<\/td>\n<\/tr>\n<tr>\n<td width=\"295\">El Llano<\/td>\n<td width=\"295\">Marisol Herrera Ortiz<\/td>\n<\/tr>\n<tr>\n<td width=\"295\">Jes\u00fas Mar\u00eda<\/td>\n<td width=\"295\">C\u00e9sar Fernando Medina Cervantes<\/td>\n<\/tr>\n<tr>\n<td width=\"295\">Pabell\u00f3n de Arteaga<\/td>\n<td width=\"295\">Lucero Espinoza V\u00e1zquez<\/td>\n<\/tr>\n<tr>\n<td width=\"295\">Rinc\u00f3n de Romos<\/td>\n<td width=\"295\">H\u00e9ctor Castorena Esparza<\/td>\n<\/tr>\n<tr>\n<td width=\"295\">San Jos\u00e9 de Gracia<\/td>\n<td width=\"295\">Laura Araceli Gonz\u00e1lez Reyes<\/td>\n<\/tr>\n<\/tbody>\n<\/table>\n<p>&nbsp;<\/p>\n<p>&nbsp;<\/p>\n<p>&nbsp;<\/p>\n<p>DIPUTACIONES<\/p>\n<table width=\"586\">\n<tbody>\n<tr>\n<td width=\"102\">DISTRITO<\/td>\n<td width=\"484\">PROPIETARIO<\/td>\n<\/tr>\n<tr>\n<td width=\"102\">1<\/td>\n<td width=\"484\">Amisadai Manuel Castorena Romo<\/td>\n<\/tr>\n<tr>\n<td width=\"102\">2<\/td>\n<td width=\"484\">Ma. Guadalupe Mendoza Medrano<\/td>\n<\/tr>\n<tr>\n<td width=\"102\">4<\/td>\n<td width=\"484\">Beatriz Montoya Hern\u00e1ndez<\/td>\n<\/tr>\n<tr>\n<td width=\"102\">5<\/td>\n<td width=\"484\">Humberto Javier Montero de Alba<\/td>\n<\/tr>\n<tr>\n<td width=\"102\">6<\/td>\n<td width=\"484\">Luis Salvador Alcal\u00e1 Dur\u00e1n<\/td>\n<\/tr>\n<tr>\n<td width=\"102\">7<\/td>\n<td width=\"484\">Laura Patricia Ponce Luna<\/td>\n<\/tr>\n<tr>\n<td width=\"102\">8<\/td>\n<td width=\"484\">Ad\u00e1n Valdivia L\u00f3pez<\/td>\n<\/tr>\n<tr>\n<td width=\"102\">10<\/td>\n<td width=\"484\">Nancy Jeanette Guti\u00e9rrez Ruvalcaba<\/td>\n<\/tr>\n<tr>\n<td width=\"102\">11<\/td>\n<td width=\"484\">Arlette Ivette Mu\u00f1oz Cervantes<\/td>\n<\/tr>\n<tr>\n<td width=\"102\">14<\/td>\n<td width=\"484\">Rodrigo Cervantes Medina<\/td>\n<\/tr>\n<tr>\n<td width=\"102\">15<\/td>\n<td width=\"484\">Luis Guadalupe Le\u00f3n M\u00e9ndez<\/td>\n<\/tr>\n<tr>\n<td width=\"102\">17<\/td>\n<td width=\"484\">Salvador Maximiliano Ram\u00edrez Hern\u00e1ndez<\/td>\n<\/tr>\n<tr>\n<td width=\"102\">18<\/td>\n<td width=\"484\">Mirna Rubiela Medina Rubalcaba<\/td>\n<\/tr>\n<tr>\n<td width=\"102\">RP<\/td>\n<td width=\"484\">Christian Salvador Guti\u00e9rrez M\u00e1rquez<\/td>\n<\/tr>\n<\/tbody>\n<\/table>\n<p>&nbsp;<\/p>\n","protected":false},"excerpt":{"rendered":"<p>#informativoelvalledeaguascalientes #novaradioaguascalientes #informativoelvalledeaguascalientesll &nbsp; \u00a0 Acci\u00f3n Nacional siglar\u00e1 7 candidaturas para alcald\u00edas y 13 para diputaciones. &nbsp; La Comisi\u00f3n Permanente Estatal del Partido Acci\u00f3n Nacional (PAN) en Aguascalientes se reuni\u00f3 para presentar y aprobar de manera un\u00e1nime el acuerdo de candidaturas que el partido estar\u00e1 respaldando para diputaciones locales y alcald\u00edas en el estado. En [&hellip;]<\/p>\n","protected":false},"author":1,"featured_media":52869,"comment_status":"closed","ping_status":"open","sticky":false,"template":"","format":"standard","meta":{"advanced_seo_description":"","jetpack_seo_html_title":"","jetpack_seo_noindex":false,"_jetpack_memberships_contains_paid_content":false,"footnotes":"","jetpack_publicize_message":"","jetpack_publicize_feature_enabled":true,"jetpack_social_post_already_shared":true,"jetpack_social_options":{"image_generator_settings":{"template":"highway","default_image_id":0,"font":"","enabled":false},"version":2}},"categories":[21,6],"tags":[22,23,43],"class_list":["post-52868","post","type-post","status-publish","format-standard","has-post-thumbnail","hentry","category-aguascalientes","category-partidos-politicos","tag-aguascalientes","tag-pan-aguascalientes","tag-pan-aguascalientes-cde"],"jetpack_publicize_connections":[],"jetpack_featured_media_url":"https:\/\/i0.wp.com\/informativoelvalledeaguascalientes.online\/wp-content\/uploads\/2024\/02\/c84fb801-70b6-48c4-bf23-58701a78b270.jpeg?fit=1600%2C1066&ssl=1","jetpack-related-posts":[],"jetpack_sharing_enabled":true,"jetpack_likes_enabled":true,"_links":{"self":[{"href":"https:\/\/informativoelvalledeaguascalientes.online\/index.php?rest_route=\/wp\/v2\/posts\/52868","targetHints":{"allow":["GET"]}}],"collection":[{"href":"https:\/\/informativoelvalledeaguascalientes.online\/index.php?rest_route=\/wp\/v2\/posts"}],"about":[{"href":"https:\/\/informativoelvalledeaguascalientes.online\/index.php?rest_route=\/wp\/v2\/types\/post"}],"author":[{"embeddable":true,"href":"https:\/\/informativoelvalledeaguascalientes.online\/index.php?rest_route=\/wp\/v2\/users\/1"}],"replies":[{"embeddable":true,"href":"https:\/\/informativoelvalledeaguascalientes.online\/index.php?rest_route=%2Fwp%2Fv2%2Fcomments&post=52868"}],"version-history":[{"count":1,"href":"https:\/\/informativoelvalledeaguascalientes.online\/index.php?rest_route=\/wp\/v2\/posts\/52868\/revisions"}],"predecessor-version":[{"id":52870,"href":"https:\/\/informativoelvalledeaguascalientes.online\/index.php?rest_route=\/wp\/v2\/posts\/52868\/revisions\/52870"}],"wp:featuredmedia":[{"embeddable":true,"href":"https:\/\/informativoelvalledeaguascalientes.online\/index.php?rest_route=\/wp\/v2\/media\/52869"}],"wp:attachment":[{"href":"https:\/\/informativoelvalledeaguascalientes.online\/index.php?rest_route=%2Fwp%2Fv2%2Fmedia&parent=52868"}],"wp:term":[{"taxonomy":"category","embeddable":true,"href":"https:\/\/informativoelvalledeaguascalientes.online\/index.php?rest_route=%2Fwp%2Fv2%2Fcategories&post=52868"},{"taxonomy":"post_tag","embeddable":true,"href":"https:\/\/informativoelvalledeaguascalientes.online\/index.php?rest_route=%2Fwp%2Fv2%2Ftags&post=52868"}],"curies":[{"name":"wp","href":"https:\/\/api.w.org\/{rel}","templated":true}]}}