{"id":52865,"date":"2024-02-14T00:24:49","date_gmt":"2024-02-14T06:24:49","guid":{"rendered":"https:\/\/informativoelvalledeaguascalientes.online\/?p=52865"},"modified":"2024-02-14T00:24:49","modified_gmt":"2024-02-14T06:24:49","slug":"aguascalientes-presente-en-la-feria-internacional-de-turismo-madrid-espana","status":"publish","type":"post","link":"https:\/\/informativoelvalledeaguascalientes.online\/?p=52865","title":{"rendered":"AGUASCALIENTES, PRESENTE EN LA FERIA INTERNACIONAL DE TURISMO MADRID, ESPA\u00d1A"},"content":{"rendered":"<p><strong><a href=\"https:\/\/www.facebook.com\/hashtag\/informativoelvalledeaguascalientes\">#informativoelvalledeaguascalientes<\/a><\/strong><\/p>\n<p><strong><a href=\"https:\/\/www.facebook.com\/hashtag\/novaradioaguascalientes\">#novaradioaguascalientes<\/a><\/strong><\/p>\n<p>#informativoelvalledeaguascalientesll<\/p>\n<p><strong><a href=\"https:\/\/www.facebook.com\/GobiernodeAguascalientes\">#ElGiganteDeMexico<\/a><\/strong><\/p>\n<ul class=\"xErDo AnCKd\">\n<li class=\"_04hd2 vVfzz\" dir=\"auto\">\n<div>\n<p id=\"viewer-9l47o121\" class=\"-Zro6 -ZADH vVfzz AnCKd _57WYp\"><span class=\"d0767 vVfzz\"><strong><em>El estado fue invitado a participar en el Festival por el D\u00eda de Muertos que organizar\u00e1 la Embajada de M\u00e9xico en Madrid en noviembre de 2024<\/em><\/strong><\/span><\/p>\n<\/div>\n<\/li>\n<\/ul>\n<ul class=\"xErDo AnCKd\">\n<li class=\"_04hd2 vVfzz\" dir=\"auto\">\n<div>\n<p id=\"viewer-08w0o124\" class=\"-Zro6 -ZADH vVfzz AnCKd _57WYp\"><span class=\"d0767 vVfzz\"><strong><em>Tambi\u00e9n se develar\u00e1 una escultura de Jos\u00e9 Guadalupe Posada, realizada por un artista local, en tierras espa\u00f1olas<\/em><\/strong><\/span><\/p>\n<\/div>\n<\/li>\n<\/ul>\n<div id=\"viewer-jghfm126\" class=\"-Zro6 -ZADH IjV6v _57WYp\"><span class=\"d0767\">\u00a0<\/span><\/div>\n<p id=\"viewer-5w1dh127\" class=\"-Zro6 -ZADH vVfzz AnCKd _57WYp\"><span class=\"d0767 vVfzz\">El estado de Aguascalientes estuvo presente en la Feria Internacional de Turismo (Fitur) que se llev\u00f3 a cabo en Madrid, Espa\u00f1a, uno de los eventos m\u00e1s importantes a nivel mundial, por lo que fue una plataforma invaluable para promover al estado y generar v\u00ednculos con representantes del sector tur\u00edstico a nivel internacional.<\/span><\/p>\n<div id=\"viewer-77doc129\" class=\"-Zro6 -ZADH IjV6v _57WYp\"><span class=\"d0767\">\u00a0<\/span><\/div>\n<p id=\"viewer-bljrg130\" class=\"-Zro6 -ZADH vVfzz AnCKd _57WYp\"><span class=\"d0767 vVfzz\">As\u00ed lo dio a conocer la directora del Bur\u00f3 de Congresos y Visitantes del Estado de Aguascalientes, Ver\u00f3nica Gonz\u00e1lez, quien destac\u00f3 algunos de los beneficios tangibles que se obtuvieron de las negociaciones y actividades de promoci\u00f3n que ella misma encabez\u00f3 en la capital espa\u00f1ola.<\/span><\/p>\n<div id=\"viewer-h573j132\" class=\"-Zro6 -ZADH IjV6v _57WYp\"><span class=\"d0767\">\u00a0<\/span><\/div>\n<p id=\"viewer-dbn62133\" class=\"-Zro6 -ZADH vVfzz AnCKd _57WYp\"><span class=\"d0767 vVfzz\">\u201cLa destacada participaci\u00f3n de Aguascalientes en Fitur, es un reflejo del compromiso de la gobernadora Tere Jim\u00e9nez por promover el estado a nivel internacional y ponerlo ante los ojos del mundo a trav\u00e9s de su rica cultura, gastronom\u00eda y atracciones tur\u00edsticas\u201d, mencion\u00f3 la directora del Bur\u00f3 de Congresos y Visitantes.<\/span><\/p>\n<div id=\"viewer-5v8t4135\" class=\"-Zro6 -ZADH IjV6v _57WYp\"><span class=\"d0767\">\u00a0<\/span><\/div>\n<p id=\"viewer-5khhm136\" class=\"-Zro6 -ZADH vVfzz AnCKd _57WYp\"><span class=\"d0767 vVfzz\">Dijo que como resultado de dichas actividades de promoci\u00f3n, el estado fue invitado a participar en noviembre de 2024 en el Festival por el D\u00eda de Muertos que organizar\u00e1 la Embajada de M\u00e9xico en Madrid, consolidando su presencia en eventos internacionales de gran relevancia; adem\u00e1s, se develar\u00e1 una escultura de Jos\u00e9 Guadalupe Posada que ser\u00e1 realizada por un artista local, con lo que Aguascalientes tendr\u00e1 una representaci\u00f3n permanente de su cultura e historia en tierras espa\u00f1olas.<\/span><\/p>\n<div id=\"viewer-nuuew138\" class=\"-Zro6 -ZADH IjV6v _57WYp\"><span class=\"d0767\">\u00a0<\/span><\/div>\n<p id=\"viewer-eo67e139\" class=\"-Zro6 -ZADH vVfzz AnCKd _57WYp\"><span class=\"d0767 vVfzz\">Adicionalmente, Vero Gonz\u00e1lez detall\u00f3 que Aguascalientes se postul\u00f3 ante la Organizaci\u00f3n Mundial del Turismo para que se sigan realizando eventos internacionales en la entidad, demostrando un compromiso sin precedentes con la promoci\u00f3n tur\u00edstica.<\/span><\/p>\n<div id=\"viewer-i8k85141\" class=\"-Zro6 -ZADH IjV6v _57WYp\"><span class=\"d0767\">\u00a0<\/span><\/div>\n<p id=\"viewer-7tr45142\" class=\"-Zro6 -ZADH vVfzz AnCKd _57WYp\"><span class=\"d0767 vVfzz\">Tambi\u00e9n se realizaron las gestiones para que en el centro cultural Casa de M\u00e9xico, con sede en Madrid, Espa\u00f1a, se expongan artesan\u00edas hechas en Aguascalientes para mostrar las creaciones de los artistas locales ante una audiencia internacional.<\/span><\/p>\n<div id=\"viewer-cym7x144\" class=\"-Zro6 -ZADH IjV6v _57WYp\"><span class=\"d0767\">\u00a0<\/span><\/div>\n<p id=\"viewer-h5col145\" class=\"-Zro6 -ZADH vVfzz AnCKd _57WYp\"><span class=\"d0767 vVfzz\">Precis\u00f3 que a trav\u00e9s de la promoci\u00f3n de la cultura, el arte y la gastronom\u00eda de Aguascalientes, se ha logrado que el mundo conozca la diversidad y riqueza del estado, lo que se suma a aspectos clave como la seguridad, la infraestructura y los m\u00e1s de 168 eventos que se realizaron en 2023 y que contribuyeron a aumentar en un 28 por ciento la recaudaci\u00f3n por hospedaje, en comparaci\u00f3n con el a\u00f1o anterior.<\/span><\/p>\n<div id=\"viewer-qio18147\" class=\"-Zro6 -ZADH IjV6v _57WYp\"><span class=\"d0767\">\u00a0<\/span><\/div>\n<p id=\"viewer-guto7148\" class=\"-Zro6 -ZADH vVfzz AnCKd _57WYp\"><span class=\"d0767 vVfzz\">Finalmente, Veronica Gonz\u00e1lez destac\u00f3 que estas acciones son gracias a la visi\u00f3n y esfuerzo de la gobernadora Tere Jim\u00e9nez, ya que su respaldo ha sido fundamental para abrir nuevas oportunidades y posicionar a Aguascalientes como un destino tur\u00edstico de primera a nivel mundial.<\/span><\/p>\n","protected":false},"excerpt":{"rendered":"<p>#informativoelvalledeaguascalientes #novaradioaguascalientes #informativoelvalledeaguascalientesll #ElGiganteDeMexico El estado fue invitado a participar en el Festival por el D\u00eda de Muertos que organizar\u00e1 la Embajada de M\u00e9xico en Madrid en noviembre de 2024 Tambi\u00e9n se develar\u00e1 una escultura de Jos\u00e9 Guadalupe Posada, realizada por un artista local, en tierras espa\u00f1olas \u00a0 El estado de Aguascalientes estuvo presente en [&hellip;]<\/p>\n","protected":false},"author":1,"featured_media":52866,"comment_status":"closed","ping_status":"open","sticky":false,"template":"","format":"standard","meta":{"advanced_seo_description":"","jetpack_seo_html_title":"","jetpack_seo_noindex":false,"_jetpack_memberships_contains_paid_content":false,"footnotes":"","jetpack_publicize_message":"","jetpack_publicize_feature_enabled":true,"jetpack_social_post_already_shared":true,"jetpack_social_options":{"image_generator_settings":{"template":"highway","default_image_id":0,"font":"","enabled":false},"version":2}},"categories":[21,4],"tags":[22,615,320],"class_list":["post-52865","post","type-post","status-publish","format-standard","has-post-thumbnail","hentry","category-aguascalientes","category-gobierno-del-estado-aguascalientes","tag-aguascalientes","tag-gobierno-del-estado-de-aguascalientes","tag-tere-jimenez"],"jetpack_publicize_connections":[],"jetpack_featured_media_url":"https:\/\/i0.wp.com\/informativoelvalledeaguascalientes.online\/wp-content\/uploads\/2024\/02\/WhatsApp-Image-2024-02-13-at-16.47.17-2.jpeg?fit=336%2C394&ssl=1","jetpack-related-posts":[],"jetpack_sharing_enabled":true,"jetpack_likes_enabled":true,"_links":{"self":[{"href":"https:\/\/informativoelvalledeaguascalientes.online\/index.php?rest_route=\/wp\/v2\/posts\/52865","targetHints":{"allow":["GET"]}}],"collection":[{"href":"https:\/\/informativoelvalledeaguascalientes.online\/index.php?rest_route=\/wp\/v2\/posts"}],"about":[{"href":"https:\/\/informativoelvalledeaguascalientes.online\/index.php?rest_route=\/wp\/v2\/types\/post"}],"author":[{"embeddable":true,"href":"https:\/\/informativoelvalledeaguascalientes.online\/index.php?rest_route=\/wp\/v2\/users\/1"}],"replies":[{"embeddable":true,"href":"https:\/\/informativoelvalledeaguascalientes.online\/index.php?rest_route=%2Fwp%2Fv2%2Fcomments&post=52865"}],"version-history":[{"count":1,"href":"https:\/\/informativoelvalledeaguascalientes.online\/index.php?rest_route=\/wp\/v2\/posts\/52865\/revisions"}],"predecessor-version":[{"id":52867,"href":"https:\/\/informativoelvalledeaguascalientes.online\/index.php?rest_route=\/wp\/v2\/posts\/52865\/revisions\/52867"}],"wp:featuredmedia":[{"embeddable":true,"href":"https:\/\/informativoelvalledeaguascalientes.online\/index.php?rest_route=\/wp\/v2\/media\/52866"}],"wp:attachment":[{"href":"https:\/\/informativoelvalledeaguascalientes.online\/index.php?rest_route=%2Fwp%2Fv2%2Fmedia&parent=52865"}],"wp:term":[{"taxonomy":"category","embeddable":true,"href":"https:\/\/informativoelvalledeaguascalientes.online\/index.php?rest_route=%2Fwp%2Fv2%2Fcategories&post=52865"},{"taxonomy":"post_tag","embeddable":true,"href":"https:\/\/informativoelvalledeaguascalientes.online\/index.php?rest_route=%2Fwp%2Fv2%2Ftags&post=52865"}],"curies":[{"name":"wp","href":"https:\/\/api.w.org\/{rel}","templated":true}]}}