{"id":52855,"date":"2024-02-12T20:31:20","date_gmt":"2024-02-13T02:31:20","guid":{"rendered":"https:\/\/informativoelvalledeaguascalientes.online\/?p=52855"},"modified":"2024-02-12T20:31:20","modified_gmt":"2024-02-13T02:31:20","slug":"reactivamos-la-vivienda-social-en-aguascalientes-tere-jimenez","status":"publish","type":"post","link":"https:\/\/informativoelvalledeaguascalientes.online\/?p=52855","title":{"rendered":"REACTIVAMOS LA VIVIENDA SOCIAL EN AGUASCALIENTES: TERE JIM\u00c9NEZ"},"content":{"rendered":"<p><strong><a href=\"https:\/\/www.facebook.com\/hashtag\/informativoelvalledeaguascalientes\">#informativoelvalledeaguascalientes<\/a><\/strong><\/p>\n<p><strong><a href=\"https:\/\/www.facebook.com\/hashtag\/novaradioaguascalientes\">#novaradioaguascalientes<\/a><\/strong><\/p>\n<p>#informativoelvalledeaguascalientesll<\/p>\n<p><strong><a href=\"https:\/\/www.facebook.com\/GobiernodeAguascalientes\">#ElGiganteDeMexico<\/a><\/strong><\/p>\n<p>&nbsp;<\/p>\n<p>&nbsp;<\/p>\n<ul class=\"xErDo AnCKd\">\n<li class=\"_04hd2 vVfzz\" dir=\"auto\">\n<div>\n<p id=\"viewer-xdsgj115\" class=\"-Zro6 -ZADH vVfzz AnCKd _57WYp\"><span class=\"d0767 vVfzz\"><strong><em>La gobernadora coloc\u00f3 la primera piedra de la Torre Libertad, un desarrollo inmobiliario que se construir\u00e1 en el centro de la ciudad<\/em><\/strong><\/span><\/p>\n<\/div>\n<\/li>\n<\/ul>\n<ul class=\"xErDo AnCKd\">\n<li class=\"_04hd2 vVfzz\" dir=\"auto\">\n<div>\n<p id=\"viewer-qjz5b118\" class=\"-Zro6 -ZADH vVfzz AnCKd _57WYp\"><span class=\"d0767 vVfzz\"><strong><em>Es importante que la gente tenga empleo, pero tambi\u00e9n acceso a una vivienda digna<\/em><\/strong><\/span><\/p>\n<\/div>\n<\/li>\n<li class=\"_04hd2 vVfzz\" dir=\"auto\">\n<div>\n<p id=\"viewer-xum69121\" class=\"-Zro6 -ZADH vVfzz AnCKd _57WYp\"><span class=\"d0767 vVfzz\"><strong><em>El nuevo complejo se edificar\u00e1 con una inversi\u00f3n de 120 millones de pesos y generar\u00e1 300 empleos directos<\/em><\/strong><\/span><\/p>\n<\/div>\n<\/li>\n<\/ul>\n<div id=\"viewer-g4xho123\" class=\"-Zro6 -ZADH IjV6v _57WYp\"><span class=\"d0767\">\u00a0<\/span><\/div>\n<p id=\"viewer-madxu124\" class=\"-Zro6 -ZADH vVfzz AnCKd _57WYp\"><span class=\"d0767 vVfzz\">La gobernadora de Aguascalientes, Tere Jim\u00e9nez, coloc\u00f3 la primera piedra de la Torre Libertad, que ser\u00e1 un desarrollo habitacional que se construir\u00e1 con una inversi\u00f3n de 120 millones de pesos en el centro de la ciudad capital, y que estar\u00e1 disponible para las familias del estado.<\/span><\/p>\n<div id=\"viewer-ujhht126\" class=\"-Zro6 -ZADH IjV6v _57WYp\"><span class=\"d0767\">\u00a0<\/span><\/div>\n<p id=\"viewer-mj7bj127\" class=\"-Zro6 -ZADH vVfzz AnCKd _57WYp\"><span class=\"d0767 vVfzz\">\u201cEn Aguascalientes trabajamos para reactivar la vivienda social, un sector inmobiliario que por una d\u00e9cada permaneci\u00f3 en el abandono, pero que hoy se est\u00e1 recuperando\u201d, indic\u00f3 la gobernadora.<\/span><\/p>\n<div id=\"viewer-hi2nb129\" class=\"-Zro6 -ZADH IjV6v _57WYp\"><span class=\"d0767\">\u00a0<\/span><\/div>\n<p id=\"viewer-ntsn6130\" class=\"-Zro6 -ZADH vVfzz AnCKd _57WYp\"><span class=\"d0767 vVfzz\">Dijo que ante la llegada de importantes inversiones a Aguascalientes, es necesario que los habitantes del estado tengan acceso a un empleo digno, pero tambi\u00e9n es fundamental que vivan bien, en viviendas c\u00f3modas.<\/span><\/p>\n<div id=\"viewer-g4xa2132\" class=\"-Zro6 -ZADH IjV6v _57WYp\"><span class=\"d0767\">\u00a0<\/span><\/div>\n<p id=\"viewer-smuvz133\" class=\"-Zro6 -ZADH vVfzz AnCKd _57WYp\"><span class=\"d0767 vVfzz\">En ese sentido, Tere Jim\u00e9nez coment\u00f3 que el Instituto de Vivienda Social y Ordenamiento de la Propiedad (IVSOP) cuenta con varios terrenos disponibles, en los que se construir\u00e1 vivienda social y pronto la dependencia comenzar\u00e1 a trabajar en varios proyectos.<\/span><\/p>\n<div id=\"viewer-4vl7v135\" class=\"-Zro6 -ZADH IjV6v _57WYp\"><span class=\"d0767\">\u00a0<\/span><\/div>\n<p id=\"viewer-uuds3136\" class=\"-Zro6 -ZADH vVfzz AnCKd _57WYp\"><span class=\"d0767 vVfzz\">La gobernadora record\u00f3 que el a\u00f1o pasado se comenz\u00f3 a entregar las primeras viviendas sociales al oriente de la ciudad, lo que benefici\u00f3 a grupos como comerciantes y taxistas, quienes hoy ya cuentan con un hogar sin depositar un enganche y pagando bajas mensualidades; a\u00f1adi\u00f3 que pr\u00f3ximamente se entregar\u00e1n viviendas en condiciones similares a polic\u00edas.<\/span><\/p>\n<div id=\"viewer-iafwt138\" class=\"-Zro6 -ZADH IjV6v _57WYp\"><span class=\"d0767\">\u00a0<\/span><\/div>\n<p id=\"viewer-xmpou139\" class=\"-Zro6 -ZADH vVfzz AnCKd _57WYp\"><span class=\"d0767 vVfzz\">Por su parte, Gabriela Caudel, directora general del IVSOP, se\u00f1al\u00f3 que el proyecto Torre Libertad se realiza en conjunto con la iniciativa privada y tiene varias bondades, como abonar a la plusval\u00eda de la Zona Centro y ofrecer un espacio a maestros y personal de salud que buscan una mejor calidad de vida en el coraz\u00f3n de la capital del estado.<\/span><\/p>\n<div id=\"viewer-vn741141\" class=\"-Zro6 -ZADH IjV6v _57WYp\"><span class=\"d0767\">\u00a0<\/span><\/div>\n<p id=\"viewer-yc3ja142\" class=\"-Zro6 -ZADH vVfzz AnCKd _57WYp\"><span class=\"d0767 vVfzz\">Inform\u00f3 que el desarrollo habitacional tendr\u00e1 46 departamentos en tres diferentes modelos, con acabados de lujo; a\u00f1adi\u00f3 que esta obra va a generar 300 empleos directos y representa una inversi\u00f3n de 120 millones de pesos.<\/span><\/p>\n<div id=\"viewer-ks7b9144\" class=\"-Zro6 -ZADH IjV6v _57WYp\"><span class=\"d0767\">\u00a0<\/span><\/div>\n<p id=\"viewer-0cr78145\" class=\"-Zro6 -ZADH vVfzz AnCKd _57WYp\"><span class=\"d0767 vVfzz\">Finalmente, el alcalde Leo Monta\u00f1ez dijo que ante el crecimiento que ha tenido la ciudad, son importantes los proyectos de vivienda vertical, pues permiten cubrir mejor la demanda de servicios p\u00fablicos, y con ello lograr que Aguascalientes se mantenga como uno de los estados con mayor calidad de vida.<\/span><\/p>\n<div id=\"viewer-gsnes147\" class=\"-Zro6 -ZADH IjV6v _57WYp\"><span class=\"d0767\">\u00a0<\/span><\/div>\n<p id=\"viewer-a26bl148\" class=\"-Zro6 -ZADH vVfzz AnCKd _57WYp\"><span class=\"d0767 vVfzz\">A la colocaci\u00f3n de la primera piedra tambi\u00e9n asistieron el diputado federal Paulo Mart\u00ednez L\u00f3pez; el diputado local Maximiliano Ram\u00edrez; Mario \u00c1lvarez Michaus, director general del ISSSSPEA, y Eduardo Romero Ceballos, representante de la empresa Erka Baj\u00edo Construcciones.<\/span><\/p>\n","protected":false},"excerpt":{"rendered":"<p>#informativoelvalledeaguascalientes #novaradioaguascalientes #informativoelvalledeaguascalientesll #ElGiganteDeMexico &nbsp; &nbsp; La gobernadora coloc\u00f3 la primera piedra de la Torre Libertad, un desarrollo inmobiliario que se construir\u00e1 en el centro de la ciudad Es importante que la gente tenga empleo, pero tambi\u00e9n acceso a una vivienda digna El nuevo complejo se edificar\u00e1 con una inversi\u00f3n de 120 millones de pesos [&hellip;]<\/p>\n","protected":false},"author":1,"featured_media":52857,"comment_status":"closed","ping_status":"open","sticky":false,"template":"","format":"standard","meta":{"advanced_seo_description":"","jetpack_seo_html_title":"","jetpack_seo_noindex":false,"_jetpack_memberships_contains_paid_content":false,"footnotes":"","jetpack_publicize_message":"","jetpack_publicize_feature_enabled":true,"jetpack_social_post_already_shared":true,"jetpack_social_options":{"image_generator_settings":{"template":"highway","default_image_id":0,"font":"","enabled":false},"version":2}},"categories":[21,4],"tags":[22,615,271,320],"class_list":["post-52855","post","type-post","status-publish","format-standard","has-post-thumbnail","hentry","category-aguascalientes","category-gobierno-del-estado-aguascalientes","tag-aguascalientes","tag-gobierno-del-estado-de-aguascalientes","tag-ivsop","tag-tere-jimenez"],"jetpack_publicize_connections":[],"jetpack_featured_media_url":"https:\/\/i0.wp.com\/informativoelvalledeaguascalientes.online\/wp-content\/uploads\/2024\/02\/WhatsApp-Image-2024-02-12-at-19.44.02.jpeg?fit=1600%2C1066&ssl=1","jetpack-related-posts":[],"jetpack_sharing_enabled":true,"jetpack_likes_enabled":true,"_links":{"self":[{"href":"https:\/\/informativoelvalledeaguascalientes.online\/index.php?rest_route=\/wp\/v2\/posts\/52855","targetHints":{"allow":["GET"]}}],"collection":[{"href":"https:\/\/informativoelvalledeaguascalientes.online\/index.php?rest_route=\/wp\/v2\/posts"}],"about":[{"href":"https:\/\/informativoelvalledeaguascalientes.online\/index.php?rest_route=\/wp\/v2\/types\/post"}],"author":[{"embeddable":true,"href":"https:\/\/informativoelvalledeaguascalientes.online\/index.php?rest_route=\/wp\/v2\/users\/1"}],"replies":[{"embeddable":true,"href":"https:\/\/informativoelvalledeaguascalientes.online\/index.php?rest_route=%2Fwp%2Fv2%2Fcomments&post=52855"}],"version-history":[{"count":1,"href":"https:\/\/informativoelvalledeaguascalientes.online\/index.php?rest_route=\/wp\/v2\/posts\/52855\/revisions"}],"predecessor-version":[{"id":52858,"href":"https:\/\/informativoelvalledeaguascalientes.online\/index.php?rest_route=\/wp\/v2\/posts\/52855\/revisions\/52858"}],"wp:featuredmedia":[{"embeddable":true,"href":"https:\/\/informativoelvalledeaguascalientes.online\/index.php?rest_route=\/wp\/v2\/media\/52857"}],"wp:attachment":[{"href":"https:\/\/informativoelvalledeaguascalientes.online\/index.php?rest_route=%2Fwp%2Fv2%2Fmedia&parent=52855"}],"wp:term":[{"taxonomy":"category","embeddable":true,"href":"https:\/\/informativoelvalledeaguascalientes.online\/index.php?rest_route=%2Fwp%2Fv2%2Fcategories&post=52855"},{"taxonomy":"post_tag","embeddable":true,"href":"https:\/\/informativoelvalledeaguascalientes.online\/index.php?rest_route=%2Fwp%2Fv2%2Ftags&post=52855"}],"curies":[{"name":"wp","href":"https:\/\/api.w.org\/{rel}","templated":true}]}}