{"id":52847,"date":"2024-02-12T18:35:36","date_gmt":"2024-02-13T00:35:36","guid":{"rendered":"https:\/\/informativoelvalledeaguascalientes.online\/?p=52847"},"modified":"2024-02-12T18:35:36","modified_gmt":"2024-02-13T00:35:36","slug":"calvillo-ags-integrado-al-comite-ciudadano-de-pueblos-magicos-del-estado","status":"publish","type":"post","link":"https:\/\/informativoelvalledeaguascalientes.online\/?p=52847","title":{"rendered":"Calvillo Ags. integrado al Comite Ciudadano de Pueblos M\u00e1gicos del Estado."},"content":{"rendered":"<p><strong><a href=\"https:\/\/www.facebook.com\/hashtag\/informativoelvalledeaguascalientes\">#informativoelvalledeaguascalientes<\/a><\/strong><\/p>\n<p><strong><a href=\"https:\/\/www.facebook.com\/hashtag\/novaradioaguascalientes\">#novaradioaguascalientes<\/a><\/strong><\/p>\n<p>#informativoelvalledeaguascalientesll<\/p>\n<p><strong><a href=\"https:\/\/www.facebook.com\/GobiernodeAguascalientes\">#ElGiganteDeMexico<\/a><\/strong><\/p>\n<p>&nbsp;<\/p>\n<p>&nbsp;<\/p>\n<p>Con el Objetivo de impulsar el crecimiento de los Pueblos M\u00e1gicos del Estado de Aguascalientes y seguir consolidando a Calvillo como destino tur\u00edstico, en coordinaci\u00f3n con el Gobierno del Estado de Aguascalientes, se realiz\u00f3 la integraci\u00f3n el Comit\u00e9 Ciudadano del Pueblo M\u00e1gico de Calvillo.<\/p>\n<p>Daniel Romo Urrutia, presidente municipal de Calvillo, agradeci\u00f3 a la gobernadora Tere Jim\u00e9nez por el trabajo y las acciones realizadas para promover crecimiento de Aguascalientes y el desarrollo de sus municipios; as\u00ed mismo, agradeci\u00f3 a Gloria Romo Cuesta, secretaria de Turismo del Estado por sumar esfuerzos con la ciudadan\u00eda y para fortalecer cada uno de los Pueblos M\u00e1gicos de Aguascalientes como destinos tur\u00edsticos \u00fanicos.<\/p>\n<p>Romo Urrutia, reconoci\u00f3 el trabajo y compromiso de las y los calvillenses que integrar\u00e1n este Comit\u00e9 Ciudadano, quienes gracias a su voluntad y participaci\u00f3n activa conservan y promueven la riqueza de nuestra tierra.<\/p>\n<p>#TierraQueTrasciende<\/p>\n","protected":false},"excerpt":{"rendered":"<p>#informativoelvalledeaguascalientes #novaradioaguascalientes #informativoelvalledeaguascalientesll #ElGiganteDeMexico &nbsp; &nbsp; Con el Objetivo de impulsar el crecimiento de los Pueblos M\u00e1gicos del Estado de Aguascalientes y seguir consolidando a Calvillo como destino tur\u00edstico, en coordinaci\u00f3n con el Gobierno del Estado de Aguascalientes, se realiz\u00f3 la integraci\u00f3n el Comit\u00e9 Ciudadano del Pueblo M\u00e1gico de Calvillo. Daniel Romo Urrutia, presidente municipal [&hellip;]<\/p>\n","protected":false},"author":1,"featured_media":52849,"comment_status":"closed","ping_status":"open","sticky":false,"template":"","format":"standard","meta":{"advanced_seo_description":"","jetpack_seo_html_title":"","jetpack_seo_noindex":false,"_jetpack_memberships_contains_paid_content":false,"footnotes":"","jetpack_publicize_message":"","jetpack_publicize_feature_enabled":true,"jetpack_social_post_already_shared":true,"jetpack_social_options":{"image_generator_settings":{"template":"highway","default_image_id":0,"font":"","enabled":false},"version":2}},"categories":[21,13,4],"tags":[22,88,29,615,34],"class_list":["post-52847","post","type-post","status-publish","format-standard","has-post-thumbnail","hentry","category-aguascalientes","category-calvillo-aguascalientes","category-gobierno-del-estado-aguascalientes","tag-aguascalientes","tag-calvillo","tag-calvillo-aguascalientes","tag-gobierno-del-estado-de-aguascalientes","tag-sectur"],"jetpack_publicize_connections":[],"jetpack_featured_media_url":"https:\/\/i0.wp.com\/informativoelvalledeaguascalientes.online\/wp-content\/uploads\/2024\/02\/c08d2800-4c80-45b1-8039-0a8fc66a94b6.jpg?fit=1280%2C853&ssl=1","jetpack-related-posts":[],"jetpack_sharing_enabled":true,"jetpack_likes_enabled":true,"_links":{"self":[{"href":"https:\/\/informativoelvalledeaguascalientes.online\/index.php?rest_route=\/wp\/v2\/posts\/52847","targetHints":{"allow":["GET"]}}],"collection":[{"href":"https:\/\/informativoelvalledeaguascalientes.online\/index.php?rest_route=\/wp\/v2\/posts"}],"about":[{"href":"https:\/\/informativoelvalledeaguascalientes.online\/index.php?rest_route=\/wp\/v2\/types\/post"}],"author":[{"embeddable":true,"href":"https:\/\/informativoelvalledeaguascalientes.online\/index.php?rest_route=\/wp\/v2\/users\/1"}],"replies":[{"embeddable":true,"href":"https:\/\/informativoelvalledeaguascalientes.online\/index.php?rest_route=%2Fwp%2Fv2%2Fcomments&post=52847"}],"version-history":[{"count":1,"href":"https:\/\/informativoelvalledeaguascalientes.online\/index.php?rest_route=\/wp\/v2\/posts\/52847\/revisions"}],"predecessor-version":[{"id":52850,"href":"https:\/\/informativoelvalledeaguascalientes.online\/index.php?rest_route=\/wp\/v2\/posts\/52847\/revisions\/52850"}],"wp:featuredmedia":[{"embeddable":true,"href":"https:\/\/informativoelvalledeaguascalientes.online\/index.php?rest_route=\/wp\/v2\/media\/52849"}],"wp:attachment":[{"href":"https:\/\/informativoelvalledeaguascalientes.online\/index.php?rest_route=%2Fwp%2Fv2%2Fmedia&parent=52847"}],"wp:term":[{"taxonomy":"category","embeddable":true,"href":"https:\/\/informativoelvalledeaguascalientes.online\/index.php?rest_route=%2Fwp%2Fv2%2Fcategories&post=52847"},{"taxonomy":"post_tag","embeddable":true,"href":"https:\/\/informativoelvalledeaguascalientes.online\/index.php?rest_route=%2Fwp%2Fv2%2Ftags&post=52847"}],"curies":[{"name":"wp","href":"https:\/\/api.w.org\/{rel}","templated":true}]}}