{"id":52843,"date":"2024-02-12T18:31:42","date_gmt":"2024-02-13T00:31:42","guid":{"rendered":"https:\/\/informativoelvalledeaguascalientes.online\/?p=52843"},"modified":"2024-02-12T18:31:42","modified_gmt":"2024-02-13T00:31:42","slug":"sectur-toma-protesta-a-los-comites-ciudadanos-de-los-4-pueblos-magicos-de-aguascalientes","status":"publish","type":"post","link":"https:\/\/informativoelvalledeaguascalientes.online\/?p=52843","title":{"rendered":"SECTUR TOMA PROTESTA A LOS COMIT\u00c9S CIUDADANOS DE LOS 4 PUEBLOS M\u00c1GICOS DE AGUASCALIENTES"},"content":{"rendered":"<p><strong><a href=\"https:\/\/www.facebook.com\/hashtag\/informativoelvalledeaguascalientes\">#informativoelvalledeaguascalientes<\/a><\/strong><\/p>\n<p><strong><a href=\"https:\/\/www.facebook.com\/hashtag\/novaradioaguascalientes\">#novaradioaguascalientes<\/a><\/strong><\/p>\n<p>#informativoelvalledeaguascalientesll<\/p>\n<p><strong><a href=\"https:\/\/www.facebook.com\/GobiernodeAguascalientes\">#ElGiganteDeMexico<\/a><\/strong><\/p>\n<p><strong>\u00a0<\/strong><\/p>\n<p><strong>\u00a0<\/strong><\/p>\n<p>&nbsp;<\/p>\n<p>La titular de la Secretar\u00eda de Turismo del Estado de Aguascalientes (Sectur), Gloria Romo Cuesta, tom\u00f3 protesta al Comit\u00e9 Ciudadano de los Pueblos M\u00e1gicos de Real de Asientos, Calvillo, San Jos\u00e9 de Gracia y el m\u00e1s reciente, Pabell\u00f3n de Hidalgo, para garantizar la inclusi\u00f3n de los sectores involucrados en la actividad tur\u00edstica.<\/p>\n<p>&nbsp;<\/p>\n<p>Cada uno de los comit\u00e9s funge como \u00f3rgano consultivo para el desarrollo de la actividad tur\u00edstica y tiene como objetivo impulsar acciones y actividades del Pueblo M\u00e1gico en funci\u00f3n de los programas municipales, estatales y nacional para sumar esfuerzos conjuntos.<\/p>\n<p>&nbsp;<\/p>\n<p>Durante la primera sesi\u00f3n ordinaria de instalaci\u00f3n de los comit\u00e9s Ciudadanos de Pueblos M\u00e1gicos de Aguascalientes, Romo Cuesta realiz\u00f3 la invitaci\u00f3n para que se integren al Registro Estatal de Turismo (RET), plataforma de servicios y productos que atienden al turista, la cual genera grandes beneficios de promoci\u00f3n, capacitaci\u00f3n y desarrollo de competitividad.<\/p>\n<p>&nbsp;<\/p>\n<p>Adem\u00e1s, dio a conocer la ventanilla especial que la Sectur ofrece para el impulso a prestadores de servicio tur\u00edstico en el estado, a trav\u00e9s de cr\u00e9ditos por parte del Sistema de Financiamiento de Aguascalientes (SIFIA).<\/p>\n<p>&nbsp;<\/p>\n<p>Cada uno de los comit\u00e9s est\u00e1 integrado por personalidades del \u00e1mbito tur\u00edstico, econ\u00f3mico y cultural, quienes trabajar\u00e1n conjuntamente en beneficio de la comunidad, donde se resaltar\u00e1n sus costumbres, cultura y tradiciones que enriquecen el destino.<\/p>\n<p>&nbsp;<\/p>\n<p>En el evento estuvieron presentes Jos\u00e9 Manuel Gonz\u00e1lez Mota, presidente municipal de Asientos; Daniel Romo Urrutia, presidente municipal de Calvillo; Manuel Reyes Gonz\u00e1lez, presidente municipal de San Jos\u00e9 de Gracia; y H\u00e9ctor Castorena Esparza, presidente municipal de Rinc\u00f3n de Romos.<\/p>\n<p>&nbsp;<\/p>\n","protected":false},"excerpt":{"rendered":"<p>#informativoelvalledeaguascalientes #novaradioaguascalientes #informativoelvalledeaguascalientesll #ElGiganteDeMexico \u00a0 \u00a0 &nbsp; La titular de la Secretar\u00eda de Turismo del Estado de Aguascalientes (Sectur), Gloria Romo Cuesta, tom\u00f3 protesta al Comit\u00e9 Ciudadano de los Pueblos M\u00e1gicos de Real de Asientos, Calvillo, San Jos\u00e9 de Gracia y el m\u00e1s reciente, Pabell\u00f3n de Hidalgo, para garantizar la inclusi\u00f3n de los sectores involucrados [&hellip;]<\/p>\n","protected":false},"author":1,"featured_media":52845,"comment_status":"closed","ping_status":"open","sticky":false,"template":"","format":"standard","meta":{"advanced_seo_description":"","jetpack_seo_html_title":"","jetpack_seo_noindex":false,"_jetpack_memberships_contains_paid_content":false,"footnotes":"","jetpack_publicize_message":"","jetpack_publicize_feature_enabled":true,"jetpack_social_post_already_shared":true,"jetpack_social_options":{"image_generator_settings":{"template":"highway","default_image_id":0,"font":"","enabled":false},"version":2}},"categories":[21,4],"tags":[22,615,34],"class_list":["post-52843","post","type-post","status-publish","format-standard","has-post-thumbnail","hentry","category-aguascalientes","category-gobierno-del-estado-aguascalientes","tag-aguascalientes","tag-gobierno-del-estado-de-aguascalientes","tag-sectur"],"jetpack_publicize_connections":[],"jetpack_featured_media_url":"https:\/\/i0.wp.com\/informativoelvalledeaguascalientes.online\/wp-content\/uploads\/2024\/02\/998ff195-fbf6-4a71-abbf-a11a8ac2ba72.jpg?fit=1600%2C1066&ssl=1","jetpack-related-posts":[],"jetpack_sharing_enabled":true,"jetpack_likes_enabled":true,"_links":{"self":[{"href":"https:\/\/informativoelvalledeaguascalientes.online\/index.php?rest_route=\/wp\/v2\/posts\/52843","targetHints":{"allow":["GET"]}}],"collection":[{"href":"https:\/\/informativoelvalledeaguascalientes.online\/index.php?rest_route=\/wp\/v2\/posts"}],"about":[{"href":"https:\/\/informativoelvalledeaguascalientes.online\/index.php?rest_route=\/wp\/v2\/types\/post"}],"author":[{"embeddable":true,"href":"https:\/\/informativoelvalledeaguascalientes.online\/index.php?rest_route=\/wp\/v2\/users\/1"}],"replies":[{"embeddable":true,"href":"https:\/\/informativoelvalledeaguascalientes.online\/index.php?rest_route=%2Fwp%2Fv2%2Fcomments&post=52843"}],"version-history":[{"count":1,"href":"https:\/\/informativoelvalledeaguascalientes.online\/index.php?rest_route=\/wp\/v2\/posts\/52843\/revisions"}],"predecessor-version":[{"id":52846,"href":"https:\/\/informativoelvalledeaguascalientes.online\/index.php?rest_route=\/wp\/v2\/posts\/52843\/revisions\/52846"}],"wp:featuredmedia":[{"embeddable":true,"href":"https:\/\/informativoelvalledeaguascalientes.online\/index.php?rest_route=\/wp\/v2\/media\/52845"}],"wp:attachment":[{"href":"https:\/\/informativoelvalledeaguascalientes.online\/index.php?rest_route=%2Fwp%2Fv2%2Fmedia&parent=52843"}],"wp:term":[{"taxonomy":"category","embeddable":true,"href":"https:\/\/informativoelvalledeaguascalientes.online\/index.php?rest_route=%2Fwp%2Fv2%2Fcategories&post=52843"},{"taxonomy":"post_tag","embeddable":true,"href":"https:\/\/informativoelvalledeaguascalientes.online\/index.php?rest_route=%2Fwp%2Fv2%2Ftags&post=52843"}],"curies":[{"name":"wp","href":"https:\/\/api.w.org\/{rel}","templated":true}]}}