{"id":52824,"date":"2024-02-12T18:19:14","date_gmt":"2024-02-13T00:19:14","guid":{"rendered":"https:\/\/informativoelvalledeaguascalientes.online\/?p=52824"},"modified":"2024-02-12T18:19:14","modified_gmt":"2024-02-13T00:19:14","slug":"la-fnsm2024-ofrecera-altos-estandares-de-seguridad-para-todos-los-visitantes","status":"publish","type":"post","link":"https:\/\/informativoelvalledeaguascalientes.online\/?p=52824","title":{"rendered":"La #FNSM2024 ofrecera altos estandares de seguridad para todos los visitantes."},"content":{"rendered":"<p><strong><a href=\"https:\/\/www.facebook.com\/hashtag\/informativoelvalledeaguascalientes\">#informativoelvalledeaguascalientes<\/a><\/strong><\/p>\n<p><strong><a href=\"https:\/\/www.facebook.com\/hashtag\/novaradioaguascalientes\">#novaradioaguascalientes<\/a><\/strong><\/p>\n<p>#informativoelvalledeaguascalientesll<\/p>\n<p><strong><a href=\"https:\/\/www.facebook.com\/GobiernodeAguascalientes\">#ElGiganteDeMexico<\/a><\/strong><\/p>\n<p>&nbsp;<\/p>\n<p>&nbsp;<\/p>\n<p>El presidente del Patronato de la Feria Nacional de San Marcos, Jos\u00e9 \u00c1ngel Gonz\u00e1lez Serna \u201cPaqu\u00edn\u201d y el secretario de Seguridad P\u00fablica del Estado, Manuel Alonso Garc\u00eda, acompa\u00f1ados de los titulares de otras dependencias relacionadas con el tema de seguridad, se reunieron este d\u00eda para comenzar a dise\u00f1ar el operativo que se aplicar\u00e1 en el periodo en que se desarrollar\u00e1 la <a class=\"x1i10hfl xjbqb8w x1ejq31n xd10rxx x1sy0etr x17r0tee x972fbf xcfux6l x1qhh985 xm0m39n x9f619 x1ypdohk xt0psk2 xe8uvvx xdj266r x11i5rnm xat24cr x1mh8g0r xexx8yu x4uap5 x18d9i69 xkhd6sd x16tdsg8 x1hl2dhg xggy1nq x1a2a7pz xt0b8zv x1fey0fg xo1l8bm\" tabindex=\"0\" role=\"link\" href=\"https:\/\/www.facebook.com\/hashtag\/fnsm2024?__eep__=6&amp;__cft__[0]=AZWvy5vGliAovHYHsGUGkigSZRoPaTNuYuH2QgKJc8aEMEUIqiyp0xOIHF8g1Rys19SeMRFKlMmMrWpEUzfBdE0on4zfPytZpNHLQerbriB68eAjW8V5AJAE0WxYuk-NbMMApcCkOhmAVl26Q_PanZIu&amp;__tn__=*NK-R\">#FNSM2024<\/a>, que en esta ocasi\u00f3n ser\u00e1 del 13 de abril al 5 de mayo.<\/p>\n","protected":false},"excerpt":{"rendered":"<p>#informativoelvalledeaguascalientes #novaradioaguascalientes #informativoelvalledeaguascalientesll #ElGiganteDeMexico &nbsp; &nbsp; El presidente del Patronato de la Feria Nacional de San Marcos, Jos\u00e9 \u00c1ngel Gonz\u00e1lez Serna \u201cPaqu\u00edn\u201d y el secretario de Seguridad P\u00fablica del Estado, Manuel Alonso Garc\u00eda, acompa\u00f1ados de los titulares de otras dependencias relacionadas con el tema de seguridad, se reunieron este d\u00eda para comenzar a dise\u00f1ar el [&hellip;]<\/p>\n","protected":false},"author":1,"featured_media":52826,"comment_status":"closed","ping_status":"open","sticky":false,"template":"","format":"standard","meta":{"advanced_seo_description":"","jetpack_seo_html_title":"","jetpack_seo_noindex":false,"_jetpack_memberships_contains_paid_content":false,"footnotes":"","jetpack_publicize_message":"","jetpack_publicize_feature_enabled":true,"jetpack_social_post_already_shared":true,"jetpack_social_options":{"image_generator_settings":{"template":"highway","default_image_id":0,"font":"","enabled":false},"version":2}},"categories":[21,4],"tags":[22,615,745,122],"class_list":["post-52824","post","type-post","status-publish","format-standard","has-post-thumbnail","hentry","category-aguascalientes","category-gobierno-del-estado-aguascalientes","tag-aguascalientes","tag-gobierno-del-estado-de-aguascalientes","tag-patronato-de-la-fnsm2024","tag-sspe-aguascalientes"],"jetpack_publicize_connections":[],"jetpack_featured_media_url":"https:\/\/i0.wp.com\/informativoelvalledeaguascalientes.online\/wp-content\/uploads\/2024\/02\/download.jpg?fit=800%2C600&ssl=1","jetpack-related-posts":[],"jetpack_sharing_enabled":true,"jetpack_likes_enabled":true,"_links":{"self":[{"href":"https:\/\/informativoelvalledeaguascalientes.online\/index.php?rest_route=\/wp\/v2\/posts\/52824","targetHints":{"allow":["GET"]}}],"collection":[{"href":"https:\/\/informativoelvalledeaguascalientes.online\/index.php?rest_route=\/wp\/v2\/posts"}],"about":[{"href":"https:\/\/informativoelvalledeaguascalientes.online\/index.php?rest_route=\/wp\/v2\/types\/post"}],"author":[{"embeddable":true,"href":"https:\/\/informativoelvalledeaguascalientes.online\/index.php?rest_route=\/wp\/v2\/users\/1"}],"replies":[{"embeddable":true,"href":"https:\/\/informativoelvalledeaguascalientes.online\/index.php?rest_route=%2Fwp%2Fv2%2Fcomments&post=52824"}],"version-history":[{"count":1,"href":"https:\/\/informativoelvalledeaguascalientes.online\/index.php?rest_route=\/wp\/v2\/posts\/52824\/revisions"}],"predecessor-version":[{"id":52827,"href":"https:\/\/informativoelvalledeaguascalientes.online\/index.php?rest_route=\/wp\/v2\/posts\/52824\/revisions\/52827"}],"wp:featuredmedia":[{"embeddable":true,"href":"https:\/\/informativoelvalledeaguascalientes.online\/index.php?rest_route=\/wp\/v2\/media\/52826"}],"wp:attachment":[{"href":"https:\/\/informativoelvalledeaguascalientes.online\/index.php?rest_route=%2Fwp%2Fv2%2Fmedia&parent=52824"}],"wp:term":[{"taxonomy":"category","embeddable":true,"href":"https:\/\/informativoelvalledeaguascalientes.online\/index.php?rest_route=%2Fwp%2Fv2%2Fcategories&post=52824"},{"taxonomy":"post_tag","embeddable":true,"href":"https:\/\/informativoelvalledeaguascalientes.online\/index.php?rest_route=%2Fwp%2Fv2%2Ftags&post=52824"}],"curies":[{"name":"wp","href":"https:\/\/api.w.org\/{rel}","templated":true}]}}