{"id":52575,"date":"2024-02-02T21:31:32","date_gmt":"2024-02-03T03:31:32","guid":{"rendered":"https:\/\/informativoelvalledeaguascalientes.online\/?p=52575"},"modified":"2024-02-02T21:31:32","modified_gmt":"2024-02-03T03:31:32","slug":"con-gran-exito-se-llevo-a-cabo-el-festival-del-tamal-2024-en-aguascalientes","status":"publish","type":"post","link":"https:\/\/informativoelvalledeaguascalientes.online\/?p=52575","title":{"rendered":"CON GRAN \u00c9XITO SE LLEV\u00d3 A CABO EL FESTIVAL DEL TAMAL 2024 EN AGUASCALIENTES"},"content":{"rendered":"<p><strong><a href=\"https:\/\/www.facebook.com\/hashtag\/informativoelvalledeaguascalientes\">#informativoelvalledeaguascalientes<\/a><\/strong><\/p>\n<p><strong><a href=\"https:\/\/www.facebook.com\/hashtag\/novaradioaguascalientes\">#novaradioaguascalientes<\/a><\/strong><\/p>\n<p><strong><a class=\"x1i10hfl xjbqb8w x6umtig x1b1mbwd xaqea5y xav7gou x9f619 x1ypdohk xt0psk2 xe8uvvx xdj266r x11i5rnm xat24cr x1mh8g0r xexx8yu x4uap5 x18d9i69 xkhd6sd x16tdsg8 x1hl2dhg xggy1nq x1a2a7pz xt0b8zv x1qq9wsj xo1l8bm\" tabindex=\"0\" role=\"link\" href=\"https:\/\/www.facebook.com\/hashtag\/laciudaddetuvida?__eep__=6&amp;__cft__[0]=AZVUzG-uzEgkHBxlWi4clX4-qXx_nfGicugdShvx3oYxvDeUIl1My5bfFXiXTmVU7O9FCNwHdVuQiVqIjO99-u7dxeUq1S3CqcB1PNpBXLQtm-Q1JLiRFFX8c4SEMe3VqRRgSs9kS8-Ajp6HnW6ebLd3GeB3j-SCsEGrTUVXz1WdbDeQs8bs0Dry33nLaV6fVU4&amp;__tn__=*NK-R\">#LaCiudadDeTuVida<\/a><\/strong><\/p>\n<p><a href=\"https:\/\/www.facebook.com\/informativo.el.valle.de.aguascalientes.ll\/\">#informativoelvalledeaguascalientesll<\/a><\/p>\n<p>&nbsp;<\/p>\n<p>&nbsp;<\/p>\n<ul>\n<li dir=\"ltr\"><strong>Participaron alrededor de 65 expositores con 90 sabores diferentes de tamales<\/strong><\/li>\n<\/ul>\n<p dir=\"ltr\">Dentro del marco de celebraci\u00f3n del D\u00eda de la Candelaria, este 2 de febrero, el Municipio de Aguascalientes a trav\u00e9s de la Secretar\u00eda de Econom\u00eda Social y Turismo Municipal (Setum), llev\u00f3 acabo el \u201cFestival del Tamal\u201d en el Jard\u00edn de los Palacios, evento que da a conocer este tradicional platillo mexicano que destaca las costumbres y festividades de nuestro pa\u00eds.<\/p>\n<p dir=\"ltr\">El festival, cont\u00f3 con la participaci\u00f3n de m\u00e1s de 65 expositores expertos en la preparaci\u00f3n de tamales, adem\u00e1s de ofrecer hasta 90 sabores diferentes, as\u00ed como 30 variados sabores de atole y m\u00e1s bebidas.<\/p>\n<p dir=\"ltr\">Cabe mencionar que, este tipo de eventos, adem\u00e1s de promover tradiciones culinarias, busca impulsar la econom\u00eda local, pues se espera que este evento genere una derrama econ\u00f3mica estimada de 500 mil pesos.<\/p>\n<p dir=\"ltr\">Durante el evento, autoridades municipales otorgaron un reconocimiento especial a\u00a0<strong>M. Beatriz Aranda Mart\u00ednez<\/strong>, quien cuenta con 45 a\u00f1os de experiencia en la elaboraci\u00f3n de tamales, uno de los platillos m\u00e1s emblem\u00e1ticos de M\u00e9xico, por lo que este gesto reconoce su contribuci\u00f3n a preservar y promover la tradici\u00f3n culinaria de nuestro pa\u00eds.<\/p>\n<p dir=\"ltr\">Se realizaron dos master class de tamal de cazuela con relleno de mole de cadera, impartidas por el chef\u00a0<strong>Jos\u00e9 de Jes\u00fas Lozano Tapia<\/strong>, de la Escuela de Gastronom\u00eda ISIMA, quien comparti\u00f3 t\u00e9cnicas tradicionales y contempor\u00e1neas en la preparaci\u00f3n de este platillo.<\/p>\n<p dir=\"ltr\">Finalmente, los asistentes al evento, pudieron disfrutar de la participaci\u00f3n de la Banda Ophanim y Banda Plastic Dalia, quienes amenizaron la experiencia gastron\u00f3mica y cultural del festival.<\/p>\n","protected":false},"excerpt":{"rendered":"<p>#informativoelvalledeaguascalientes #novaradioaguascalientes #LaCiudadDeTuVida #informativoelvalledeaguascalientesll &nbsp; &nbsp; Participaron alrededor de 65 expositores con 90 sabores diferentes de tamales Dentro del marco de celebraci\u00f3n del D\u00eda de la Candelaria, este 2 de febrero, el Municipio de Aguascalientes a trav\u00e9s de la Secretar\u00eda de Econom\u00eda Social y Turismo Municipal (Setum), llev\u00f3 acabo el \u201cFestival del Tamal\u201d en el [&hellip;]<\/p>\n","protected":false},"author":1,"featured_media":52577,"comment_status":"closed","ping_status":"open","sticky":false,"template":"","format":"standard","meta":{"advanced_seo_description":"","jetpack_seo_html_title":"","jetpack_seo_noindex":false,"_jetpack_memberships_contains_paid_content":false,"footnotes":"","jetpack_publicize_message":"","jetpack_publicize_feature_enabled":true,"jetpack_social_post_already_shared":true,"jetpack_social_options":{"image_generator_settings":{"template":"highway","default_image_id":0,"font":"","enabled":false},"version":2}},"categories":[21,3],"tags":[22,25,124],"class_list":["post-52575","post","type-post","status-publish","format-standard","has-post-thumbnail","hentry","category-aguascalientes","category-municipio-aguascalientes","tag-aguascalientes","tag-mpio-aguascalientes","tag-mpio-aguascalientes-setum"],"jetpack_publicize_connections":[],"jetpack_featured_media_url":"https:\/\/i0.wp.com\/informativoelvalledeaguascalientes.online\/wp-content\/uploads\/2024\/02\/WhatsApp-Image-2024-02-02-at-2.55.58-PM-7.jpeg?fit=1600%2C1066&ssl=1","jetpack-related-posts":[],"jetpack_sharing_enabled":true,"jetpack_likes_enabled":true,"_links":{"self":[{"href":"https:\/\/informativoelvalledeaguascalientes.online\/index.php?rest_route=\/wp\/v2\/posts\/52575","targetHints":{"allow":["GET"]}}],"collection":[{"href":"https:\/\/informativoelvalledeaguascalientes.online\/index.php?rest_route=\/wp\/v2\/posts"}],"about":[{"href":"https:\/\/informativoelvalledeaguascalientes.online\/index.php?rest_route=\/wp\/v2\/types\/post"}],"author":[{"embeddable":true,"href":"https:\/\/informativoelvalledeaguascalientes.online\/index.php?rest_route=\/wp\/v2\/users\/1"}],"replies":[{"embeddable":true,"href":"https:\/\/informativoelvalledeaguascalientes.online\/index.php?rest_route=%2Fwp%2Fv2%2Fcomments&post=52575"}],"version-history":[{"count":1,"href":"https:\/\/informativoelvalledeaguascalientes.online\/index.php?rest_route=\/wp\/v2\/posts\/52575\/revisions"}],"predecessor-version":[{"id":52578,"href":"https:\/\/informativoelvalledeaguascalientes.online\/index.php?rest_route=\/wp\/v2\/posts\/52575\/revisions\/52578"}],"wp:featuredmedia":[{"embeddable":true,"href":"https:\/\/informativoelvalledeaguascalientes.online\/index.php?rest_route=\/wp\/v2\/media\/52577"}],"wp:attachment":[{"href":"https:\/\/informativoelvalledeaguascalientes.online\/index.php?rest_route=%2Fwp%2Fv2%2Fmedia&parent=52575"}],"wp:term":[{"taxonomy":"category","embeddable":true,"href":"https:\/\/informativoelvalledeaguascalientes.online\/index.php?rest_route=%2Fwp%2Fv2%2Fcategories&post=52575"},{"taxonomy":"post_tag","embeddable":true,"href":"https:\/\/informativoelvalledeaguascalientes.online\/index.php?rest_route=%2Fwp%2Fv2%2Ftags&post=52575"}],"curies":[{"name":"wp","href":"https:\/\/api.w.org\/{rel}","templated":true}]}}