{"id":52562,"date":"2024-02-02T21:18:25","date_gmt":"2024-02-03T03:18:25","guid":{"rendered":"https:\/\/informativoelvalledeaguascalientes.online\/?p=52562"},"modified":"2024-02-02T21:18:25","modified_gmt":"2024-02-03T03:18:25","slug":"las-ciudades-de-aguascalientes-y-villa-de-alvarez-firmaran-hermanamiento","status":"publish","type":"post","link":"https:\/\/informativoelvalledeaguascalientes.online\/?p=52562","title":{"rendered":"LAS CIUDADES DE AGUASCALIENTES Y VILLA DE \u00c1LVAREZ FIRMAR\u00c1N HERMANAMIENTO"},"content":{"rendered":"<p><strong><a href=\"https:\/\/www.facebook.com\/hashtag\/informativoelvalledeaguascalientes\">#informativoelvalledeaguascalientes<\/a><\/strong><\/p>\n<p><strong><a href=\"https:\/\/www.facebook.com\/hashtag\/novaradioaguascalientes\">#novaradioaguascalientes<\/a><\/strong><\/p>\n<p><strong><a class=\"x1i10hfl xjbqb8w x6umtig x1b1mbwd xaqea5y xav7gou x9f619 x1ypdohk xt0psk2 xe8uvvx xdj266r x11i5rnm xat24cr x1mh8g0r xexx8yu x4uap5 x18d9i69 xkhd6sd x16tdsg8 x1hl2dhg xggy1nq x1a2a7pz xt0b8zv x1qq9wsj xo1l8bm\" tabindex=\"0\" role=\"link\" href=\"https:\/\/www.facebook.com\/hashtag\/laciudaddetuvida?__eep__=6&amp;__cft__[0]=AZVUzG-uzEgkHBxlWi4clX4-qXx_nfGicugdShvx3oYxvDeUIl1My5bfFXiXTmVU7O9FCNwHdVuQiVqIjO99-u7dxeUq1S3CqcB1PNpBXLQtm-Q1JLiRFFX8c4SEMe3VqRRgSs9kS8-Ajp6HnW6ebLd3GeB3j-SCsEGrTUVXz1WdbDeQs8bs0Dry33nLaV6fVU4&amp;__tn__=*NK-R\">#LaCiudadDeTuVida<\/a><\/strong><\/p>\n<p><a href=\"https:\/\/www.facebook.com\/informativo.el.valle.de.aguascalientes.ll\/\">#informativoelvalledeaguascalientesll<\/a><\/p>\n<p>&nbsp;<\/p>\n<p>&nbsp;<\/p>\n<p>&nbsp;<\/p>\n<ul>\n<li><strong>El pr\u00f3ximo 20 de febrero, se formalizar\u00e1 la hermandad en una sesi\u00f3n solemne teniendo como sede la ciudad de Villa de \u00c1lvarez, Colima<\/strong><\/li>\n<\/ul>\n<p>En el marco de \u201cLas Fiestas de la Villa\u201d, las ciudades de Aguascalientes y Villa de \u00c1lvarez, Colima, firmar\u00e1n en sesi\u00f3n solemne de Cabildo un acuerdo de hermanamiento, con el prop\u00f3sito de compartir experiencias exitosas en favor de la poblaci\u00f3n de ambos municipios, as\u00ed como tradiciones, cultura y gastronom\u00eda, as\u00ed lo dio a conocer el presidente municipal,\u00a0<strong>Leo Monta\u00f1ez<\/strong>.<\/p>\n<p>Al recibir la visita de cortes\u00eda de<strong>\u00a0Tey Guti\u00e9rrez<\/strong>, alcaldesa de Villa de \u00c1lvarez,\u00a0<strong>Leo Monta\u00f1ez\u00a0<\/strong>estableci\u00f3 que los hermanamientos le han dado a Aguascalientes grandes satisfacciones porque se brinda la oportunidad de poder intercambiar pr\u00e1cticas exitosas mismas que se traducen en una mejor calidad de vida de los habitantes de estos municipios.<\/p>\n<p>En su mensaje la alcaldesa,\u00a0<strong>Tey Guti\u00e9rrez\u00a0<\/strong>agradeci\u00f3 que el Cabildo de Aguascalientes aceptara esta invitaci\u00f3n; asimismo reconoci\u00f3 el liderazgo del presidente municipal de Aguascalientes en la consolidaci\u00f3n de un gobierno cercano a la gente.<\/p>\n","protected":false},"excerpt":{"rendered":"<p>#informativoelvalledeaguascalientes #novaradioaguascalientes #LaCiudadDeTuVida #informativoelvalledeaguascalientesll &nbsp; &nbsp; &nbsp; El pr\u00f3ximo 20 de febrero, se formalizar\u00e1 la hermandad en una sesi\u00f3n solemne teniendo como sede la ciudad de Villa de \u00c1lvarez, Colima En el marco de \u201cLas Fiestas de la Villa\u201d, las ciudades de Aguascalientes y Villa de \u00c1lvarez, Colima, firmar\u00e1n en sesi\u00f3n solemne de Cabildo un [&hellip;]<\/p>\n","protected":false},"author":1,"featured_media":52564,"comment_status":"closed","ping_status":"open","sticky":false,"template":"","format":"standard","meta":{"advanced_seo_description":"","jetpack_seo_html_title":"","jetpack_seo_noindex":false,"_jetpack_memberships_contains_paid_content":false,"footnotes":"","jetpack_publicize_message":"","jetpack_publicize_feature_enabled":true,"jetpack_social_post_already_shared":true,"jetpack_social_options":{"image_generator_settings":{"template":"highway","default_image_id":0,"font":"","enabled":false},"version":2}},"categories":[21,3],"tags":[22,25],"class_list":["post-52562","post","type-post","status-publish","format-standard","has-post-thumbnail","hentry","category-aguascalientes","category-municipio-aguascalientes","tag-aguascalientes","tag-mpio-aguascalientes"],"jetpack_publicize_connections":[],"jetpack_featured_media_url":"https:\/\/i0.wp.com\/informativoelvalledeaguascalientes.online\/wp-content\/uploads\/2024\/02\/WhatsApp-Image-2024-02-01-at-3.32.02-PM-6.jpeg?fit=1600%2C1066&ssl=1","jetpack-related-posts":[],"jetpack_sharing_enabled":true,"jetpack_likes_enabled":true,"_links":{"self":[{"href":"https:\/\/informativoelvalledeaguascalientes.online\/index.php?rest_route=\/wp\/v2\/posts\/52562","targetHints":{"allow":["GET"]}}],"collection":[{"href":"https:\/\/informativoelvalledeaguascalientes.online\/index.php?rest_route=\/wp\/v2\/posts"}],"about":[{"href":"https:\/\/informativoelvalledeaguascalientes.online\/index.php?rest_route=\/wp\/v2\/types\/post"}],"author":[{"embeddable":true,"href":"https:\/\/informativoelvalledeaguascalientes.online\/index.php?rest_route=\/wp\/v2\/users\/1"}],"replies":[{"embeddable":true,"href":"https:\/\/informativoelvalledeaguascalientes.online\/index.php?rest_route=%2Fwp%2Fv2%2Fcomments&post=52562"}],"version-history":[{"count":1,"href":"https:\/\/informativoelvalledeaguascalientes.online\/index.php?rest_route=\/wp\/v2\/posts\/52562\/revisions"}],"predecessor-version":[{"id":52565,"href":"https:\/\/informativoelvalledeaguascalientes.online\/index.php?rest_route=\/wp\/v2\/posts\/52562\/revisions\/52565"}],"wp:featuredmedia":[{"embeddable":true,"href":"https:\/\/informativoelvalledeaguascalientes.online\/index.php?rest_route=\/wp\/v2\/media\/52564"}],"wp:attachment":[{"href":"https:\/\/informativoelvalledeaguascalientes.online\/index.php?rest_route=%2Fwp%2Fv2%2Fmedia&parent=52562"}],"wp:term":[{"taxonomy":"category","embeddable":true,"href":"https:\/\/informativoelvalledeaguascalientes.online\/index.php?rest_route=%2Fwp%2Fv2%2Fcategories&post=52562"},{"taxonomy":"post_tag","embeddable":true,"href":"https:\/\/informativoelvalledeaguascalientes.online\/index.php?rest_route=%2Fwp%2Fv2%2Ftags&post=52562"}],"curies":[{"name":"wp","href":"https:\/\/api.w.org\/{rel}","templated":true}]}}