{"id":52540,"date":"2024-02-02T19:49:15","date_gmt":"2024-02-03T01:49:15","guid":{"rendered":"https:\/\/informativoelvalledeaguascalientes.online\/?p=52540"},"modified":"2024-02-02T19:49:15","modified_gmt":"2024-02-03T01:49:15","slug":"con-acciones-de-corazon-familias-de-aguascalientes-mejoran-su-calidad-de-vida","status":"publish","type":"post","link":"https:\/\/informativoelvalledeaguascalientes.online\/?p=52540","title":{"rendered":"CON \u201cACCIONES DE CORAZ\u00d3N\u201d FAMILIAS DE AGUASCALIENTES MEJORAN SU CALIDAD DE VIDA"},"content":{"rendered":"<p><strong><a href=\"https:\/\/www.facebook.com\/hashtag\/informativoelvalledeaguascalientes\">#informativoelvalledeaguascalientes<\/a><\/strong><\/p>\n<p><strong><a href=\"https:\/\/www.facebook.com\/hashtag\/novaradioaguascalientes\">#novaradioaguascalientes<\/a><\/strong><\/p>\n<p>#informativoelvalledeaguascalientesll<\/p>\n<p><strong><a href=\"https:\/\/www.facebook.com\/GobiernodeAguascalientes\">#ElGiganteDeMexico<\/a><\/strong><\/p>\n<p>&nbsp;<\/p>\n<p>&nbsp;<\/p>\n<ul class=\"xErDo AnCKd\">\n<li class=\"_04hd2 vVfzz\" dir=\"auto\">\n<div>\n<p id=\"viewer-voh6y128\" class=\"-Zro6 -ZADH vVfzz AnCKd _57WYp\"><span class=\"d0767 vVfzz\"><strong>Es un programa creado por la gobernadora para mejorar la calidad de vida de las familias<\/strong><\/span><\/p>\n<\/div>\n<\/li>\n<\/ul>\n<ul class=\"xErDo AnCKd\">\n<li class=\"_04hd2 vVfzz\" dir=\"auto\">\n<div>\n<p id=\"viewer-rduxl131\" class=\"-Zro6 -ZADH vVfzz AnCKd _57WYp\"><span class=\"d0767 vVfzz\"><strong>Ha beneficiado a m\u00e1s de 2 mil 600 hogares con la entrega de 5 mil apoyos diversos<\/strong><\/span><\/p>\n<\/div>\n<\/li>\n<li class=\"_04hd2 vVfzz\" dir=\"auto\">\n<div>\n<p id=\"viewer-r7ue6134\" class=\"-Zro6 -ZADH vVfzz AnCKd _57WYp\"><span class=\"d0767 vVfzz\"><strong>La Sedeso promueve este programa en coordinaci\u00f3n con la Congregaci\u00f3n Mariana Trinitaria<\/strong><\/span><\/p>\n<\/div>\n<\/li>\n<\/ul>\n<p id=\"viewer-fvfjv136\" class=\"-Zro6 -ZADH vVfzz _57WYp\"><span class=\"d0767 vVfzz\"><strong>\u00a0<\/strong><\/span><\/p>\n<p id=\"viewer-apnlg138\" class=\"-Zro6 -ZADH vVfzz AnCKd _57WYp\"><span class=\"d0767 vVfzz\">La gobernadora Tere Jim\u00e9nez trabaja para mejorar las condiciones de vida de las familias de Aguascalientes; por ello, como parte del programa \u201cAcciones de Coraz\u00f3n\u201d, se entregaron calentadores solares, cisternas, tinacos y bombas de agua para que las familias cuenten con el vital l\u00edquido en sus hogares.<\/span><\/p>\n<p id=\"viewer-41ecj140\" class=\"-Zro6 -ZADH vVfzz _57WYp\"><span class=\"d0767 vVfzz\">\u00a0<\/span><\/p>\n<p id=\"viewer-xccg6142\" class=\"-Zro6 -ZADH vVfzz AnCKd _57WYp\"><span class=\"d0767 vVfzz\">La Secretar\u00eda de Desarrollo Social (Sedeso) encabeza estas acciones en conjunto con la Congregaci\u00f3n Mariana Trinitaria, con el prop\u00f3sito de que las familias tengan acceso a insumos b\u00e1sicos y de alta calidad para contar con un hogar m\u00e1s digno.<\/span><\/p>\n<div id=\"viewer-9v8ci144\" class=\"-Zro6 -ZADH IjV6v _57WYp\"><span class=\"d0767\">\u00a0<\/span><\/div>\n<p id=\"viewer-l99iu145\" class=\"-Zro6 -ZADH vVfzz AnCKd _57WYp\"><span class=\"d0767 vVfzz\">Al respecto, Alfredo Gallo, director general de Combate a la Pobreza y Atenci\u00f3n a Grupos Vulnerables de la Sedeso, explic\u00f3 que este programa se dirige a la poblaci\u00f3n en general, aunque se busca beneficiar especialmente a los sectores m\u00e1s desfavorecidos.<\/span><\/p>\n<div id=\"viewer-rnx59147\" class=\"-Zro6 -ZADH IjV6v _57WYp\"><span class=\"d0767\">\u00a0<\/span><\/div>\n<p id=\"viewer-r6sj5148\" class=\"-Zro6 -ZADH vVfzz AnCKd _57WYp\"><span class=\"d0767 vVfzz\">\u201cCumplimos pr\u00e1cticamente un a\u00f1o con el programa \u2018Acciones de Coraz\u00f3n\u2019 con excelentes resultados; se ha beneficiado a m\u00e1s de 2 mil 600 familias con la entrega de 5 mil insumos que representan una derrama cercana a los 11 millones de pesos, y si lo multiplicamos, hemos llegado en promedio a m\u00e1s de 10 mil personas beneficiadas\u201d, se\u00f1al\u00f3.<\/span><\/p>\n<p id=\"viewer-uulz3150\" class=\"-Zro6 -ZADH nVOf5 _57WYp\"><span class=\"d0767\">\u00a0<\/span><\/p>\n<p id=\"viewer-8zeb3152\" class=\"-Zro6 -ZADH vVfzz AnCKd _57WYp\"><span class=\"d0767 vVfzz\">Destac\u00f3 que con este programa que implement\u00f3 la gobernadora Tere Jim\u00e9nez, las familias tienen disponibilidad de agua potable las 24 horas del d\u00eda, propiciando mejores condiciones de salud, mientras que con los calentadores solares se logra generar un ahorro de hasta el 70 por ciento en el consumo de gas.<\/span><\/p>\n<p id=\"viewer-ubfbg154\" class=\"-Zro6 -ZADH nVOf5 _57WYp\"><span class=\"d0767\">\u00a0<\/span><\/p>\n<p id=\"viewer-clr7m156\" class=\"-Zro6 -ZADH vVfzz AnCKd _57WYp\"><span class=\"d0767 vVfzz\">Por \u00faltimo, el funcionario estatal coment\u00f3 que este programa est\u00e1 abierto a la poblaci\u00f3n en general, por lo que las y los interesados pueden acercarse en cualquier momento a las oficinas de la Secretar\u00eda de Desarrollo Social, ubicadas en avenida Jos\u00e9 Mar\u00eda Ch\u00e1vez No. 3202, o pedir informes al tel\u00e9fono 449 910 2121 extensi\u00f3n 4233.<\/span><\/p>\n","protected":false},"excerpt":{"rendered":"<p>#informativoelvalledeaguascalientes #novaradioaguascalientes #informativoelvalledeaguascalientesll #ElGiganteDeMexico &nbsp; &nbsp; Es un programa creado por la gobernadora para mejorar la calidad de vida de las familias Ha beneficiado a m\u00e1s de 2 mil 600 hogares con la entrega de 5 mil apoyos diversos La Sedeso promueve este programa en coordinaci\u00f3n con la Congregaci\u00f3n Mariana Trinitaria \u00a0 La gobernadora Tere [&hellip;]<\/p>\n","protected":false},"author":1,"featured_media":52542,"comment_status":"closed","ping_status":"open","sticky":false,"template":"","format":"standard","meta":{"advanced_seo_description":"","jetpack_seo_html_title":"","jetpack_seo_noindex":false,"_jetpack_memberships_contains_paid_content":false,"footnotes":"","jetpack_publicize_message":"","jetpack_publicize_feature_enabled":true,"jetpack_social_post_already_shared":true,"jetpack_social_options":{"image_generator_settings":{"template":"highway","default_image_id":0,"font":"","enabled":false},"version":2}},"categories":[21,4],"tags":[22,615,24],"class_list":["post-52540","post","type-post","status-publish","format-standard","has-post-thumbnail","hentry","category-aguascalientes","category-gobierno-del-estado-aguascalientes","tag-aguascalientes","tag-gobierno-del-estado-de-aguascalientes","tag-sedeso"],"jetpack_publicize_connections":[],"jetpack_featured_media_url":"https:\/\/i0.wp.com\/informativoelvalledeaguascalientes.online\/wp-content\/uploads\/2024\/02\/WhatsApp-Image-2024-02-02-at-14.02.53.jpeg?fit=1181%2C787&ssl=1","jetpack-related-posts":[],"jetpack_sharing_enabled":true,"jetpack_likes_enabled":true,"_links":{"self":[{"href":"https:\/\/informativoelvalledeaguascalientes.online\/index.php?rest_route=\/wp\/v2\/posts\/52540","targetHints":{"allow":["GET"]}}],"collection":[{"href":"https:\/\/informativoelvalledeaguascalientes.online\/index.php?rest_route=\/wp\/v2\/posts"}],"about":[{"href":"https:\/\/informativoelvalledeaguascalientes.online\/index.php?rest_route=\/wp\/v2\/types\/post"}],"author":[{"embeddable":true,"href":"https:\/\/informativoelvalledeaguascalientes.online\/index.php?rest_route=\/wp\/v2\/users\/1"}],"replies":[{"embeddable":true,"href":"https:\/\/informativoelvalledeaguascalientes.online\/index.php?rest_route=%2Fwp%2Fv2%2Fcomments&post=52540"}],"version-history":[{"count":1,"href":"https:\/\/informativoelvalledeaguascalientes.online\/index.php?rest_route=\/wp\/v2\/posts\/52540\/revisions"}],"predecessor-version":[{"id":52543,"href":"https:\/\/informativoelvalledeaguascalientes.online\/index.php?rest_route=\/wp\/v2\/posts\/52540\/revisions\/52543"}],"wp:featuredmedia":[{"embeddable":true,"href":"https:\/\/informativoelvalledeaguascalientes.online\/index.php?rest_route=\/wp\/v2\/media\/52542"}],"wp:attachment":[{"href":"https:\/\/informativoelvalledeaguascalientes.online\/index.php?rest_route=%2Fwp%2Fv2%2Fmedia&parent=52540"}],"wp:term":[{"taxonomy":"category","embeddable":true,"href":"https:\/\/informativoelvalledeaguascalientes.online\/index.php?rest_route=%2Fwp%2Fv2%2Fcategories&post=52540"},{"taxonomy":"post_tag","embeddable":true,"href":"https:\/\/informativoelvalledeaguascalientes.online\/index.php?rest_route=%2Fwp%2Fv2%2Ftags&post=52540"}],"curies":[{"name":"wp","href":"https:\/\/api.w.org\/{rel}","templated":true}]}}