{"id":52418,"date":"2024-01-30T20:07:40","date_gmt":"2024-01-31T02:07:40","guid":{"rendered":"https:\/\/informativoelvalledeaguascalientes.online\/?p=52418"},"modified":"2024-01-30T20:09:40","modified_gmt":"2024-01-31T02:09:40","slug":"ya-viene-el-vii-festival-del-folklor-en-jesus-maria","status":"publish","type":"post","link":"https:\/\/informativoelvalledeaguascalientes.online\/?p=52418","title":{"rendered":"YA VIENE EL VII FESTIVAL DEL FOLKLOR EN JES\u00daS MAR\u00cdA, AGUASCALIENTES"},"content":{"rendered":"<p><strong><a href=\"https:\/\/www.facebook.com\/hashtag\/informativoelvalledeaguascalientes\">#informativoelvalledeaguascalientes<\/a><\/strong><\/p>\n<p><strong><a href=\"https:\/\/www.facebook.com\/hashtag\/novaradioaguascalientes\">#novaradioaguascalientes<\/a><\/strong><\/p>\n<p>#informativoelvalledeaguascalientesll<\/p>\n<div class=\"tiled-gallery type-rectangular tiled-gallery-unresized\" data-original-width=\"640\" data-carousel-extra='null' itemscope itemtype=\"http:\/\/schema.org\/ImageGallery\" > <div class=\"gallery-row\" style=\"width: 640px; height: 427px;\" data-original-width=\"640\" data-original-height=\"427\" > <div class=\"gallery-group images-1\" style=\"width: 427px; height: 427px;\" data-original-width=\"427\" data-original-height=\"427\" > <div class=\"tiled-gallery-item tiled-gallery-item-large\" itemprop=\"associatedMedia\" itemscope itemtype=\"http:\/\/schema.org\/ImageObject\"> <a href=\"https:\/\/informativoelvalledeaguascalientes.online\/?attachment_id=52421\" border=\"0\" itemprop=\"url\"> <meta itemprop=\"width\" content=\"423\"> <meta itemprop=\"height\" content=\"423\"> <img decoding=\"async\" class=\"\" data-attachment-id=\"52421\" data-orig-file=\"https:\/\/informativoelvalledeaguascalientes.online\/wp-content\/uploads\/2024\/01\/abbb67dd-f99d-46ef-8958-2b7b861ae5e1.jpg\" data-orig-size=\"1600,1600\" data-comments-opened=\"\" data-image-meta=\"{&quot;aperture&quot;:&quot;0&quot;,&quot;credit&quot;:&quot;&quot;,&quot;camera&quot;:&quot;&quot;,&quot;caption&quot;:&quot;&quot;,&quot;created_timestamp&quot;:&quot;0&quot;,&quot;copyright&quot;:&quot;&quot;,&quot;focal_length&quot;:&quot;0&quot;,&quot;iso&quot;:&quot;0&quot;,&quot;shutter_speed&quot;:&quot;0&quot;,&quot;title&quot;:&quot;&quot;,&quot;orientation&quot;:&quot;0&quot;}\" data-image-title=\"abbb67dd-f99d-46ef-8958-2b7b861ae5e1\" data-image-description=\"\" data-medium-file=\"https:\/\/i0.wp.com\/informativoelvalledeaguascalientes.online\/wp-content\/uploads\/2024\/01\/abbb67dd-f99d-46ef-8958-2b7b861ae5e1.jpg?fit=300%2C300&#038;ssl=1\" data-large-file=\"https:\/\/i0.wp.com\/informativoelvalledeaguascalientes.online\/wp-content\/uploads\/2024\/01\/abbb67dd-f99d-46ef-8958-2b7b861ae5e1.jpg?fit=640%2C640&#038;ssl=1\" src=\"https:\/\/i0.wp.com\/informativoelvalledeaguascalientes.online\/wp-content\/uploads\/2024\/01\/abbb67dd-f99d-46ef-8958-2b7b861ae5e1.jpg?w=423&#038;h=423&#038;crop=1&#038;ssl=1\" srcset=\"https:\/\/i0.wp.com\/informativoelvalledeaguascalientes.online\/wp-content\/uploads\/2024\/01\/abbb67dd-f99d-46ef-8958-2b7b861ae5e1.jpg?w=1600&amp;ssl=1 1600w, https:\/\/i0.wp.com\/informativoelvalledeaguascalientes.online\/wp-content\/uploads\/2024\/01\/abbb67dd-f99d-46ef-8958-2b7b861ae5e1.jpg?resize=300%2C300&amp;ssl=1 300w, https:\/\/i0.wp.com\/informativoelvalledeaguascalientes.online\/wp-content\/uploads\/2024\/01\/abbb67dd-f99d-46ef-8958-2b7b861ae5e1.jpg?resize=1024%2C1024&amp;ssl=1 1024w, https:\/\/i0.wp.com\/informativoelvalledeaguascalientes.online\/wp-content\/uploads\/2024\/01\/abbb67dd-f99d-46ef-8958-2b7b861ae5e1.jpg?resize=150%2C150&amp;ssl=1 150w, https:\/\/i0.wp.com\/informativoelvalledeaguascalientes.online\/wp-content\/uploads\/2024\/01\/abbb67dd-f99d-46ef-8958-2b7b861ae5e1.jpg?resize=768%2C768&amp;ssl=1 768w, https:\/\/i0.wp.com\/informativoelvalledeaguascalientes.online\/wp-content\/uploads\/2024\/01\/abbb67dd-f99d-46ef-8958-2b7b861ae5e1.jpg?resize=1536%2C1536&amp;ssl=1 1536w, https:\/\/i0.wp.com\/informativoelvalledeaguascalientes.online\/wp-content\/uploads\/2024\/01\/abbb67dd-f99d-46ef-8958-2b7b861ae5e1.jpg?w=1280&amp;ssl=1 1280w\" width=\"423\" height=\"423\" loading=\"lazy\" data-original-width=\"423\" data-original-height=\"423\" itemprop=\"http:\/\/schema.org\/image\" title=\"abbb67dd-f99d-46ef-8958-2b7b861ae5e1\" alt=\"abbb67dd-f99d-46ef-8958-2b7b861ae5e1\" style=\"width: 423px; height: 423px;\" \/> <\/a> <\/div> <\/div> <!-- close group --> <div class=\"gallery-group images-2\" style=\"width: 213px; height: 427px;\" data-original-width=\"213\" data-original-height=\"427\" > <div class=\"tiled-gallery-item tiled-gallery-item-small\" itemprop=\"associatedMedia\" itemscope itemtype=\"http:\/\/schema.org\/ImageObject\"> <a href=\"https:\/\/informativoelvalledeaguascalientes.online\/?attachment_id=52422\" border=\"0\" itemprop=\"url\"> <meta itemprop=\"width\" content=\"209\"> <meta itemprop=\"height\" content=\"210\"> <img decoding=\"async\" class=\"\" data-attachment-id=\"52422\" data-orig-file=\"https:\/\/informativoelvalledeaguascalientes.online\/wp-content\/uploads\/2024\/01\/550325c7-dfd8-459d-81e9-b158198a8a1b.jpg\" data-orig-size=\"1600,1600\" data-comments-opened=\"\" data-image-meta=\"{&quot;aperture&quot;:&quot;0&quot;,&quot;credit&quot;:&quot;&quot;,&quot;camera&quot;:&quot;&quot;,&quot;caption&quot;:&quot;&quot;,&quot;created_timestamp&quot;:&quot;0&quot;,&quot;copyright&quot;:&quot;&quot;,&quot;focal_length&quot;:&quot;0&quot;,&quot;iso&quot;:&quot;0&quot;,&quot;shutter_speed&quot;:&quot;0&quot;,&quot;title&quot;:&quot;&quot;,&quot;orientation&quot;:&quot;0&quot;}\" data-image-title=\"550325c7-dfd8-459d-81e9-b158198a8a1b\" data-image-description=\"\" data-medium-file=\"https:\/\/i0.wp.com\/informativoelvalledeaguascalientes.online\/wp-content\/uploads\/2024\/01\/550325c7-dfd8-459d-81e9-b158198a8a1b.jpg?fit=300%2C300&#038;ssl=1\" data-large-file=\"https:\/\/i0.wp.com\/informativoelvalledeaguascalientes.online\/wp-content\/uploads\/2024\/01\/550325c7-dfd8-459d-81e9-b158198a8a1b.jpg?fit=640%2C640&#038;ssl=1\" src=\"https:\/\/i0.wp.com\/informativoelvalledeaguascalientes.online\/wp-content\/uploads\/2024\/01\/550325c7-dfd8-459d-81e9-b158198a8a1b.jpg?w=209&#038;h=210&#038;ssl=1\" srcset=\"https:\/\/i0.wp.com\/informativoelvalledeaguascalientes.online\/wp-content\/uploads\/2024\/01\/550325c7-dfd8-459d-81e9-b158198a8a1b.jpg?w=1600&amp;ssl=1 1600w, https:\/\/i0.wp.com\/informativoelvalledeaguascalientes.online\/wp-content\/uploads\/2024\/01\/550325c7-dfd8-459d-81e9-b158198a8a1b.jpg?resize=300%2C300&amp;ssl=1 300w, https:\/\/i0.wp.com\/informativoelvalledeaguascalientes.online\/wp-content\/uploads\/2024\/01\/550325c7-dfd8-459d-81e9-b158198a8a1b.jpg?resize=1024%2C1024&amp;ssl=1 1024w, https:\/\/i0.wp.com\/informativoelvalledeaguascalientes.online\/wp-content\/uploads\/2024\/01\/550325c7-dfd8-459d-81e9-b158198a8a1b.jpg?resize=150%2C150&amp;ssl=1 150w, https:\/\/i0.wp.com\/informativoelvalledeaguascalientes.online\/wp-content\/uploads\/2024\/01\/550325c7-dfd8-459d-81e9-b158198a8a1b.jpg?resize=768%2C768&amp;ssl=1 768w, https:\/\/i0.wp.com\/informativoelvalledeaguascalientes.online\/wp-content\/uploads\/2024\/01\/550325c7-dfd8-459d-81e9-b158198a8a1b.jpg?resize=1536%2C1536&amp;ssl=1 1536w, https:\/\/i0.wp.com\/informativoelvalledeaguascalientes.online\/wp-content\/uploads\/2024\/01\/550325c7-dfd8-459d-81e9-b158198a8a1b.jpg?w=1280&amp;ssl=1 1280w\" width=\"209\" height=\"210\" loading=\"lazy\" data-original-width=\"209\" data-original-height=\"210\" itemprop=\"http:\/\/schema.org\/image\" title=\"550325c7-dfd8-459d-81e9-b158198a8a1b\" alt=\"550325c7-dfd8-459d-81e9-b158198a8a1b\" style=\"width: 209px; height: 210px;\" \/> <\/a> <\/div> <div class=\"tiled-gallery-item tiled-gallery-item-small\" itemprop=\"associatedMedia\" itemscope itemtype=\"http:\/\/schema.org\/ImageObject\"> <a href=\"https:\/\/informativoelvalledeaguascalientes.online\/?attachment_id=52423\" border=\"0\" itemprop=\"url\"> <meta itemprop=\"width\" content=\"209\"> <meta itemprop=\"height\" content=\"209\"> <img decoding=\"async\" class=\"\" data-attachment-id=\"52423\" data-orig-file=\"https:\/\/informativoelvalledeaguascalientes.online\/wp-content\/uploads\/2024\/01\/54f44a20-fa41-4cd1-9e35-ad999cfef3e9.jpg\" data-orig-size=\"1600,1600\" data-comments-opened=\"\" data-image-meta=\"{&quot;aperture&quot;:&quot;0&quot;,&quot;credit&quot;:&quot;&quot;,&quot;camera&quot;:&quot;&quot;,&quot;caption&quot;:&quot;&quot;,&quot;created_timestamp&quot;:&quot;0&quot;,&quot;copyright&quot;:&quot;&quot;,&quot;focal_length&quot;:&quot;0&quot;,&quot;iso&quot;:&quot;0&quot;,&quot;shutter_speed&quot;:&quot;0&quot;,&quot;title&quot;:&quot;&quot;,&quot;orientation&quot;:&quot;0&quot;}\" data-image-title=\"54f44a20-fa41-4cd1-9e35-ad999cfef3e9\" data-image-description=\"\" data-medium-file=\"https:\/\/i0.wp.com\/informativoelvalledeaguascalientes.online\/wp-content\/uploads\/2024\/01\/54f44a20-fa41-4cd1-9e35-ad999cfef3e9.jpg?fit=300%2C300&#038;ssl=1\" data-large-file=\"https:\/\/i0.wp.com\/informativoelvalledeaguascalientes.online\/wp-content\/uploads\/2024\/01\/54f44a20-fa41-4cd1-9e35-ad999cfef3e9.jpg?fit=640%2C640&#038;ssl=1\" src=\"https:\/\/i0.wp.com\/informativoelvalledeaguascalientes.online\/wp-content\/uploads\/2024\/01\/54f44a20-fa41-4cd1-9e35-ad999cfef3e9.jpg?w=209&#038;h=209&#038;crop=1&#038;ssl=1\" srcset=\"https:\/\/i0.wp.com\/informativoelvalledeaguascalientes.online\/wp-content\/uploads\/2024\/01\/54f44a20-fa41-4cd1-9e35-ad999cfef3e9.jpg?w=1600&amp;ssl=1 1600w, https:\/\/i0.wp.com\/informativoelvalledeaguascalientes.online\/wp-content\/uploads\/2024\/01\/54f44a20-fa41-4cd1-9e35-ad999cfef3e9.jpg?resize=300%2C300&amp;ssl=1 300w, https:\/\/i0.wp.com\/informativoelvalledeaguascalientes.online\/wp-content\/uploads\/2024\/01\/54f44a20-fa41-4cd1-9e35-ad999cfef3e9.jpg?resize=1024%2C1024&amp;ssl=1 1024w, https:\/\/i0.wp.com\/informativoelvalledeaguascalientes.online\/wp-content\/uploads\/2024\/01\/54f44a20-fa41-4cd1-9e35-ad999cfef3e9.jpg?resize=150%2C150&amp;ssl=1 150w, https:\/\/i0.wp.com\/informativoelvalledeaguascalientes.online\/wp-content\/uploads\/2024\/01\/54f44a20-fa41-4cd1-9e35-ad999cfef3e9.jpg?resize=768%2C768&amp;ssl=1 768w, https:\/\/i0.wp.com\/informativoelvalledeaguascalientes.online\/wp-content\/uploads\/2024\/01\/54f44a20-fa41-4cd1-9e35-ad999cfef3e9.jpg?resize=1536%2C1536&amp;ssl=1 1536w, https:\/\/i0.wp.com\/informativoelvalledeaguascalientes.online\/wp-content\/uploads\/2024\/01\/54f44a20-fa41-4cd1-9e35-ad999cfef3e9.jpg?w=1280&amp;ssl=1 1280w\" width=\"209\" height=\"209\" loading=\"lazy\" data-original-width=\"209\" data-original-height=\"209\" itemprop=\"http:\/\/schema.org\/image\" title=\"54f44a20-fa41-4cd1-9e35-ad999cfef3e9\" alt=\"54f44a20-fa41-4cd1-9e35-ad999cfef3e9\" style=\"width: 209px; height: 209px;\" \/> <\/a> <\/div> <\/div> <!-- close group --> <\/div> <!-- close row --> <\/div>\n<p>&nbsp;<\/p>\n<p>*La Instancia de Cultura se prepara para llevar a cabo el programa general dedicado a Jes\u00fas Nazareno.<br \/>\nDel 2 al 4 de febrero, se llevar\u00e1 a cabo el VII Festival del Folklor, a cargo de la Instancia de Cultura, que prepara un programa cargado de tradici\u00f3n y algarab\u00eda, dedicado a Jes\u00fas Nazareno, patrono de los jesusmarienses.<\/p>\n<p>El arranque del mismo, tendr\u00e1 lugar este viernes 2 de febrero con un taller de arte popular y una tamaliza con motivo de la tradicional fiesta de la Candelaria; adem\u00e1s de que tambi\u00e9n se contar\u00e1 con distintos ballets folcl\u00f3ricos para un encuentro infantil de danza.<\/p>\n<p>En tanto, el 3 de febrero, a las 10 de la ma\u00f1ana en la Casa de M\u00fasica, habr\u00e1 una clase de repertorio del estado de Chihuahua, por el profesor Cristian Guti\u00e9rrez, denominada \u00a1Ah Chihuahua! Despu\u00e9s, a las 11 horas, se tiene prevista una activaci\u00f3n folcl\u00f3rica en espacios p\u00fablicos como mercado, paradas de autob\u00fas, negocios gastron\u00f3micos, misma que fue nombrada, Fandangos P\u00fablicos.<\/p>\n<p>Posterior a ello, a las 6 de la tarde se realizar\u00e1 el desfile folcl\u00f3rico por las principales calles del centro de Jes\u00fas Mar\u00eda para concluir en la Plaza Principal con el Encuentro Estatal de Danza, con la participaci\u00f3n de Andanzas de Aguascalientes, Compa\u00f1\u00eda Folklorica de Aguascalientes, Ballet Ollin Yoliztli, Grupo Folcl\u00f3rico Termal y la Compa\u00f1\u00eda Estatal de Danza.<\/p>\n<p>Finalmente, el 4 de febrero, se concluyen las actividades con la presentaci\u00f3n estelar del Grupo Folcl\u00f3rico Municipal de Jes\u00fas Mar\u00eda y del Ballet Fandango Jaliscience.<\/p>\n<p>Finalmente, la titular de la Instancia de Cultura, Flor Zavala Soto, invit\u00f3 a la poblaci\u00f3n en general a gozar de este fin de semana largo, de las actividades programadas que son gratuitas y que vienen a revivir el ambiente en el aspecto del folclor, adem\u00e1s de que es buena oportunidad para los comerciantes, ya que concentran m\u00e1s cantidad de personas que lo habitual.<\/p>\n","protected":false},"excerpt":{"rendered":"<p>#informativoelvalledeaguascalientes #novaradioaguascalientes #informativoelvalledeaguascalientesll &nbsp; *La Instancia de Cultura se prepara para llevar a cabo el programa general dedicado a Jes\u00fas Nazareno. Del 2 al 4 de febrero, se llevar\u00e1 a cabo el VII Festival del Folklor, a cargo de la Instancia de Cultura, que prepara un programa cargado de tradici\u00f3n y algarab\u00eda, dedicado a Jes\u00fas [&hellip;]<\/p>\n","protected":false},"author":1,"featured_media":52420,"comment_status":"closed","ping_status":"open","sticky":false,"template":"","format":"standard","meta":{"_monsterinsights_skip_tracking":false,"advanced_seo_description":"","jetpack_seo_html_title":"","jetpack_seo_noindex":false,"jetpack_seo_schema_type":"","_jetpack_newsletter_access":"","_jetpack_dont_email_post_to_subs":false,"_jetpack_newsletter_tier_id":0,"_jetpack_memberships_contains_paywalled_content":false,"_jetpack_feature_clip_id":0,"_jetpack_memberships_contains_paid_content":false,"footnotes":"","jetpack_publicize_message":"","jetpack_publicize_feature_enabled":true,"jetpack_social_post_already_shared":true,"jetpack_social_options":{"image_generator_settings":{"template":"highway","default_image_id":0,"font":"","enabled":false},"version":2},"jetpack_post_was_ever_published":false},"categories":[21,14],"tags":[22,45],"class_list":["post-52418","post","type-post","status-publish","format-standard","has-post-thumbnail","hentry","category-aguascalientes","category-jesus-maria-aguascalientes","tag-aguascalientes","tag-jesus-maria-aguascalientes"],"jetpack_publicize_connections":[],"jetpack_featured_media_url":"https:\/\/i0.wp.com\/informativoelvalledeaguascalientes.online\/wp-content\/uploads\/2024\/01\/888232d0-716e-4af0-bacc-a8f53b764dd3.jpg?fit=1600%2C1600&ssl=1","jetpack-related-posts":[],"jetpack_sharing_enabled":true,"jetpack_likes_enabled":true,"_links":{"self":[{"href":"https:\/\/informativoelvalledeaguascalientes.online\/index.php?rest_route=\/wp\/v2\/posts\/52418","targetHints":{"allow":["GET"]}}],"collection":[{"href":"https:\/\/informativoelvalledeaguascalientes.online\/index.php?rest_route=\/wp\/v2\/posts"}],"about":[{"href":"https:\/\/informativoelvalledeaguascalientes.online\/index.php?rest_route=\/wp\/v2\/types\/post"}],"author":[{"embeddable":true,"href":"https:\/\/informativoelvalledeaguascalientes.online\/index.php?rest_route=\/wp\/v2\/users\/1"}],"replies":[{"embeddable":true,"href":"https:\/\/informativoelvalledeaguascalientes.online\/index.php?rest_route=%2Fwp%2Fv2%2Fcomments&post=52418"}],"version-history":[{"count":3,"href":"https:\/\/informativoelvalledeaguascalientes.online\/index.php?rest_route=\/wp\/v2\/posts\/52418\/revisions"}],"predecessor-version":[{"id":52426,"href":"https:\/\/informativoelvalledeaguascalientes.online\/index.php?rest_route=\/wp\/v2\/posts\/52418\/revisions\/52426"}],"wp:featuredmedia":[{"embeddable":true,"href":"https:\/\/informativoelvalledeaguascalientes.online\/index.php?rest_route=\/wp\/v2\/media\/52420"}],"wp:attachment":[{"href":"https:\/\/informativoelvalledeaguascalientes.online\/index.php?rest_route=%2Fwp%2Fv2%2Fmedia&parent=52418"}],"wp:term":[{"taxonomy":"category","embeddable":true,"href":"https:\/\/informativoelvalledeaguascalientes.online\/index.php?rest_route=%2Fwp%2Fv2%2Fcategories&post=52418"},{"taxonomy":"post_tag","embeddable":true,"href":"https:\/\/informativoelvalledeaguascalientes.online\/index.php?rest_route=%2Fwp%2Fv2%2Ftags&post=52418"}],"curies":[{"name":"wp","href":"https:\/\/api.w.org\/{rel}","templated":true}]}}