{"id":52365,"date":"2024-01-27T17:17:10","date_gmt":"2024-01-27T23:17:10","guid":{"rendered":"https:\/\/informativoelvalledeaguascalientes.online\/?p=52365"},"modified":"2024-01-30T17:20:12","modified_gmt":"2024-01-30T23:20:12","slug":"convoca-municipio-a-emprendedoras-a-participar-en-el-bazar-de-san-valentin","status":"publish","type":"post","link":"https:\/\/informativoelvalledeaguascalientes.online\/?p=52365","title":{"rendered":"CONVOCA MUNICIPIO A EMPRENDEDORAS A PARTICIPAR EN EL BAZAR DE SAN VALENT\u00cdN"},"content":{"rendered":"<p><strong><a href=\"https:\/\/www.facebook.com\/hashtag\/informativoelvalledeaguascalientes\">#informativoelvalledeaguascalientes<\/a><\/strong><\/p>\n<p><strong><a href=\"https:\/\/www.facebook.com\/hashtag\/novaradioaguascalientes\">#novaradioaguascalientes<\/a><\/strong><\/p>\n<p><strong><a class=\"x1i10hfl xjbqb8w x6umtig x1b1mbwd xaqea5y xav7gou x9f619 x1ypdohk xt0psk2 xe8uvvx xdj266r x11i5rnm xat24cr x1mh8g0r xexx8yu x4uap5 x18d9i69 xkhd6sd x16tdsg8 x1hl2dhg xggy1nq x1a2a7pz xt0b8zv x1qq9wsj xo1l8bm\" tabindex=\"0\" role=\"link\" href=\"https:\/\/www.facebook.com\/hashtag\/laciudaddetuvida?__eep__=6&amp;__cft__[0]=AZVUzG-uzEgkHBxlWi4clX4-qXx_nfGicugdShvx3oYxvDeUIl1My5bfFXiXTmVU7O9FCNwHdVuQiVqIjO99-u7dxeUq1S3CqcB1PNpBXLQtm-Q1JLiRFFX8c4SEMe3VqRRgSs9kS8-Ajp6HnW6ebLd3GeB3j-SCsEGrTUVXz1WdbDeQs8bs0Dry33nLaV6fVU4&amp;__tn__=*NK-R\">#LaCiudadDeTuVida<\/a><\/strong><\/p>\n<p><a href=\"https:\/\/www.facebook.com\/informativo.el.valle.de.aguascalientes.ll\/\">#informativoelvalledeaguascalientesll<\/a><\/p>\n<p>&nbsp;<\/p>\n<p>&nbsp;<\/p>\n<ul>\n<li><strong>El \u00fanico requisito que deben cumplir es no pertenecer a ninguna asociaci\u00f3n, comunidad o grupo\u00a0<\/strong><\/li>\n<\/ul>\n<p>El Instituto Municipal de la Mujer de Aguascalientes (IMMA) invita a participar en el Bazar de San Valent\u00edn, espacio destinado a impulsar el desarrollo comercial de mujeres emprendedoras.<\/p>\n<p>El bazar se llevar\u00e1 a cabo los d\u00edas 12, 13 y 14 de febrero de 2024, de 8:00 a.m. a 3:00 p.m. en la explanada del Museo Aguascalientes.<\/p>\n<p>Podr\u00e1n participar m\u00e1s de 80 expositoras con artesan\u00edas, productos para la familia, alimentos, art\u00edculos personales y servicios relacionados con la salud y el bienestar.<\/p>\n<p>El \u00fanico requisito es no pertenecer alguna Asociaci\u00f3n Civil, agrupaci\u00f3n o comunidad de emprendedoras o empresarias. Para mayor informaci\u00f3n llamar al 449 916 36 10 extensi\u00f3n 104.<\/p>\n<p>Para el Imma es de suma importancia el empoderamiento de la mujer basado en el reconocimiento de su individualidad.<\/p>\n<p>El hecho de que las mujeres tengan opciones laborales o de emprendimiento, es una de las l\u00edneas de acci\u00f3n estrat\u00e9gica del Instituto. De esta manera, se busca promover las diversas actividades econ\u00f3micas y la autonom\u00eda de las mujeres.<\/p>\n","protected":false},"excerpt":{"rendered":"<p>#informativoelvalledeaguascalientes #novaradioaguascalientes #LaCiudadDeTuVida #informativoelvalledeaguascalientesll &nbsp; &nbsp; El \u00fanico requisito que deben cumplir es no pertenecer a ninguna asociaci\u00f3n, comunidad o grupo\u00a0 El Instituto Municipal de la Mujer de Aguascalientes (IMMA) invita a participar en el Bazar de San Valent\u00edn, espacio destinado a impulsar el desarrollo comercial de mujeres emprendedoras. El bazar se llevar\u00e1 a cabo [&hellip;]<\/p>\n","protected":false},"author":1,"featured_media":52367,"comment_status":"closed","ping_status":"open","sticky":false,"template":"","format":"standard","meta":{"advanced_seo_description":"","jetpack_seo_html_title":"","jetpack_seo_noindex":false,"_jetpack_memberships_contains_paid_content":false,"footnotes":"","jetpack_publicize_message":"","jetpack_publicize_feature_enabled":true,"jetpack_social_post_already_shared":true,"jetpack_social_options":{"image_generator_settings":{"template":"highway","default_image_id":0,"font":"","enabled":false},"version":2}},"categories":[21,3],"tags":[22,25,132],"class_list":["post-52365","post","type-post","status-publish","format-standard","has-post-thumbnail","hentry","category-aguascalientes","category-municipio-aguascalientes","tag-aguascalientes","tag-mpio-aguascalientes","tag-mpio-aguascalientes-imma"],"jetpack_publicize_connections":[],"jetpack_featured_media_url":"https:\/\/i0.wp.com\/informativoelvalledeaguascalientes.online\/wp-content\/uploads\/2024\/01\/IMG_0857.jpeg?fit=1024%2C768&ssl=1","jetpack-related-posts":[],"jetpack_sharing_enabled":true,"jetpack_likes_enabled":true,"_links":{"self":[{"href":"https:\/\/informativoelvalledeaguascalientes.online\/index.php?rest_route=\/wp\/v2\/posts\/52365","targetHints":{"allow":["GET"]}}],"collection":[{"href":"https:\/\/informativoelvalledeaguascalientes.online\/index.php?rest_route=\/wp\/v2\/posts"}],"about":[{"href":"https:\/\/informativoelvalledeaguascalientes.online\/index.php?rest_route=\/wp\/v2\/types\/post"}],"author":[{"embeddable":true,"href":"https:\/\/informativoelvalledeaguascalientes.online\/index.php?rest_route=\/wp\/v2\/users\/1"}],"replies":[{"embeddable":true,"href":"https:\/\/informativoelvalledeaguascalientes.online\/index.php?rest_route=%2Fwp%2Fv2%2Fcomments&post=52365"}],"version-history":[{"count":1,"href":"https:\/\/informativoelvalledeaguascalientes.online\/index.php?rest_route=\/wp\/v2\/posts\/52365\/revisions"}],"predecessor-version":[{"id":52368,"href":"https:\/\/informativoelvalledeaguascalientes.online\/index.php?rest_route=\/wp\/v2\/posts\/52365\/revisions\/52368"}],"wp:featuredmedia":[{"embeddable":true,"href":"https:\/\/informativoelvalledeaguascalientes.online\/index.php?rest_route=\/wp\/v2\/media\/52367"}],"wp:attachment":[{"href":"https:\/\/informativoelvalledeaguascalientes.online\/index.php?rest_route=%2Fwp%2Fv2%2Fmedia&parent=52365"}],"wp:term":[{"taxonomy":"category","embeddable":true,"href":"https:\/\/informativoelvalledeaguascalientes.online\/index.php?rest_route=%2Fwp%2Fv2%2Fcategories&post=52365"},{"taxonomy":"post_tag","embeddable":true,"href":"https:\/\/informativoelvalledeaguascalientes.online\/index.php?rest_route=%2Fwp%2Fv2%2Ftags&post=52365"}],"curies":[{"name":"wp","href":"https:\/\/api.w.org\/{rel}","templated":true}]}}