{"id":52302,"date":"2024-01-29T21:58:26","date_gmt":"2024-01-30T03:58:26","guid":{"rendered":"https:\/\/informativoelvalledeaguascalientes.online\/?p=52302"},"modified":"2024-01-29T21:58:26","modified_gmt":"2024-01-30T03:58:26","slug":"aguascalientes-unico-estado-del-pais-que-cuenta-con-policia-de-atencion-a-las-infancias","status":"publish","type":"post","link":"https:\/\/informativoelvalledeaguascalientes.online\/?p=52302","title":{"rendered":"AGUASCALIENTES, \u00daNICO ESTADO DEL PA\u00cdS QUE CUENTA CON POLIC\u00cdA DE ATENCI\u00d3N A LAS INFANCIAS"},"content":{"rendered":"<div>\n<p><strong><a href=\"https:\/\/www.facebook.com\/hashtag\/informativoelvalledeaguascalientes\">#informativoelvalledeaguascalientes<\/a><\/strong><\/p>\n<p><strong><a href=\"https:\/\/www.facebook.com\/hashtag\/novaradioaguascalientes\">#novaradioaguascalientes<\/a><\/strong><\/p>\n<p>#informativoelvalledeaguascalientesll<\/p>\n<p><strong><a href=\"https:\/\/www.facebook.com\/GobiernodeAguascalientes\">#ElGiganteDeMexico<\/a><\/strong><\/p>\n<p>&nbsp;<\/p>\n<p id=\"viewer-5364w116\" class=\"-Zro6 -ZADH vVfzz AnCKd _57WYp\"><span class=\"d0767 vVfzz\"><strong><em>Se cre\u00f3 a iniciativa de la gobernadora Tere Jim\u00e9nez con el objetivo de garantizar la seguridad de ni\u00f1as, ni\u00f1os y adolescentes<\/em><\/strong><\/span><\/p>\n<\/div>\n<ul class=\"xErDo AnCKd\">\n<li class=\"_04hd2 vVfzz\" dir=\"auto\">\n<div>\n<p id=\"viewer-v1828119\" class=\"-Zro6 -ZADH vVfzz AnCKd _57WYp\"><span class=\"d0767 vVfzz\"><strong><em>Se integra por 12 polic\u00edas de ambos sexos que recibieron capacitaci\u00f3n especializada<\/em><\/strong><\/span><\/p>\n<\/div>\n<\/li>\n<li class=\"_04hd2 vVfzz\" dir=\"auto\">\n<div>\n<p id=\"viewer-gujk2122\" class=\"-Zro6 -ZADH vVfzz AnCKd _57WYp\"><span class=\"d0767 vVfzz\"><strong><em>Esta nueva unidad policial mantiene vinculaci\u00f3n permanente con el DIF Estatal y el SIPINNA<\/em><\/strong><\/span><\/p>\n<\/div>\n<\/li>\n<\/ul>\n<div id=\"viewer-5mx6d124\" class=\"-Zro6 -ZADH vVfzz _57WYp\"><span class=\"d0767 vVfzz\">\u00a0<\/span><\/div>\n<div id=\"viewer-fi2nq125\" class=\"-Zro6 -ZADH IjV6v _57WYp\"><span class=\"d0767\">\u00a0<\/span><\/div>\n<p id=\"viewer-tenik126\" class=\"-Zro6 -ZADH vVfzz AnCKd _57WYp\"><span class=\"d0767 vVfzz\">Derivado del inter\u00e9s que mantiene la gobernadora Tere Jim\u00e9nez por garantizar el respeto a los derechos de ni\u00f1as, ni\u00f1os y adolescentes, se cre\u00f3 en Aguascalientes la Polic\u00eda de Atenci\u00f3n a las Infancias, \u00fanica en su tipo a nivel nacional, con el objetivo de velar por la seguridad de los menores.<\/span><\/p>\n<div id=\"viewer-3crou128\" class=\"-Zro6 -ZADH IjV6v _57WYp\"><span class=\"d0767\">\u00a0<\/span><\/div>\n<p id=\"viewer-ukri4129\" class=\"-Zro6 -ZADH vVfzz AnCKd _57WYp\"><span class=\"d0767 vVfzz\">As\u00ed lo dio a conocer el titular de la Secretar\u00eda de Seguridad P\u00fablica del Estado, Manuel Alonso Garc\u00eda, quien precis\u00f3 que esta nueva unidad de la SSPE se integra por 12 polic\u00edas de ambos sexos que recibieron capacitaci\u00f3n especializada en temas como \u201cDerechos humanos en el servicio p\u00fablico\u201d, \u201cDerechos Universales de las infancias\u201d, \u201cElementos generales para protecci\u00f3n inmediata de ni\u00f1as, ni\u00f1os y adolescentes\u201d y \u201cProtocolo nacional de coordinaci\u00f3n interinstitucional para la protecci\u00f3n de ni\u00f1as, ni\u00f1os y adolescentes\u201d, entre otros.<\/span><\/p>\n<div id=\"viewer-vgkm0131\" class=\"-Zro6 -ZADH IjV6v _57WYp\"><span class=\"d0767\">\u00a0<\/span><\/div>\n<p id=\"viewer-7it9k132\" class=\"-Zro6 -ZADH vVfzz AnCKd _57WYp\"><span class=\"d0767 vVfzz\">Agreg\u00f3 que la actuaci\u00f3n de esta nueva unidad se rige bajo el inter\u00e9s superior de la ni\u00f1ez y en apego a lo que establece el Art\u00edculo 4to. Constitucional con respecto a la protecci\u00f3n y seguridad de ni\u00f1as, ni\u00f1os y adolescentes.<\/span><\/p>\n<div id=\"viewer-id544134\" class=\"-Zro6 -ZADH IjV6v _57WYp\"><span class=\"d0767\">\u00a0<\/span><\/div>\n<p id=\"viewer-ofs4t135\" class=\"-Zro6 -ZADH vVfzz AnCKd _57WYp\"><span class=\"d0767 vVfzz\">Alonso Garc\u00eda destac\u00f3 que la Polic\u00eda de Atenci\u00f3n a las Infancias se cre\u00f3 a iniciativa de la gobernadora Tere Jim\u00e9nez con base en la universalidad del C5i, donde se implementan protocolos para brindar atenci\u00f3n a cualquier persona, independientemente de su edad, a trav\u00e9s del Servicio de Emergencia 911.<\/span><\/p>\n<div id=\"viewer-pfxqo137\" class=\"-Zro6 -ZADH IjV6v _57WYp\"><span class=\"d0767\">\u00a0<\/span><\/div>\n<p id=\"viewer-b9q51138\" class=\"-Zro6 -ZADH vVfzz AnCKd _57WYp\"><span class=\"d0767 vVfzz\">Asimismo, dijo que esta nueva divisi\u00f3n policial mantiene vinculaci\u00f3n directa con el DIF Estatal y el Sistema Estatal de Protecci\u00f3n Integral de Ni\u00f1as, Ni\u00f1os y Adolescentes, adem\u00e1s de que trabaja de la mano con la Polic\u00eda Rosa en las labores de protecci\u00f3n a menores.\u00a0<\/span><\/p>\n<div id=\"viewer-hm3r0140\" class=\"-Zro6 -ZADH IjV6v _57WYp\"><\/div>\n","protected":false},"excerpt":{"rendered":"<p>#informativoelvalledeaguascalientes #novaradioaguascalientes #informativoelvalledeaguascalientesll #ElGiganteDeMexico &nbsp; Se cre\u00f3 a iniciativa de la gobernadora Tere Jim\u00e9nez con el objetivo de garantizar la seguridad de ni\u00f1as, ni\u00f1os y adolescentes Se integra por 12 polic\u00edas de ambos sexos que recibieron capacitaci\u00f3n especializada Esta nueva unidad policial mantiene vinculaci\u00f3n permanente con el DIF Estatal y el SIPINNA \u00a0 \u00a0 Derivado [&hellip;]<\/p>\n","protected":false},"author":1,"featured_media":52303,"comment_status":"closed","ping_status":"open","sticky":false,"template":"","format":"standard","meta":{"advanced_seo_description":"","jetpack_seo_html_title":"","jetpack_seo_noindex":false,"_jetpack_memberships_contains_paid_content":false,"footnotes":"","jetpack_publicize_message":"","jetpack_publicize_feature_enabled":true,"jetpack_social_post_already_shared":true,"jetpack_social_options":{"image_generator_settings":{"template":"highway","default_image_id":0,"font":"","enabled":false},"version":2}},"categories":[21,4],"tags":[22,65,615,658],"class_list":["post-52302","post","type-post","status-publish","format-standard","has-post-thumbnail","hentry","category-aguascalientes","category-gobierno-del-estado-aguascalientes","tag-aguascalientes","tag-dif-estatal-aguascalientes","tag-gobierno-del-estado-de-aguascalientes","tag-sipinna-aguascalientes"],"jetpack_publicize_connections":[],"jetpack_featured_media_url":"https:\/\/i0.wp.com\/informativoelvalledeaguascalientes.online\/wp-content\/uploads\/2024\/01\/WhatsApp-Image-2024-01-26-at-3.55.01-PM.jpeg?fit=1280%2C867&ssl=1","jetpack-related-posts":[],"jetpack_sharing_enabled":true,"jetpack_likes_enabled":true,"_links":{"self":[{"href":"https:\/\/informativoelvalledeaguascalientes.online\/index.php?rest_route=\/wp\/v2\/posts\/52302","targetHints":{"allow":["GET"]}}],"collection":[{"href":"https:\/\/informativoelvalledeaguascalientes.online\/index.php?rest_route=\/wp\/v2\/posts"}],"about":[{"href":"https:\/\/informativoelvalledeaguascalientes.online\/index.php?rest_route=\/wp\/v2\/types\/post"}],"author":[{"embeddable":true,"href":"https:\/\/informativoelvalledeaguascalientes.online\/index.php?rest_route=\/wp\/v2\/users\/1"}],"replies":[{"embeddable":true,"href":"https:\/\/informativoelvalledeaguascalientes.online\/index.php?rest_route=%2Fwp%2Fv2%2Fcomments&post=52302"}],"version-history":[{"count":1,"href":"https:\/\/informativoelvalledeaguascalientes.online\/index.php?rest_route=\/wp\/v2\/posts\/52302\/revisions"}],"predecessor-version":[{"id":52304,"href":"https:\/\/informativoelvalledeaguascalientes.online\/index.php?rest_route=\/wp\/v2\/posts\/52302\/revisions\/52304"}],"wp:featuredmedia":[{"embeddable":true,"href":"https:\/\/informativoelvalledeaguascalientes.online\/index.php?rest_route=\/wp\/v2\/media\/52303"}],"wp:attachment":[{"href":"https:\/\/informativoelvalledeaguascalientes.online\/index.php?rest_route=%2Fwp%2Fv2%2Fmedia&parent=52302"}],"wp:term":[{"taxonomy":"category","embeddable":true,"href":"https:\/\/informativoelvalledeaguascalientes.online\/index.php?rest_route=%2Fwp%2Fv2%2Fcategories&post=52302"},{"taxonomy":"post_tag","embeddable":true,"href":"https:\/\/informativoelvalledeaguascalientes.online\/index.php?rest_route=%2Fwp%2Fv2%2Ftags&post=52302"}],"curies":[{"name":"wp","href":"https:\/\/api.w.org\/{rel}","templated":true}]}}