{"id":52294,"date":"2024-01-26T16:18:48","date_gmt":"2024-01-26T22:18:48","guid":{"rendered":"https:\/\/informativoelvalledeaguascalientes.online\/?p=52294"},"modified":"2024-01-29T16:27:12","modified_gmt":"2024-01-29T22:27:12","slug":"asiste-tere-jimenez-al-primer-informe-de-la-rectora-de-la-uaa","status":"publish","type":"post","link":"https:\/\/informativoelvalledeaguascalientes.online\/?p=52294","title":{"rendered":"ASISTE TERE JIM\u00c9NEZ AL PRIMER INFORME DE LA RECTORA DE LA UAA"},"content":{"rendered":"<p><strong><a href=\"https:\/\/www.facebook.com\/hashtag\/informativoelvalledeaguascalientes\">#informativoelvalledeaguascalientes<\/a><\/strong><\/p>\n<p><strong><a href=\"https:\/\/www.facebook.com\/hashtag\/novaradioaguascalientes\">#novaradioaguascalientes<\/a><\/strong><\/p>\n<p>#informativoelvalledeaguascalientesll<\/p>\n<p><strong><a href=\"https:\/\/www.facebook.com\/GobiernodeAguascalientes\">#ElGiganteDeMexico<\/a><\/strong><\/p>\n<p>&nbsp;<\/p>\n<p>&nbsp;<\/p>\n<div class=\"\" data-mesh-id=\"comp-l7sh9ubr2inlineContent\" data-testid=\"inline-content\">\n<div data-mesh-id=\"comp-l7sh9ubr2inlineContent-gridContainer\" data-testid=\"mesh-container-content\">\n<div id=\"comp-l7sh9ubx\" class=\"TWFxr5 \">\n<div class=\"comp-l7sh9ubx\">\n<div class=\"siSdJK4 comp-l7sh9ubx\" data-hook=\"ricosviewer-wrapper\">\n<div class=\"U4I07\" dir=\"ltr\" data-id=\"content-viewer\">\n<div class=\"hl-xW\">\n<div>\n<p id=\"viewer-foo\" class=\"-Zro6 -ZADH vVfzz AnCKd _57WYp\"><span class=\"d0767 vVfzz\">La gobernadora de Aguascalientes, Tere Jim\u00e9nez, asisti\u00f3 al Primer Informe de Actividades de la rectora de la Universidad Aut\u00f3noma de Aguascalientes (UAA), Sandra Yesenia Pinz\u00f3n Castro, donde aprovech\u00f3 para felicitarla por el trabajo realizado en su primer a\u00f1o de gesti\u00f3n al frente de la benem\u00e9rita instituci\u00f3n.<\/span><\/p>\n<div id=\"viewer-oyq0n336\" class=\"-Zro6 -ZADH vVfzz _57WYp\"><span class=\"d0767 vVfzz\">\u00a0<\/span><\/div>\n<p id=\"viewer-ued3t337\" class=\"-Zro6 -ZADH vVfzz AnCKd _57WYp\"><span class=\"d0767 vVfzz\">La gobernadora refrend\u00f3 el respeto de su gobierno a la UAA y dijo que seguir\u00e1 trabajando en coordinaci\u00f3n con Pinz\u00f3n Castro para continuar con el impulso de proyectos que favorezcan la educaci\u00f3n de las y los j\u00f3venes estudiantes.<\/span><\/p>\n<div id=\"viewer-3fb8z339\" class=\"-Zro6 -ZADH vVfzz _57WYp\"><span class=\"d0767 vVfzz\">\u00a0<\/span><\/div>\n<p id=\"viewer-ud5xf340\" class=\"-Zro6 -ZADH vVfzz AnCKd _57WYp\"><span class=\"d0767 vVfzz\">La ceremonia se llev\u00f3 a cabo en el Auditorio Dr. Pedro de Alba de la UAA y cont\u00f3 con la presencia de los representantes de los Poderes Ejecutivo, Legislativo y Judicial; exrectores, acad\u00e9micos, presidentes municipales y autoridades de los tres niveles de gobierno.<\/span><\/p>\n<\/div>\n<\/div>\n<\/div>\n<\/div>\n<\/div>\n<\/div>\n<\/div>\n<\/div>\n","protected":false},"excerpt":{"rendered":"<p>#informativoelvalledeaguascalientes #novaradioaguascalientes #informativoelvalledeaguascalientesll #ElGiganteDeMexico &nbsp; &nbsp; La gobernadora de Aguascalientes, Tere Jim\u00e9nez, asisti\u00f3 al Primer Informe de Actividades de la rectora de la Universidad Aut\u00f3noma de Aguascalientes (UAA), Sandra Yesenia Pinz\u00f3n Castro, donde aprovech\u00f3 para felicitarla por el trabajo realizado en su primer a\u00f1o de gesti\u00f3n al frente de la benem\u00e9rita instituci\u00f3n. \u00a0 La gobernadora [&hellip;]<\/p>\n","protected":false},"author":1,"featured_media":52298,"comment_status":"closed","ping_status":"open","sticky":false,"template":"","format":"standard","meta":{"advanced_seo_description":"","jetpack_seo_html_title":"","jetpack_seo_noindex":false,"_jetpack_memberships_contains_paid_content":false,"footnotes":"","jetpack_publicize_message":"","jetpack_publicize_feature_enabled":true,"jetpack_social_post_already_shared":true,"jetpack_social_options":{"image_generator_settings":{"template":"highway","default_image_id":0,"font":"","enabled":false},"version":2}},"categories":[21,4,629],"tags":[22,615,320,142],"class_list":["post-52294","post","type-post","status-publish","format-standard","has-post-thumbnail","hentry","category-aguascalientes","category-gobierno-del-estado-aguascalientes","category-universidad-autonoma-de-aguascalientes","tag-aguascalientes","tag-gobierno-del-estado-de-aguascalientes","tag-tere-jimenez","tag-uaa"],"jetpack_publicize_connections":[],"jetpack_featured_media_url":"https:\/\/i0.wp.com\/informativoelvalledeaguascalientes.online\/wp-content\/uploads\/2024\/01\/423515620_938349967648206_8556845836296781204_n.jpeg?fit=1440%2C596&ssl=1","jetpack-related-posts":[],"jetpack_sharing_enabled":true,"jetpack_likes_enabled":true,"_links":{"self":[{"href":"https:\/\/informativoelvalledeaguascalientes.online\/index.php?rest_route=\/wp\/v2\/posts\/52294","targetHints":{"allow":["GET"]}}],"collection":[{"href":"https:\/\/informativoelvalledeaguascalientes.online\/index.php?rest_route=\/wp\/v2\/posts"}],"about":[{"href":"https:\/\/informativoelvalledeaguascalientes.online\/index.php?rest_route=\/wp\/v2\/types\/post"}],"author":[{"embeddable":true,"href":"https:\/\/informativoelvalledeaguascalientes.online\/index.php?rest_route=\/wp\/v2\/users\/1"}],"replies":[{"embeddable":true,"href":"https:\/\/informativoelvalledeaguascalientes.online\/index.php?rest_route=%2Fwp%2Fv2%2Fcomments&post=52294"}],"version-history":[{"count":1,"href":"https:\/\/informativoelvalledeaguascalientes.online\/index.php?rest_route=\/wp\/v2\/posts\/52294\/revisions"}],"predecessor-version":[{"id":52299,"href":"https:\/\/informativoelvalledeaguascalientes.online\/index.php?rest_route=\/wp\/v2\/posts\/52294\/revisions\/52299"}],"wp:featuredmedia":[{"embeddable":true,"href":"https:\/\/informativoelvalledeaguascalientes.online\/index.php?rest_route=\/wp\/v2\/media\/52298"}],"wp:attachment":[{"href":"https:\/\/informativoelvalledeaguascalientes.online\/index.php?rest_route=%2Fwp%2Fv2%2Fmedia&parent=52294"}],"wp:term":[{"taxonomy":"category","embeddable":true,"href":"https:\/\/informativoelvalledeaguascalientes.online\/index.php?rest_route=%2Fwp%2Fv2%2Fcategories&post=52294"},{"taxonomy":"post_tag","embeddable":true,"href":"https:\/\/informativoelvalledeaguascalientes.online\/index.php?rest_route=%2Fwp%2Fv2%2Ftags&post=52294"}],"curies":[{"name":"wp","href":"https:\/\/api.w.org\/{rel}","templated":true}]}}