{"id":52286,"date":"2024-01-28T14:17:44","date_gmt":"2024-01-28T20:17:44","guid":{"rendered":"https:\/\/informativoelvalledeaguascalientes.online\/?p=52286"},"modified":"2024-01-28T14:17:44","modified_gmt":"2024-01-28T20:17:44","slug":"dif-estatal-acerca-apoyos-a-personas-con-discapacidad-directamente-a-sus-hogares","status":"publish","type":"post","link":"https:\/\/informativoelvalledeaguascalientes.online\/?p=52286","title":{"rendered":"DIF ESTATAL ACERCA APOYOS A PERSONAS CON DISCAPACIDAD DIRECTAMENTE A SUS HOGARES"},"content":{"rendered":"<div>\n<p><strong><a href=\"https:\/\/www.facebook.com\/hashtag\/informativoelvalledeaguascalientes\">#informativoelvalledeaguascalientes<\/a><\/strong><\/p>\n<p><strong><a href=\"https:\/\/www.facebook.com\/hashtag\/novaradioaguascalientes\">#novaradioaguascalientes<\/a><\/strong><\/p>\n<p>#informativoelvalledeaguascalientesll<\/p>\n<p><strong><a href=\"https:\/\/www.facebook.com\/GobiernodeAguascalientes\">#ElGiganteDeMexico<\/a><\/strong><\/p>\n<p>&nbsp;<\/p>\n<p id=\"viewer-8vccy136\" class=\"-Zro6 -ZADH vVfzz AnCKd _57WYp\"><span class=\"d0767 vVfzz\"><strong><em>Entreg\u00f3 sillas de ruedas y andaderas a personas en situaci\u00f3n vulnerable en diferentes municipios de Aguascalientes<\/em><\/strong><\/span><\/p>\n<\/div>\n<ul class=\"xErDo AnCKd\">\n<li class=\"_04hd2 vVfzz\" dir=\"auto\">\n<div>\n<p id=\"viewer-9trum139\" class=\"-Zro6 -ZADH vVfzz AnCKd _57WYp\"><span class=\"d0767 vVfzz\"><strong><em>Estos apoyos servir\u00e1n para facilitar el movimiento y la vida cotidiana de las y los beneficiarios\u00a0<\/em><\/strong><\/span><\/p>\n<\/div>\n<\/li>\n<\/ul>\n<div id=\"viewer-lyaua141\" class=\"-Zro6 -ZADH vVfzz _57WYp\"><span class=\"d0767 vVfzz\">\u00a0<\/span><\/div>\n<p id=\"viewer-lx3s7142\" class=\"-Zro6 -ZADH vVfzz AnCKd _57WYp\"><span class=\"d0767 vVfzz\">En una muestra de la sensibilidad y cercan\u00eda que distinguen a la administraci\u00f3n que encabeza la gobernadora de Aguascalientes, Tere Jim\u00e9nez, la presidenta del DIF Estatal, Aurora Jim\u00e9nez Esquivel, visit\u00f3 las viviendas de personas con discapacidad que tienen dificultad para desplazarse, a quienes les entreg\u00f3 personalmente sillas de ruedas y andaderas.\u00a0<\/span><\/p>\n<div id=\"viewer-ri8mo144\" class=\"-Zro6 -ZADH IjV6v _57WYp\"><span class=\"d0767\">\u00a0<\/span><\/div>\n<p id=\"viewer-c4hve145\" class=\"-Zro6 -ZADH vVfzz AnCKd _57WYp\"><span class=\"d0767 vVfzz\">Indic\u00f3 que estos apoyos servir\u00e1n para facilitar el movimiento y la vida cotidiana de las personas que padecen enfermedades cr\u00f3nico-degenerativas; la gira se realiz\u00f3 en las comunidades El Mexiquito, Cos\u00edo; El Chayote, Tepezal\u00e1; San Jos\u00e9 del R\u00edo, Asientos; Lumbreras, Aguascalientes, y algunos domicilios dentro de la ciudad capital.\u00a0<\/span><\/p>\n<div id=\"viewer-r6ssm147\" class=\"-Zro6 -ZADH IjV6v _57WYp\"><span class=\"d0767\">\u00a0<\/span><\/div>\n<p id=\"viewer-zprrl148\" class=\"-Zro6 -ZADH vVfzz AnCKd _57WYp\"><span class=\"d0767 vVfzz\">\u201cEstas visitas domiciliarias que se tienen programadas por los municipios son importantes, porque adem\u00e1s del apoyo directo, el contacto con la gente permite identificar otras necesidades que pueden ser atendidas por el organismo o por otra instancia de gobierno\u201d, se\u00f1al\u00f3 Jim\u00e9nez Esquivel.\u00a0<\/span><\/p>\n<div id=\"viewer-cyq6f150\" class=\"-Zro6 -ZADH IjV6v _57WYp\"><span class=\"d0767\">\u00a0<\/span><\/div>\n<p id=\"viewer-sbnbw151\" class=\"-Zro6 -ZADH vVfzz AnCKd _57WYp\"><span class=\"d0767 vVfzz\">Mencion\u00f3 que hay casos muy especiales en los que los ciudadanos no tienen la posibilidad de acudir por el apoyo a las oficinas centrales, es por ello que la instituci\u00f3n toca la puerta de sus hogares para atender la petici\u00f3n con prontitud, y al mismo tiempo cuidar la integridad de quienes solicitan la ayuda.\u00a0<\/span><\/p>\n<div id=\"viewer-w3c1y153\" class=\"-Zro6 -ZADH IjV6v _57WYp\"><span class=\"d0767\">\u00a0<\/span><\/div>\n<p id=\"viewer-zn141154\" class=\"-Zro6 -ZADH vVfzz AnCKd _57WYp\"><span class=\"d0767 vVfzz\">Finalmente, la primera voluntaria hizo un llamado a las personas a que se acerquen a la instituci\u00f3n para que puedan acceder a los diversos programas y servicios que ofrece el DIF Estatal.<\/span><\/p>\n<div id=\"viewer-snlzu156\" class=\"-Zro6 -ZADH IjV6v _57WYp\"><span class=\"d0767\">\u00a0<\/span><\/div>\n<p id=\"viewer-fdf5r157\" class=\"-Zro6 -ZADH vVfzz AnCKd _57WYp\"><span class=\"d0767 vVfzz\">Para mayor informaci\u00f3n, pueden comunicarse al tel\u00e9fono 449 910 25 85 o acudir directamente a la dependencia ubicada en Av. Convenci\u00f3n de 1914 sur, esq. Av. de los Maestros s\/n, col. Espa\u00f1a.\u00a0<\/span><\/p>\n<div id=\"viewer-dncle160\" class=\"-Zro6 -ZADH IjV6v _57WYp\"><\/div>\n","protected":false},"excerpt":{"rendered":"<p>#informativoelvalledeaguascalientes #novaradioaguascalientes #informativoelvalledeaguascalientesll #ElGiganteDeMexico &nbsp; Entreg\u00f3 sillas de ruedas y andaderas a personas en situaci\u00f3n vulnerable en diferentes municipios de Aguascalientes Estos apoyos servir\u00e1n para facilitar el movimiento y la vida cotidiana de las y los beneficiarios\u00a0 \u00a0 En una muestra de la sensibilidad y cercan\u00eda que distinguen a la administraci\u00f3n que encabeza la gobernadora [&hellip;]<\/p>\n","protected":false},"author":1,"featured_media":52287,"comment_status":"closed","ping_status":"open","sticky":false,"template":"","format":"standard","meta":{"advanced_seo_description":"","jetpack_seo_html_title":"","jetpack_seo_noindex":false,"_jetpack_memberships_contains_paid_content":false,"footnotes":"","jetpack_publicize_message":"","jetpack_publicize_feature_enabled":true,"jetpack_social_post_already_shared":true,"jetpack_social_options":{"image_generator_settings":{"template":"highway","default_image_id":0,"font":"","enabled":false},"version":2}},"categories":[21,4],"tags":[22,65,615],"class_list":["post-52286","post","type-post","status-publish","format-standard","has-post-thumbnail","hentry","category-aguascalientes","category-gobierno-del-estado-aguascalientes","tag-aguascalientes","tag-dif-estatal-aguascalientes","tag-gobierno-del-estado-de-aguascalientes"],"jetpack_publicize_connections":[],"jetpack_featured_media_url":"https:\/\/i0.wp.com\/informativoelvalledeaguascalientes.online\/wp-content\/uploads\/2024\/01\/WhatsApp-Image-2024-01-26-at-1.32.10-PM-4.jpeg?fit=1600%2C1066&ssl=1","jetpack-related-posts":[],"jetpack_sharing_enabled":true,"jetpack_likes_enabled":true,"_links":{"self":[{"href":"https:\/\/informativoelvalledeaguascalientes.online\/index.php?rest_route=\/wp\/v2\/posts\/52286","targetHints":{"allow":["GET"]}}],"collection":[{"href":"https:\/\/informativoelvalledeaguascalientes.online\/index.php?rest_route=\/wp\/v2\/posts"}],"about":[{"href":"https:\/\/informativoelvalledeaguascalientes.online\/index.php?rest_route=\/wp\/v2\/types\/post"}],"author":[{"embeddable":true,"href":"https:\/\/informativoelvalledeaguascalientes.online\/index.php?rest_route=\/wp\/v2\/users\/1"}],"replies":[{"embeddable":true,"href":"https:\/\/informativoelvalledeaguascalientes.online\/index.php?rest_route=%2Fwp%2Fv2%2Fcomments&post=52286"}],"version-history":[{"count":1,"href":"https:\/\/informativoelvalledeaguascalientes.online\/index.php?rest_route=\/wp\/v2\/posts\/52286\/revisions"}],"predecessor-version":[{"id":52288,"href":"https:\/\/informativoelvalledeaguascalientes.online\/index.php?rest_route=\/wp\/v2\/posts\/52286\/revisions\/52288"}],"wp:featuredmedia":[{"embeddable":true,"href":"https:\/\/informativoelvalledeaguascalientes.online\/index.php?rest_route=\/wp\/v2\/media\/52287"}],"wp:attachment":[{"href":"https:\/\/informativoelvalledeaguascalientes.online\/index.php?rest_route=%2Fwp%2Fv2%2Fmedia&parent=52286"}],"wp:term":[{"taxonomy":"category","embeddable":true,"href":"https:\/\/informativoelvalledeaguascalientes.online\/index.php?rest_route=%2Fwp%2Fv2%2Fcategories&post=52286"},{"taxonomy":"post_tag","embeddable":true,"href":"https:\/\/informativoelvalledeaguascalientes.online\/index.php?rest_route=%2Fwp%2Fv2%2Ftags&post=52286"}],"curies":[{"name":"wp","href":"https:\/\/api.w.org\/{rel}","templated":true}]}}