{"id":52185,"date":"2024-01-23T16:38:00","date_gmt":"2024-01-23T22:38:00","guid":{"rendered":"https:\/\/informativoelvalledeaguascalientes.online\/?p=52185"},"modified":"2024-01-23T16:38:00","modified_gmt":"2024-01-23T22:38:00","slug":"comision-de-vigilancia-aprobo-dictamen-que-contempla-extension-de-horario-nocturno-en-guarderias","status":"publish","type":"post","link":"https:\/\/informativoelvalledeaguascalientes.online\/?p=52185","title":{"rendered":"COMISI\u00d3N DE VIGILANCIA APROB\u00d3 DICTAMEN QUE CONTEMPLA EXTENSI\u00d3N DE HORARIO NOCTURNO EN GUARDER\u00cdAS"},"content":{"rendered":"<p>#novaradioaguascalientes<\/p>\n<p>#informativoelvalledeaguascalientes<\/p>\n<p>#informativoelvalledeaguascalientesll<\/p>\n<p>&nbsp;<\/p>\n<p><strong>\u00a0<\/strong><\/p>\n<p><strong>\u00a0<\/strong>En sesi\u00f3n ordinaria, la Comisi\u00f3n de Vigilancia de la LXV Legislatura del Congreso de Aguascalientes, -que preside el diputado Jaime Gonz\u00e1lez de Le\u00f3n e integran las legisladoras Mar\u00eda de Jes\u00fas D\u00edaz Marmolejo, Gladys Ram\u00edrez Aguilar y el representante popular Cuauht\u00e9moc Escobedo Tejada-, aprob\u00f3 el dictamen que resuelve la iniciativa de reforma a la Ley del Sistema Estatal de Asistencia Social e Integraci\u00f3n Familiar.<\/p>\n<p>&nbsp;<\/p>\n<p>Al respecto, Gonz\u00e1lez de Le\u00f3n inform\u00f3 que este planteamiento va encaminado a establecer el horario extendido en el turno nocturno de las guarder\u00edas, en apoyo a madres y padres trabajadores.<\/p>\n<p>&nbsp;<\/p>\n<p>En este sentido, el legislador indic\u00f3 que este dictamen se turn\u00f3 a la Junta de Coordinaci\u00f3n Pol\u00edtica, con el prop\u00f3sito de que lo considere en el inventario de asuntos legislativos por desahogarse ante el pleno.<\/p>\n","protected":false},"excerpt":{"rendered":"<p>#novaradioaguascalientes #informativoelvalledeaguascalientes #informativoelvalledeaguascalientesll &nbsp; \u00a0 \u00a0En sesi\u00f3n ordinaria, la Comisi\u00f3n de Vigilancia de la LXV Legislatura del Congreso de Aguascalientes, -que preside el diputado Jaime Gonz\u00e1lez de Le\u00f3n e integran las legisladoras Mar\u00eda de Jes\u00fas D\u00edaz Marmolejo, Gladys Ram\u00edrez Aguilar y el representante popular Cuauht\u00e9moc Escobedo Tejada-, aprob\u00f3 el dictamen que resuelve la iniciativa de [&hellip;]<\/p>\n","protected":false},"author":1,"featured_media":52186,"comment_status":"closed","ping_status":"open","sticky":false,"template":"","format":"standard","meta":{"advanced_seo_description":"","jetpack_seo_html_title":"","jetpack_seo_noindex":false,"_jetpack_memberships_contains_paid_content":false,"footnotes":"","jetpack_publicize_message":"","jetpack_publicize_feature_enabled":true,"jetpack_social_post_already_shared":true,"jetpack_social_options":{"image_generator_settings":{"template":"highway","default_image_id":0,"font":"","enabled":false},"version":2}},"categories":[21,5],"tags":[22,520],"class_list":["post-52185","post","type-post","status-publish","format-standard","has-post-thumbnail","hentry","category-aguascalientes","category-h-congreso-del-estado-aguascalientes","tag-aguascalientes","tag-lxv-legislatura-aguascalientes"],"jetpack_publicize_connections":[],"jetpack_featured_media_url":"https:\/\/i0.wp.com\/informativoelvalledeaguascalientes.online\/wp-content\/uploads\/2024\/01\/DSC_3135-2.jpg?fit=899%2C599&ssl=1","jetpack-related-posts":[],"jetpack_sharing_enabled":true,"jetpack_likes_enabled":true,"_links":{"self":[{"href":"https:\/\/informativoelvalledeaguascalientes.online\/index.php?rest_route=\/wp\/v2\/posts\/52185","targetHints":{"allow":["GET"]}}],"collection":[{"href":"https:\/\/informativoelvalledeaguascalientes.online\/index.php?rest_route=\/wp\/v2\/posts"}],"about":[{"href":"https:\/\/informativoelvalledeaguascalientes.online\/index.php?rest_route=\/wp\/v2\/types\/post"}],"author":[{"embeddable":true,"href":"https:\/\/informativoelvalledeaguascalientes.online\/index.php?rest_route=\/wp\/v2\/users\/1"}],"replies":[{"embeddable":true,"href":"https:\/\/informativoelvalledeaguascalientes.online\/index.php?rest_route=%2Fwp%2Fv2%2Fcomments&post=52185"}],"version-history":[{"count":1,"href":"https:\/\/informativoelvalledeaguascalientes.online\/index.php?rest_route=\/wp\/v2\/posts\/52185\/revisions"}],"predecessor-version":[{"id":52187,"href":"https:\/\/informativoelvalledeaguascalientes.online\/index.php?rest_route=\/wp\/v2\/posts\/52185\/revisions\/52187"}],"wp:featuredmedia":[{"embeddable":true,"href":"https:\/\/informativoelvalledeaguascalientes.online\/index.php?rest_route=\/wp\/v2\/media\/52186"}],"wp:attachment":[{"href":"https:\/\/informativoelvalledeaguascalientes.online\/index.php?rest_route=%2Fwp%2Fv2%2Fmedia&parent=52185"}],"wp:term":[{"taxonomy":"category","embeddable":true,"href":"https:\/\/informativoelvalledeaguascalientes.online\/index.php?rest_route=%2Fwp%2Fv2%2Fcategories&post=52185"},{"taxonomy":"post_tag","embeddable":true,"href":"https:\/\/informativoelvalledeaguascalientes.online\/index.php?rest_route=%2Fwp%2Fv2%2Ftags&post=52185"}],"curies":[{"name":"wp","href":"https:\/\/api.w.org\/{rel}","templated":true}]}}