{"id":52164,"date":"2024-01-18T15:57:49","date_gmt":"2024-01-18T21:57:49","guid":{"rendered":"https:\/\/informativoelvalledeaguascalientes.online\/?p=52164"},"modified":"2024-01-23T16:00:46","modified_gmt":"2024-01-23T22:00:46","slug":"policia-turistica-localiza-a-menor-extraviado","status":"publish","type":"post","link":"https:\/\/informativoelvalledeaguascalientes.online\/?p=52164","title":{"rendered":"Polic\u00eda Tur\u00edstica localiza a menor extraviado"},"content":{"rendered":"<p>#novaradioaguascalientes<\/p>\n<p>#informativoelvalledeaguascalientes<\/p>\n<p>#informativoelvalledeaguascalientesll<\/p>\n<p>#ElGigantedeMexico<\/p>\n<p>&nbsp;<\/p>\n<p>Un menor extraviado en el per\u00edmetro de la Feria Nacional de Rinc\u00f3n de Romos, fue localizado por efectivos de la Polic\u00eda Tur\u00edstica de la Secretar\u00eda de Seguridad P\u00fablica del Estado y fue ayudado a regresar con bien con su familia.<br \/>\nFue cerca de las 19:40 horas cuando oficiales de la Polic\u00eda Tur\u00edstica de la Polic\u00eda Estatal que realizaban sus labores de vigilancia permanente en el per\u00edmetro ferial de las fiestas rinconenses fueron abordados por una familia la cual inform\u00f3 a los oficiales que su hijo, menor de edad se encontraba extraviado, por lo que de inmediato se comenz\u00f3 con un operativo de b\u00fasqueda para la localizaci\u00f3n del mismo.<\/p>\n<p>En el lugar, la madre del menor, la se\u00f1ora Guadalupe 27 a\u00f1os de edad indic\u00f3 los datos generales del ni\u00f1o Francisco de Jes\u00fas de 9 a\u00f1os de edad quien con especificaciones de como iba vestido, minutos despu\u00e9s, fue localizado, por lo que momentos despu\u00e9s, tanto la madre, el padre, se\u00f1or Benjam\u00edn y el menor, pudieron reencontrarse, donde finalmente agradecieron la oportuna intervenci\u00f3n de las autoridades.<\/p>\n","protected":false},"excerpt":{"rendered":"<p>#novaradioaguascalientes #informativoelvalledeaguascalientes #informativoelvalledeaguascalientesll #ElGigantedeMexico &nbsp; Un menor extraviado en el per\u00edmetro de la Feria Nacional de Rinc\u00f3n de Romos, fue localizado por efectivos de la Polic\u00eda Tur\u00edstica de la Secretar\u00eda de Seguridad P\u00fablica del Estado y fue ayudado a regresar con bien con su familia. Fue cerca de las 19:40 horas cuando oficiales de la [&hellip;]<\/p>\n","protected":false},"author":1,"featured_media":52165,"comment_status":"closed","ping_status":"open","sticky":false,"template":"","format":"standard","meta":{"advanced_seo_description":"","jetpack_seo_html_title":"","jetpack_seo_noindex":false,"_jetpack_memberships_contains_paid_content":false,"footnotes":"","jetpack_publicize_message":"","jetpack_publicize_feature_enabled":true,"jetpack_social_post_already_shared":true,"jetpack_social_options":{"image_generator_settings":{"template":"highway","default_image_id":0,"font":"","enabled":false},"version":2}},"categories":[21,4],"tags":[22,615,122],"class_list":["post-52164","post","type-post","status-publish","format-standard","has-post-thumbnail","hentry","category-aguascalientes","category-gobierno-del-estado-aguascalientes","tag-aguascalientes","tag-gobierno-del-estado-de-aguascalientes","tag-sspe-aguascalientes"],"jetpack_publicize_connections":[],"jetpack_featured_media_url":"https:\/\/i0.wp.com\/informativoelvalledeaguascalientes.online\/wp-content\/uploads\/2024\/01\/efc88b05-d032-4707-98a3-d199c341f4e4.jpg?fit=1200%2C1600&ssl=1","jetpack-related-posts":[],"jetpack_sharing_enabled":true,"jetpack_likes_enabled":true,"_links":{"self":[{"href":"https:\/\/informativoelvalledeaguascalientes.online\/index.php?rest_route=\/wp\/v2\/posts\/52164","targetHints":{"allow":["GET"]}}],"collection":[{"href":"https:\/\/informativoelvalledeaguascalientes.online\/index.php?rest_route=\/wp\/v2\/posts"}],"about":[{"href":"https:\/\/informativoelvalledeaguascalientes.online\/index.php?rest_route=\/wp\/v2\/types\/post"}],"author":[{"embeddable":true,"href":"https:\/\/informativoelvalledeaguascalientes.online\/index.php?rest_route=\/wp\/v2\/users\/1"}],"replies":[{"embeddable":true,"href":"https:\/\/informativoelvalledeaguascalientes.online\/index.php?rest_route=%2Fwp%2Fv2%2Fcomments&post=52164"}],"version-history":[{"count":1,"href":"https:\/\/informativoelvalledeaguascalientes.online\/index.php?rest_route=\/wp\/v2\/posts\/52164\/revisions"}],"predecessor-version":[{"id":52166,"href":"https:\/\/informativoelvalledeaguascalientes.online\/index.php?rest_route=\/wp\/v2\/posts\/52164\/revisions\/52166"}],"wp:featuredmedia":[{"embeddable":true,"href":"https:\/\/informativoelvalledeaguascalientes.online\/index.php?rest_route=\/wp\/v2\/media\/52165"}],"wp:attachment":[{"href":"https:\/\/informativoelvalledeaguascalientes.online\/index.php?rest_route=%2Fwp%2Fv2%2Fmedia&parent=52164"}],"wp:term":[{"taxonomy":"category","embeddable":true,"href":"https:\/\/informativoelvalledeaguascalientes.online\/index.php?rest_route=%2Fwp%2Fv2%2Fcategories&post=52164"},{"taxonomy":"post_tag","embeddable":true,"href":"https:\/\/informativoelvalledeaguascalientes.online\/index.php?rest_route=%2Fwp%2Fv2%2Ftags&post=52164"}],"curies":[{"name":"wp","href":"https:\/\/api.w.org\/{rel}","templated":true}]}}