{"id":52155,"date":"2024-01-23T15:48:24","date_gmt":"2024-01-23T21:48:24","guid":{"rendered":"https:\/\/informativoelvalledeaguascalientes.online\/?p=52155"},"modified":"2024-01-23T15:48:24","modified_gmt":"2024-01-23T21:48:24","slug":"abierta-la-convocatoria-para-estancias-infantiles-en-aguascalientes","status":"publish","type":"post","link":"https:\/\/informativoelvalledeaguascalientes.online\/?p=52155","title":{"rendered":"ABIERTA LA CONVOCATORIA PARA ESTANCIAS INFANTILES EN AGUASCALIENTES"},"content":{"rendered":"<p>#novaradioaguascalientes<\/p>\n<p>#informativoelvalledeaguascalientes<\/p>\n<p>#informativoelvalledeaguascalientesll<\/p>\n<p>#ElGigantedeMexico<\/p>\n<p>&nbsp;<\/p>\n<p>&nbsp;<\/p>\n<ul class=\"xErDo AnCKd\">\n<li class=\"_04hd2 vVfzz\" dir=\"auto\">\n<div>\n<p id=\"viewer-foo\" class=\"-Zro6 -ZADH vVfzz AnCKd _57WYp\"><span class=\"d0767 vVfzz\"><strong><em>El objetivo es que padres y madres de familia cuenten con un lugar seguro donde puedan dejar a sus hijos\u00a0<\/em><\/strong><\/span><\/p>\n<\/div>\n<\/li>\n<li class=\"_04hd2 vVfzz\" dir=\"auto\">\n<div>\n<p id=\"viewer-zv826300\" class=\"-Zro6 -ZADH vVfzz AnCKd _57WYp\"><span class=\"d0767 vVfzz\"><strong><em>Tambi\u00e9n invitan a las personas interesadas en ser responsables de alguna guarder\u00eda a inscribirse al programa<\/em><\/strong><\/span><\/p>\n<\/div>\n<\/li>\n<li class=\"_04hd2 vVfzz\" dir=\"auto\">\n<div>\n<p id=\"viewer-d6jib303\" class=\"-Zro6 -ZADH vVfzz AnCKd _57WYp\"><span class=\"d0767 vVfzz\"><strong><em>Para m\u00e1s informaci\u00f3n pueden acudir a las oficinas de la Sedeso, o bien llamar al Tel. 449 910 21 21 ext. 4285<\/em><\/strong><\/span><\/p>\n<\/div>\n<\/li>\n<\/ul>\n<div id=\"viewer-vl2t5305\" class=\"-Zro6 -ZADH vVfzz _57WYp\"><span class=\"d0767 vVfzz\">\u00a0<\/span><\/div>\n<p id=\"viewer-zouj2306\" class=\"-Zro6 -ZADH vVfzz AnCKd _57WYp\"><span class=\"d0767 vVfzz\">Con el objetivo de brindar a los padres y madres de familia un lugar seguro donde puedan dejar a sus hijos e hijas mientras trabajan o estudian, la gobernadora de Aguascalientes, Tere Jim\u00e9nez, dio a conocer que est\u00e1 abierta la convocatoria para inscribirse en las Estancias Infantiles.<\/span><\/p>\n<div id=\"viewer-pa9c4308\" class=\"-Zro6 -ZADH vVfzz _57WYp\"><span class=\"d0767 vVfzz\">\u00a0<\/span><\/div>\n<p id=\"viewer-kuxee309\" class=\"-Zro6 -ZADH vVfzz AnCKd _57WYp\"><span class=\"d0767 vVfzz\">La gobernadora resalt\u00f3 que este programa, adem\u00e1s de proporcionar servicios de cuidado infantil, tambi\u00e9n busca apoyar a las mujeres emprendedoras para que se encarguen de operar alguno de estos espacios.\u00a0<\/span><\/p>\n<div id=\"viewer-oni6e311\" class=\"-Zro6 -ZADH vVfzz _57WYp\"><span class=\"d0767 vVfzz\">\u00a0<\/span><\/div>\n<p id=\"viewer-q56rf312\" class=\"-Zro6 -ZADH vVfzz AnCKd _57WYp\"><span class=\"d0767 vVfzz\">Al respecto, la titular de la Secretar\u00eda de Desarrollo Social del Estado (Sedeso), Patricia Castillo, detall\u00f3 que las Estancias Infantiles brindan el servicio de cuidado y atenci\u00f3n a ni\u00f1as y ni\u00f1os de 1 a\u00f1o y hasta un d\u00eda antes de cumplir los 5 a\u00f1os.<\/span><\/p>\n<div id=\"viewer-adwe3314\" class=\"-Zro6 -ZADH vVfzz _57WYp\"><span class=\"d0767 vVfzz\">\u00a0<\/span><\/div>\n<p id=\"viewer-cda2w315\" class=\"-Zro6 -ZADH vVfzz AnCKd _57WYp\"><span class=\"d0767 vVfzz\">Mencion\u00f3 que los peque\u00f1os reciben una alimentaci\u00f3n nutritiva de acuerdo a su edad, adem\u00e1s tienen acceso a actividades educativas y recreativas que favorecen su desarrollo integral; la convocatoria estar\u00e1 vigente hasta el 30 de noviembre de este a\u00f1o.<\/span><\/p>\n<div id=\"viewer-u4skj317\" class=\"-Zro6 -ZADH vVfzz _57WYp\"><span class=\"d0767 vVfzz\">\u00a0<\/span><\/div>\n<p id=\"viewer-snqww318\" class=\"-Zro6 -ZADH vVfzz AnCKd _57WYp\"><span class=\"d0767 vVfzz\">Por otra parte, invit\u00f3 a las personas interesadas en ser responsables de alguna guarder\u00eda a conocer las reglas de operaci\u00f3n para que puedan incorporarse al programa; dijo que en esta modalidad, la convocatoria permanecer\u00e1 abierta hasta el 31 de octubre.\u00a0<\/span><\/p>\n<div id=\"viewer-z8vft320\" class=\"-Zro6 -ZADH vVfzz _57WYp\"><span class=\"d0767 vVfzz\">\u00a0<\/span><\/div>\n<p id=\"viewer-an4v7321\" class=\"-Zro6 -ZADH vVfzz AnCKd _57WYp\"><span class=\"d0767 vVfzz\">Quienes deseen mayor informaci\u00f3n sobre este programa pueden acudir a las oficinas de la Sedeso, ubicadas en el Boulevard Jos\u00e9 Mar\u00eda Ch\u00e1vez No. 3202, en la colonia Ciudad Industrial, o a las Casas del Bien Com\u00fan que se localizan en cada uno de los municipios del interior, en un horario de 8:00 a 15:30 horas; o bien llamar al Tel. 449 910 21 21 ext. 4285.\u00a0<\/span><\/p>\n<div id=\"viewer-9gc5t323\" class=\"-Zro6 -ZADH vVfzz _57WYp\"><span class=\"d0767 vVfzz\">\u00a0<\/span><\/div>\n<p id=\"viewer-fjfo9324\" class=\"-Zro6 -ZADH vVfzz AnCKd _57WYp\"><span class=\"d0767 vVfzz\">Para conocer los detalles de la convocatoria y los requisitos se puede consultar el siguiente enlace: <\/span><\/p>\n<div id=\"viewer-a4pza327\" class=\"-Zro6 -ZADH IjV6v _57WYp\"><\/div>\n","protected":false},"excerpt":{"rendered":"<p>#novaradioaguascalientes #informativoelvalledeaguascalientes #informativoelvalledeaguascalientesll #ElGigantedeMexico &nbsp; &nbsp; El objetivo es que padres y madres de familia cuenten con un lugar seguro donde puedan dejar a sus hijos\u00a0 Tambi\u00e9n invitan a las personas interesadas en ser responsables de alguna guarder\u00eda a inscribirse al programa Para m\u00e1s informaci\u00f3n pueden acudir a las oficinas de la Sedeso, o bien [&hellip;]<\/p>\n","protected":false},"author":1,"featured_media":52156,"comment_status":"closed","ping_status":"open","sticky":false,"template":"","format":"standard","meta":{"advanced_seo_description":"","jetpack_seo_html_title":"","jetpack_seo_noindex":false,"_jetpack_memberships_contains_paid_content":false,"footnotes":"","jetpack_publicize_message":"","jetpack_publicize_feature_enabled":true,"jetpack_social_post_already_shared":true,"jetpack_social_options":{"image_generator_settings":{"template":"highway","default_image_id":0,"font":"","enabled":false},"version":2}},"categories":[21,4],"tags":[22,615,24,320],"class_list":["post-52155","post","type-post","status-publish","format-standard","has-post-thumbnail","hentry","category-aguascalientes","category-gobierno-del-estado-aguascalientes","tag-aguascalientes","tag-gobierno-del-estado-de-aguascalientes","tag-sedeso","tag-tere-jimenez"],"jetpack_publicize_connections":[],"jetpack_featured_media_url":"https:\/\/i0.wp.com\/informativoelvalledeaguascalientes.online\/wp-content\/uploads\/2024\/01\/WhatsApp-Image-2024-01-22-at-1.20.43-PM.jpeg?fit=1600%2C1066&ssl=1","jetpack-related-posts":[],"jetpack_sharing_enabled":true,"jetpack_likes_enabled":true,"_links":{"self":[{"href":"https:\/\/informativoelvalledeaguascalientes.online\/index.php?rest_route=\/wp\/v2\/posts\/52155","targetHints":{"allow":["GET"]}}],"collection":[{"href":"https:\/\/informativoelvalledeaguascalientes.online\/index.php?rest_route=\/wp\/v2\/posts"}],"about":[{"href":"https:\/\/informativoelvalledeaguascalientes.online\/index.php?rest_route=\/wp\/v2\/types\/post"}],"author":[{"embeddable":true,"href":"https:\/\/informativoelvalledeaguascalientes.online\/index.php?rest_route=\/wp\/v2\/users\/1"}],"replies":[{"embeddable":true,"href":"https:\/\/informativoelvalledeaguascalientes.online\/index.php?rest_route=%2Fwp%2Fv2%2Fcomments&post=52155"}],"version-history":[{"count":1,"href":"https:\/\/informativoelvalledeaguascalientes.online\/index.php?rest_route=\/wp\/v2\/posts\/52155\/revisions"}],"predecessor-version":[{"id":52157,"href":"https:\/\/informativoelvalledeaguascalientes.online\/index.php?rest_route=\/wp\/v2\/posts\/52155\/revisions\/52157"}],"wp:featuredmedia":[{"embeddable":true,"href":"https:\/\/informativoelvalledeaguascalientes.online\/index.php?rest_route=\/wp\/v2\/media\/52156"}],"wp:attachment":[{"href":"https:\/\/informativoelvalledeaguascalientes.online\/index.php?rest_route=%2Fwp%2Fv2%2Fmedia&parent=52155"}],"wp:term":[{"taxonomy":"category","embeddable":true,"href":"https:\/\/informativoelvalledeaguascalientes.online\/index.php?rest_route=%2Fwp%2Fv2%2Fcategories&post=52155"},{"taxonomy":"post_tag","embeddable":true,"href":"https:\/\/informativoelvalledeaguascalientes.online\/index.php?rest_route=%2Fwp%2Fv2%2Ftags&post=52155"}],"curies":[{"name":"wp","href":"https:\/\/api.w.org\/{rel}","templated":true}]}}