{"id":52120,"date":"2024-01-19T15:05:35","date_gmt":"2024-01-19T21:05:35","guid":{"rendered":"https:\/\/informativoelvalledeaguascalientes.online\/?p=52120"},"modified":"2024-01-23T15:08:11","modified_gmt":"2024-01-23T21:08:11","slug":"invitan-a-jovenes-y-adolescentes-a-participar-en-cursos-sabatinos-de-ingles","status":"publish","type":"post","link":"https:\/\/informativoelvalledeaguascalientes.online\/?p=52120","title":{"rendered":"INVITAN A J\u00d3VENES Y ADOLESCENTES A PARTICIPAR EN CURSOS SABATINOS DE INGL\u00c9S"},"content":{"rendered":"<div class=\"\" data-mesh-id=\"comp-l7sjppchinlineContent\" data-testid=\"inline-content\">\n<div data-mesh-id=\"comp-l7sjppchinlineContent-gridContainer\" data-testid=\"mesh-container-content\">\n<section id=\"comp-l7sh9ubq\" class=\"comp-l7sh9ubq CohWsy wixui-column-strip\">\n<div class=\"V5AUxf\" data-testid=\"columns\">\n<div id=\"comp-l7sh9ubr2\" class=\"comp-l7sh9ubr2 YzqVVZ wixui-column-strip__column\">\n<div class=\"\" data-mesh-id=\"comp-l7sh9ubr2inlineContent\" data-testid=\"inline-content\">\n<div class=\"j7pOnl\" data-testid=\"linkElement\">\n<p>#novaradioaguascalientes<\/p>\n<p>#informativoelvalledeaguascalientes<\/p>\n<p>#informativoelvalledeaguascalientesll<\/p>\n<p>#ElGigantedeMexico<\/p>\n<\/div>\n<\/div>\n<\/div>\n<\/div>\n<\/section>\n<\/div>\n<\/div>\n<div class=\"-Zro6 -ZADH IjV6v _57WYp\"><span class=\"d0767\">\u00a0<\/span><\/div>\n<div><\/div>\n<div><\/div>\n<div class=\"\" data-mesh-id=\"comp-l7sjppchinlineContent\" data-testid=\"inline-content\">\n<div data-mesh-id=\"comp-l7sjppchinlineContent-gridContainer\" data-testid=\"mesh-container-content\">\n<section id=\"comp-l7sh9ubq\" class=\"comp-l7sh9ubq CohWsy wixui-column-strip\">\n<div class=\"V5AUxf\" data-testid=\"columns\">\n<div id=\"comp-l7sh9ubr2\" class=\"comp-l7sh9ubr2 YzqVVZ wixui-column-strip__column\">\n<div class=\"\" data-mesh-id=\"comp-l7sh9ubr2inlineContent\" data-testid=\"inline-content\">\n<div data-mesh-id=\"comp-l7sh9ubr2inlineContent-gridContainer\" data-testid=\"mesh-container-content\">\n<div id=\"comp-l7sh9ubx\" class=\"TWFxr5 \">\n<div class=\"comp-l7sh9ubx\">\n<div class=\"siSdJK4 comp-l7sh9ubx\" data-hook=\"ricosviewer-wrapper\">\n<div class=\"U4I07\" dir=\"ltr\" data-id=\"content-viewer\">\n<div class=\"hl-xW\">\n<div>\n<p id=\"viewer-bupxa114\" class=\"-Zro6 -ZADH vVfzz _57WYp\"><span class=\"d0767 vVfzz\"><strong>\u2022<\/strong><strong>Se impartir\u00e1n en modalidad sabatina; las inscripciones cierran el 30 de enero<\/strong><\/span><\/p>\n<p id=\"viewer-rfbya118\" class=\"-Zro6 -ZADH vVfzz _57WYp\"><span class=\"d0767 vVfzz\"><strong>\u2022<\/strong><strong>Las clases inician el pr\u00f3ximo 3 de febrero en las instalaciones del IAJU\u00a0<\/strong><\/span><\/p>\n<div id=\"viewer-vwx4y122\" class=\"-Zro6 -ZADH IjV6v _57WYp\"><span class=\"d0767\">\u00a0<\/span><\/div>\n<div id=\"viewer-9qzv4123\" class=\"-Zro6 -ZADH IjV6v _57WYp\"><span class=\"d0767\">\u00a0<\/span><\/div>\n<p id=\"viewer-s1414124\" class=\"-Zro6 -ZADH vVfzz AnCKd _57WYp\"><span class=\"d0767 vVfzz\">\u00bfQuieres aprender ingl\u00e9s pero tus horarios son complicados? \u00a1No te preocupes!, tenemos una opci\u00f3n para ti. Si tienes entre 15 y 35 a\u00f1os, la Universidad Tecnol\u00f3gica El Reto\u00f1o (UTR) y el Instituto Aguascalentense de la Juventud (IAJU) te invitan a participar en los cursos de ingl\u00e9s sabatinos a desarrollarse del 3 de febrero al 20 de abril.<\/span><\/p>\n<div id=\"viewer-75jc3126\" class=\"-Zro6 -ZADH IjV6v _57WYp\"><span class=\"d0767\">\u00a0<\/span><\/div>\n<p id=\"viewer-0chlu127\" class=\"-Zro6 -ZADH vVfzz AnCKd _57WYp\"><span class=\"d0767 vVfzz\">Noem\u00ed Herrada Campos, directora de Vinculaci\u00f3n de la UTR, se\u00f1al\u00f3 que estos cursos son una buena oportunidad porque se ofrece la ense\u00f1anza de un segundo idioma a bajo costo.<\/span><\/p>\n<div id=\"viewer-hbz64129\" class=\"-Zro6 -ZADH IjV6v _57WYp\"><span class=\"d0767\">\u00a0<\/span><\/div>\n<p id=\"viewer-rdzmt130\" class=\"-Zro6 -ZADH vVfzz AnCKd _57WYp\"><span class=\"d0767 vVfzz\">\u201cEsperamos que los adolescentes y j\u00f3venes aprovechen esta posibilidad para lograr el dominio del ingl\u00e9s, ya que hoy en d\u00eda es una herramienta que les puede abrir las puertas del mundo y darles acceso a mejores oportunidades laborales\u201d, subray\u00f3.<\/span><\/p>\n<div id=\"viewer-zlyb0132\" class=\"-Zro6 -ZADH IjV6v _57WYp\"><span class=\"d0767\">\u00a0<\/span><\/div>\n<p id=\"viewer-q4q1u133\" class=\"-Zro6 -ZADH vVfzz AnCKd _57WYp\"><span class=\"d0767 vVfzz\">Adriana Rocha, directora del IAJU, invit\u00f3 a los j\u00f3venes a aprovechar esta oportunidad, ya que un segundo idioma puede ser la llave para acceder no solo a nuevas oportunidades laborales, sino a otros beneficios como la posibilidad de comunicarse con gente de otros pa\u00edses, a nuevos conocimientos y a mejorar nuestra capacidad de aprendizaje.<\/span><\/p>\n<div id=\"viewer-22tef135\" class=\"-Zro6 -ZADH IjV6v _57WYp\"><span class=\"d0767\">\u00a0<\/span><\/div>\n<p id=\"viewer-31lrl136\" class=\"-Zro6 -ZADH vVfzz AnCKd _57WYp\"><span class=\"d0767 vVfzz\">A\u00f1adi\u00f3 que las clases se impartir\u00e1n en las instalaciones del IAJU, ubicadas en la Av. Paseo de Ojocaliente No. 556, colonia G\u00f3mez Portugal, y la fecha l\u00edmite para anotarse es el 30 de enero.<\/span><\/p>\n<div id=\"viewer-klayf138\" class=\"-Zro6 -ZADH IjV6v _57WYp\"><span class=\"d0767\">\u00a0<\/span><\/div>\n<p id=\"viewer-we2s8139\" class=\"-Zro6 -ZADH IjV6v AnCKd _57WYp\"><span class=\"d0767\">Las y los interesados se pueden registrar enviando un mensaje v\u00eda WhatsApp al n\u00famero 334 008 3619 o al correo <a class=\"TWoY9 itht3\" target=\"_self\" rel=\"noopener noreferrer\"><u>educaci\u00f3ncontinua@utr.edu.mx<\/u><\/a>; para mayores informes comunicarse a los tel\u00e9fonos 449 786 09 84 ext. 3000 o 1130 o al 449 910 21 41 ext. 6804.<\/span><\/p>\n<\/div>\n<\/div>\n<\/div>\n<\/div>\n<\/div>\n<\/div>\n<\/div>\n<\/div>\n<\/div>\n<\/div>\n<\/section>\n<\/div>\n<\/div>\n","protected":false},"excerpt":{"rendered":"<p>#novaradioaguascalientes #informativoelvalledeaguascalientes #informativoelvalledeaguascalientesll #ElGigantedeMexico \u00a0 \u2022Se impartir\u00e1n en modalidad sabatina; las inscripciones cierran el 30 de enero \u2022Las clases inician el pr\u00f3ximo 3 de febrero en las instalaciones del IAJU\u00a0 \u00a0 \u00a0 \u00bfQuieres aprender ingl\u00e9s pero tus horarios son complicados? \u00a1No te preocupes!, tenemos una opci\u00f3n para ti. Si tienes entre 15 y 35 a\u00f1os, [&hellip;]<\/p>\n","protected":false},"author":1,"featured_media":52121,"comment_status":"closed","ping_status":"open","sticky":false,"template":"","format":"standard","meta":{"advanced_seo_description":"","jetpack_seo_html_title":"","jetpack_seo_noindex":false,"_jetpack_memberships_contains_paid_content":false,"footnotes":"","jetpack_publicize_message":"","jetpack_publicize_feature_enabled":true,"jetpack_social_post_already_shared":true,"jetpack_social_options":{"image_generator_settings":{"template":"highway","default_image_id":0,"font":"","enabled":false},"version":2}},"categories":[21,4],"tags":[22,615,35],"class_list":["post-52120","post","type-post","status-publish","format-standard","has-post-thumbnail","hentry","category-aguascalientes","category-gobierno-del-estado-aguascalientes","tag-aguascalientes","tag-gobierno-del-estado-de-aguascalientes","tag-iaju"],"jetpack_publicize_connections":[],"jetpack_featured_media_url":"https:\/\/i0.wp.com\/informativoelvalledeaguascalientes.online\/wp-content\/uploads\/2024\/01\/WhatsApp-Image-2024-01-19-at-10.36.39.jpeg?fit=1600%2C1600&ssl=1","jetpack-related-posts":[],"jetpack_sharing_enabled":true,"jetpack_likes_enabled":true,"_links":{"self":[{"href":"https:\/\/informativoelvalledeaguascalientes.online\/index.php?rest_route=\/wp\/v2\/posts\/52120","targetHints":{"allow":["GET"]}}],"collection":[{"href":"https:\/\/informativoelvalledeaguascalientes.online\/index.php?rest_route=\/wp\/v2\/posts"}],"about":[{"href":"https:\/\/informativoelvalledeaguascalientes.online\/index.php?rest_route=\/wp\/v2\/types\/post"}],"author":[{"embeddable":true,"href":"https:\/\/informativoelvalledeaguascalientes.online\/index.php?rest_route=\/wp\/v2\/users\/1"}],"replies":[{"embeddable":true,"href":"https:\/\/informativoelvalledeaguascalientes.online\/index.php?rest_route=%2Fwp%2Fv2%2Fcomments&post=52120"}],"version-history":[{"count":1,"href":"https:\/\/informativoelvalledeaguascalientes.online\/index.php?rest_route=\/wp\/v2\/posts\/52120\/revisions"}],"predecessor-version":[{"id":52122,"href":"https:\/\/informativoelvalledeaguascalientes.online\/index.php?rest_route=\/wp\/v2\/posts\/52120\/revisions\/52122"}],"wp:featuredmedia":[{"embeddable":true,"href":"https:\/\/informativoelvalledeaguascalientes.online\/index.php?rest_route=\/wp\/v2\/media\/52121"}],"wp:attachment":[{"href":"https:\/\/informativoelvalledeaguascalientes.online\/index.php?rest_route=%2Fwp%2Fv2%2Fmedia&parent=52120"}],"wp:term":[{"taxonomy":"category","embeddable":true,"href":"https:\/\/informativoelvalledeaguascalientes.online\/index.php?rest_route=%2Fwp%2Fv2%2Fcategories&post=52120"},{"taxonomy":"post_tag","embeddable":true,"href":"https:\/\/informativoelvalledeaguascalientes.online\/index.php?rest_route=%2Fwp%2Fv2%2Ftags&post=52120"}],"curies":[{"name":"wp","href":"https:\/\/api.w.org\/{rel}","templated":true}]}}