{"id":52019,"date":"2024-01-13T19:30:00","date_gmt":"2024-01-14T01:30:00","guid":{"rendered":"https:\/\/informativoelvalledeaguascalientes.online\/?p=52019"},"modified":"2024-01-15T19:32:13","modified_gmt":"2024-01-16T01:32:13","slug":"avanza-la-capacitacion-del-primer-grupo-de-jovenes-que-conformaran-la-guardia-civil-municipal","status":"publish","type":"post","link":"https:\/\/informativoelvalledeaguascalientes.online\/?p=52019","title":{"rendered":"AVANZA LA CAPACITACI\u00d3N DEL PRIMER GRUPO DE J\u00d3VENES QUE CONFORMAR\u00c1N LA GUARDIA CIVIL MUNICIPAL"},"content":{"rendered":"<p>#novaradioaguascalientes<\/p>\n<p>#informativoelvalledeaguascalientes<\/p>\n<p>#informativoelvalledeaguascalientesll<\/p>\n<p>&nbsp;<\/p>\n<p>&nbsp;<\/p>\n<p>Con materias como: primeros auxilios, vialidad, Derechos Humanos, atenci\u00f3n al p\u00fablico, as\u00ed como el nuevo reglamento de Justicia C\u00edvica, avanza la capacitaci\u00f3n de los j\u00f3venes que conformar\u00e1n la Guardia Civil Municipal en de Jes\u00fas Mar\u00eda<\/p>\n<p>Adem\u00e1s de la instrucci\u00f3n te\u00f3rica, las y los aspirantes a formar parte de este grupo de nueva creaci\u00f3n, efect\u00faan pr\u00e1cticas de campo, de manera que ya han tenido acercamiento con la ciudadan\u00eda y apoyado en distintas acciones.<\/p>\n<p>Quienes integren la Guardia Civil coadyuvar\u00e1n con la Polic\u00eda Municipal y Vial, as\u00ed como con los elementos de Protecci\u00f3n Civil, toda vez que desempe\u00f1ar\u00e1n funciones enfocadas a mantener el orden, la paz p\u00fablica y auxiliar a los jesusmarienses que as\u00ed lo requieran.<\/p>\n","protected":false},"excerpt":{"rendered":"<p>#novaradioaguascalientes #informativoelvalledeaguascalientes #informativoelvalledeaguascalientesll &nbsp; &nbsp; Con materias como: primeros auxilios, vialidad, Derechos Humanos, atenci\u00f3n al p\u00fablico, as\u00ed como el nuevo reglamento de Justicia C\u00edvica, avanza la capacitaci\u00f3n de los j\u00f3venes que conformar\u00e1n la Guardia Civil Municipal en de Jes\u00fas Mar\u00eda Adem\u00e1s de la instrucci\u00f3n te\u00f3rica, las y los aspirantes a formar parte de este grupo [&hellip;]<\/p>\n","protected":false},"author":1,"featured_media":52020,"comment_status":"closed","ping_status":"open","sticky":false,"template":"","format":"standard","meta":{"_monsterinsights_skip_tracking":false,"advanced_seo_description":"","jetpack_seo_html_title":"","jetpack_seo_noindex":false,"jetpack_seo_schema_type":"","_jetpack_newsletter_access":"","_jetpack_dont_email_post_to_subs":false,"_jetpack_newsletter_tier_id":0,"_jetpack_memberships_contains_paywalled_content":false,"_jetpack_feature_clip_id":0,"_jetpack_memberships_contains_paid_content":false,"footnotes":"","jetpack_publicize_message":"","jetpack_publicize_feature_enabled":true,"jetpack_social_post_already_shared":true,"jetpack_social_options":{"image_generator_settings":{"template":"highway","default_image_id":0,"font":"","enabled":false},"version":2},"jetpack_post_was_ever_published":false},"categories":[21,14],"tags":[22,45],"class_list":["post-52019","post","type-post","status-publish","format-standard","has-post-thumbnail","hentry","category-aguascalientes","category-jesus-maria-aguascalientes","tag-aguascalientes","tag-jesus-maria-aguascalientes"],"jetpack_publicize_connections":[],"jetpack_featured_media_url":"https:\/\/i0.wp.com\/informativoelvalledeaguascalientes.online\/wp-content\/uploads\/2024\/01\/4d47db91-8afd-49f7-acf9-5211ba801c79.jpg?fit=1600%2C1006&ssl=1","jetpack-related-posts":[],"jetpack_sharing_enabled":true,"jetpack_likes_enabled":true,"_links":{"self":[{"href":"https:\/\/informativoelvalledeaguascalientes.online\/index.php?rest_route=\/wp\/v2\/posts\/52019","targetHints":{"allow":["GET"]}}],"collection":[{"href":"https:\/\/informativoelvalledeaguascalientes.online\/index.php?rest_route=\/wp\/v2\/posts"}],"about":[{"href":"https:\/\/informativoelvalledeaguascalientes.online\/index.php?rest_route=\/wp\/v2\/types\/post"}],"author":[{"embeddable":true,"href":"https:\/\/informativoelvalledeaguascalientes.online\/index.php?rest_route=\/wp\/v2\/users\/1"}],"replies":[{"embeddable":true,"href":"https:\/\/informativoelvalledeaguascalientes.online\/index.php?rest_route=%2Fwp%2Fv2%2Fcomments&post=52019"}],"version-history":[{"count":1,"href":"https:\/\/informativoelvalledeaguascalientes.online\/index.php?rest_route=\/wp\/v2\/posts\/52019\/revisions"}],"predecessor-version":[{"id":52021,"href":"https:\/\/informativoelvalledeaguascalientes.online\/index.php?rest_route=\/wp\/v2\/posts\/52019\/revisions\/52021"}],"wp:featuredmedia":[{"embeddable":true,"href":"https:\/\/informativoelvalledeaguascalientes.online\/index.php?rest_route=\/wp\/v2\/media\/52020"}],"wp:attachment":[{"href":"https:\/\/informativoelvalledeaguascalientes.online\/index.php?rest_route=%2Fwp%2Fv2%2Fmedia&parent=52019"}],"wp:term":[{"taxonomy":"category","embeddable":true,"href":"https:\/\/informativoelvalledeaguascalientes.online\/index.php?rest_route=%2Fwp%2Fv2%2Fcategories&post=52019"},{"taxonomy":"post_tag","embeddable":true,"href":"https:\/\/informativoelvalledeaguascalientes.online\/index.php?rest_route=%2Fwp%2Fv2%2Ftags&post=52019"}],"curies":[{"name":"wp","href":"https:\/\/api.w.org\/{rel}","templated":true}]}}