{"id":51917,"date":"2024-01-10T22:48:12","date_gmt":"2024-01-11T04:48:12","guid":{"rendered":"https:\/\/informativoelvalledeaguascalientes.online\/?p=51917"},"modified":"2024-01-10T22:48:12","modified_gmt":"2024-01-11T04:48:12","slug":"propone-nancy-gutierrez-aumentar-sancion-por-sustraccion-de-menores","status":"publish","type":"post","link":"https:\/\/informativoelvalledeaguascalientes.online\/?p=51917","title":{"rendered":"PROPONE NANCY GUTI\u00c9RREZ AUMENTAR SANCI\u00d3N POR SUSTRACCI\u00d3N DE MENORES"},"content":{"rendered":"<p><strong><a href=\"https:\/\/www.facebook.com\/hashtag\/informativoelvalledeaguascalientes\">#informativoelvalledeaguascalientes<\/a><\/strong><\/p>\n<p><strong><a href=\"https:\/\/www.facebook.com\/hashtag\/novaradioaguascalientes\">#novaradioaguascalientes<\/a><\/strong><\/p>\n<p><a href=\"https:\/\/www.facebook.com\/informativo.el.valle.de.aguascalientes.ll\/\">#informativoelvalledeaguascalientesll<\/a><\/p>\n<p>&nbsp;<\/p>\n<p>&nbsp;<\/p>\n<ul>\n<li><strong> Pasar\u00eda de 2 -4 a\u00f1os a 3-6 a\u00f1os de prisi\u00f3n para familiares que sustraigan a un menor.<\/strong><\/li>\n<li><strong> Con este reforma se protegen los derechos de ni\u00f1as, ni\u00f1os y adolescentes.<\/strong><\/li>\n<\/ul>\n<p>&nbsp;<\/p>\n<p>La protecci\u00f3n de los derechos de las ni\u00f1as, ni\u00f1os y adolescentes es una prioridad para la\u00a0 diputada \u00a0local \u00a0del \u00a0Partido \u00a0Acci\u00f3n \u00a0Nacional \u00a0(PAN), \u00a0Nancy \u00a0Guti\u00e9rrez, \u00a0por \u00a0lo\u00a0 que present\u00f3 la iniciativa que busca aumentar la sanci\u00f3n en prisi\u00f3n a quien se encuentre culpable de sustracci\u00f3n de menores, ya que lo m\u00e1s com\u00fan es que lo realice el padre o la madre que no ostenta la custodia del menor.<\/p>\n<p>&nbsp;<\/p>\n<p>Al presentar la propuesta, detall\u00f3 que el C\u00f3digo Penal de Aguascalientes contempla una sanci\u00f3n de 2 a 4 a\u00f1os de prisi\u00f3n si el responsable de la sustracci\u00f3n es alg\u00fan familiar del menor y no ejerce sobre \u00e9l la custodia, la tutela o la guarda; sin embargo, considera que para salvaguardar a los menores es necesario que este periodo aumente de 3 a 6 a\u00f1os y as\u00ed modificar \u00a0la legislaci\u00f3n \u00a0con una perspectiva \u00a0de respeto \u00a0y protecci\u00f3n \u00a0hacia\u00a0 los infantes. Cabe se\u00f1alar que la sanci\u00f3n para la sustracci\u00f3n de menores en lo general, es castigada en nuestro estado con una pena de 4 a 10 a\u00f1os de prisi\u00f3n.<\/p>\n<p>&nbsp;<\/p>\n<p>\u201cCon esto se pretende contrarrestar las conductas de aquellos familiares que puedan contemplar la idea de sustraer a una o un menor de sus padres o tutores legales y as\u00ed mismo maximizar \u00a0la protecci\u00f3n \u00a0de los derechos\u00a0 de las ni\u00f1as, ni\u00f1os y adolescentes\u201d, detall\u00f3.<\/p>\n<p>&nbsp;<\/p>\n<p>Agreg\u00f3 que la legislaci\u00f3n actual podr\u00eda no ser lo suficientemente efectiva para abordar la complejidad de estos casos; adem\u00e1s, incrementar la sanci\u00f3n es tambi\u00e9n una manera de \u00a0disuadir \u00a0la\u00a0 comisi\u00f3n \u00a0del \u00a0delito, \u00a0puesto \u00a0que \u00a0las \u00a0consecuencias \u00a0para \u00a0las \u00a0v\u00edctimas pueden ser graves.<\/p>\n<p>&nbsp;<\/p>\n<p>Para \u00a0Nancy \u00a0Guti\u00e9rrez, \u00a0la\u00a0 protecci\u00f3n \u00a0de \u00a0los \u00a0menores \u00a0es \u00a0fundamental \u00a0para \u00a0generar entornos \u00a0de \u00a0paz \u00a0y \u00a0convivencia, \u00a0que \u00a0crezcan \u00a0con \u00a0oportunidades\u00a0\u00a0 de \u00a0desarrollo \u00a0y ambientes sanos para toda la familia.<\/p>\n<p>&nbsp;<\/p>\n<p>\u201cComo\u00a0 \u00a0legisladores\u00a0 \u00a0tenemos\u00a0 \u00a0el\u00a0\u00a0 deber\u00a0 \u00a0de\u00a0 \u00a0alinear\u00a0 \u00a0nuestra\u00a0 \u00a0legislaci\u00f3n\u00a0 \u00a0con\u00a0 \u00a0los compromisos\u00a0 internacionales \u00a0en materia de derechos de ni\u00f1as, ni\u00f1os y adolescentes. La Convenci\u00f3n\u00a0 sobre los Derechos del Ni\u00f1o, ratificada por nuestro pa\u00eds, establece la obligaci\u00f3n de proteger a los ni\u00f1os contra la sustracci\u00f3n il\u00edcita, y fortalecer nuestras leyes es fundamental para cumplir con estos compromisos\u201d, finaliz\u00f3.<\/p>\n","protected":false},"excerpt":{"rendered":"<p>#informativoelvalledeaguascalientes #novaradioaguascalientes #informativoelvalledeaguascalientesll &nbsp; &nbsp; Pasar\u00eda de 2 -4 a\u00f1os a 3-6 a\u00f1os de prisi\u00f3n para familiares que sustraigan a un menor. Con este reforma se protegen los derechos de ni\u00f1as, ni\u00f1os y adolescentes. &nbsp; La protecci\u00f3n de los derechos de las ni\u00f1as, ni\u00f1os y adolescentes es una prioridad para la\u00a0 diputada \u00a0local \u00a0del \u00a0Partido [&hellip;]<\/p>\n","protected":false},"author":1,"featured_media":51918,"comment_status":"closed","ping_status":"open","sticky":false,"template":"","format":"standard","meta":{"advanced_seo_description":"","jetpack_seo_html_title":"","jetpack_seo_noindex":false,"_jetpack_memberships_contains_paid_content":false,"footnotes":"","jetpack_publicize_message":"","jetpack_publicize_feature_enabled":true,"jetpack_social_post_already_shared":true,"jetpack_social_options":{"image_generator_settings":{"template":"highway","default_image_id":0,"font":"","enabled":false},"version":2}},"categories":[21,5],"tags":[22,520],"class_list":["post-51917","post","type-post","status-publish","format-standard","has-post-thumbnail","hentry","category-aguascalientes","category-h-congreso-del-estado-aguascalientes","tag-aguascalientes","tag-lxv-legislatura-aguascalientes"],"jetpack_publicize_connections":[],"jetpack_featured_media_url":"https:\/\/i0.wp.com\/informativoelvalledeaguascalientes.online\/wp-content\/uploads\/2024\/01\/f83ec304-cc59-4e05-b309-592a17646a4f.jpg?fit=960%2C1280&ssl=1","jetpack-related-posts":[],"jetpack_sharing_enabled":true,"jetpack_likes_enabled":true,"_links":{"self":[{"href":"https:\/\/informativoelvalledeaguascalientes.online\/index.php?rest_route=\/wp\/v2\/posts\/51917","targetHints":{"allow":["GET"]}}],"collection":[{"href":"https:\/\/informativoelvalledeaguascalientes.online\/index.php?rest_route=\/wp\/v2\/posts"}],"about":[{"href":"https:\/\/informativoelvalledeaguascalientes.online\/index.php?rest_route=\/wp\/v2\/types\/post"}],"author":[{"embeddable":true,"href":"https:\/\/informativoelvalledeaguascalientes.online\/index.php?rest_route=\/wp\/v2\/users\/1"}],"replies":[{"embeddable":true,"href":"https:\/\/informativoelvalledeaguascalientes.online\/index.php?rest_route=%2Fwp%2Fv2%2Fcomments&post=51917"}],"version-history":[{"count":1,"href":"https:\/\/informativoelvalledeaguascalientes.online\/index.php?rest_route=\/wp\/v2\/posts\/51917\/revisions"}],"predecessor-version":[{"id":51919,"href":"https:\/\/informativoelvalledeaguascalientes.online\/index.php?rest_route=\/wp\/v2\/posts\/51917\/revisions\/51919"}],"wp:featuredmedia":[{"embeddable":true,"href":"https:\/\/informativoelvalledeaguascalientes.online\/index.php?rest_route=\/wp\/v2\/media\/51918"}],"wp:attachment":[{"href":"https:\/\/informativoelvalledeaguascalientes.online\/index.php?rest_route=%2Fwp%2Fv2%2Fmedia&parent=51917"}],"wp:term":[{"taxonomy":"category","embeddable":true,"href":"https:\/\/informativoelvalledeaguascalientes.online\/index.php?rest_route=%2Fwp%2Fv2%2Fcategories&post=51917"},{"taxonomy":"post_tag","embeddable":true,"href":"https:\/\/informativoelvalledeaguascalientes.online\/index.php?rest_route=%2Fwp%2Fv2%2Ftags&post=51917"}],"curies":[{"name":"wp","href":"https:\/\/api.w.org\/{rel}","templated":true}]}}