{"id":51911,"date":"2024-01-10T22:34:34","date_gmt":"2024-01-11T04:34:34","guid":{"rendered":"https:\/\/informativoelvalledeaguascalientes.online\/?p=51911"},"modified":"2024-01-10T22:34:34","modified_gmt":"2024-01-11T04:34:34","slug":"refuerza-municipio-de-aguascalientes-agenda-cultural-2024","status":"publish","type":"post","link":"https:\/\/informativoelvalledeaguascalientes.online\/?p=51911","title":{"rendered":"REFUERZA MUNICIPIO DE AGUASCALIENTES AGENDA CULTURAL 2024"},"content":{"rendered":"<p><strong><a href=\"https:\/\/www.facebook.com\/hashtag\/informativoelvalledeaguascalientes\">#informativoelvalledeaguascalientes<\/a><\/strong><\/p>\n<p><strong><a href=\"https:\/\/www.facebook.com\/hashtag\/novaradioaguascalientes\">#novaradioaguascalientes<\/a><\/strong><\/p>\n<p><strong><a class=\"x1i10hfl xjbqb8w x6umtig x1b1mbwd xaqea5y xav7gou x9f619 x1ypdohk xt0psk2 xe8uvvx xdj266r x11i5rnm xat24cr x1mh8g0r xexx8yu x4uap5 x18d9i69 xkhd6sd x16tdsg8 x1hl2dhg xggy1nq x1a2a7pz xt0b8zv x1qq9wsj xo1l8bm\" tabindex=\"0\" role=\"link\" href=\"https:\/\/www.facebook.com\/hashtag\/laciudaddetuvida?__eep__=6&amp;__cft__[0]=AZVUzG-uzEgkHBxlWi4clX4-qXx_nfGicugdShvx3oYxvDeUIl1My5bfFXiXTmVU7O9FCNwHdVuQiVqIjO99-u7dxeUq1S3CqcB1PNpBXLQtm-Q1JLiRFFX8c4SEMe3VqRRgSs9kS8-Ajp6HnW6ebLd3GeB3j-SCsEGrTUVXz1WdbDeQs8bs0Dry33nLaV6fVU4&amp;__tn__=*NK-R\">#LaCiudadDeTuVida<\/a><\/strong><\/p>\n<p><a href=\"https:\/\/www.facebook.com\/informativo.el.valle.de.aguascalientes.ll\/\">#informativoelvalledeaguascalientesll<\/a><\/p>\n<p>&nbsp;<\/p>\n<p>&nbsp;<\/p>\n<ul>\n<li><strong>Como parte de los proyectos, convoca IMAC a presentar propuestas para la instalaci\u00f3n del Corredor Cultural Carranza 2024<\/strong><\/li>\n<\/ul>\n<p>El Municipio de Aguascalientes reforz\u00f3 la agenda cultural 2024, para brindar al p\u00fablico de todas las edades espect\u00e1culos art\u00edsticos gratuitos en m\u00fasica, teatro, danza y exposiciones artesanales, en plazas, jardines p\u00fablicos, barrios tradicionales, la L\u00ednea Verde, el Corredor Cultural Carranza, y de forma innovadora este a\u00f1o se extender\u00e1n las actividades a la Expo Plaza, tianguis y mercados municipales.<\/p>\n<p>Como parte de los proyectos importantes, el director del Instituto Municipal Aguascalentense para la Cultura (IMAC),\u00a0<strong>Octavio Alberto Ozuna<\/strong>, present\u00f3 la convocatoria para participar en la instalaci\u00f3n del Corredor Cultural Carranza, para las actividades de la Feria Nacional de San Marcos 2024.<\/p>\n<p>Mencion\u00f3 que los interesados tienen hasta el 9 de febrero de 2024 para presentar sus propuestas, que deber\u00e1n exponer elementos de la vida cultural, historia o patrimonio de Aguascalientes.<\/p>\n<p>Para dar continuidad a los eventos especiales, explic\u00f3 que se realizar\u00e1 un homenaje el 20 de enero para conmemorar el 158 aniversario del natalicio del emblem\u00e1tico escultor\u00a0<strong>Jes\u00fas F. Contreras<\/strong>\u00a0y el 2 de febrero para honrar al ilustre grabador\u00a0<strong>Jos\u00e9 Guadalupe Posada<\/strong>.<\/p>\n<p>El coordinador de Difusi\u00f3n y Promoci\u00f3n del IMAC,\u00a0<strong>Abraham Velasco<\/strong>, dio a conocer que el 31 de enero se dar\u00e1 inicio con el programa \u201cCine en tu colonia\u201d, con proyecciones para disfrute de toda la familia.<\/p>\n<p>Por otra parte, el 2 de febrero se retomar\u00e1n las actividades de fines de semana de \u201cMe late el barrio\u201d, en barrios tradicionales de Aguascalientes como El Encino, Guadalupe, San Marcos y La Estaci\u00f3n, con m\u00fasica y danza flamenca y de otras partes del mundo, y en donde para beneficiar a m\u00e1s personas se llevar\u00e1n los espect\u00e1culos a nuevas sedes como la L\u00ednea Verde, Expo Plaza, adem\u00e1s de tianguis y mercados, en los cuales se har\u00e1n presentaciones itinerantes.<\/p>\n<p>A trav\u00e9s del programa \u201cPa\u00b4Dominguear\u201d las familias podr\u00e1n convivir y disfrutar de espect\u00e1culos art\u00edsticos de danza, m\u00fasica, teatro, fomento a la lectura y exposiciones artesanales.<\/p>\n<p>Asimismo, dentro de la agenda cultural, los jueves se dar\u00e1 continuidad a los conciertos de la emblem\u00e1tica Banda Sinf\u00f3nica Municipal.<\/p>\n<p>En la rueda de prensa efectuada en el Patio Jes\u00fas F. Contreras, se cont\u00f3 con la participaci\u00f3n de las regidoras\u00a0<strong>Marisol Barr\u00f3n Betancourt<\/strong>\u00a0y\u00a0<strong>Edith Citlalli Rodr\u00edguez Gonz\u00e1lez<\/strong>, presidenta e integrante colegiada, respectivamente, de la Comisi\u00f3n Permanente de Cultura en el Ayuntamiento de Aguascalientes, quienes renovaron el compromiso de continuar con el impulso de las actividades y ampliaci\u00f3n de la agenda cultural.<\/p>\n<p>Para finalizar,\u00a0<strong>Octavio Ozuna<\/strong>\u00a0invit\u00f3 a la ciudadan\u00eda a consultar las redes sociales del IMAC para conocer los horarios y sedes de los diferentes programas, talleres y presentaciones.<\/p>\n","protected":false},"excerpt":{"rendered":"<p>#informativoelvalledeaguascalientes #novaradioaguascalientes #LaCiudadDeTuVida #informativoelvalledeaguascalientesll &nbsp; &nbsp; Como parte de los proyectos, convoca IMAC a presentar propuestas para la instalaci\u00f3n del Corredor Cultural Carranza 2024 El Municipio de Aguascalientes reforz\u00f3 la agenda cultural 2024, para brindar al p\u00fablico de todas las edades espect\u00e1culos art\u00edsticos gratuitos en m\u00fasica, teatro, danza y exposiciones artesanales, en plazas, jardines p\u00fablicos, [&hellip;]<\/p>\n","protected":false},"author":1,"featured_media":51912,"comment_status":"closed","ping_status":"open","sticky":false,"template":"","format":"standard","meta":{"advanced_seo_description":"","jetpack_seo_html_title":"","jetpack_seo_noindex":false,"_jetpack_memberships_contains_paid_content":false,"footnotes":"","jetpack_publicize_message":"","jetpack_publicize_feature_enabled":true,"jetpack_social_post_already_shared":true,"jetpack_social_options":{"image_generator_settings":{"template":"highway","default_image_id":0,"font":"","enabled":false},"version":2}},"categories":[21,3],"tags":[22,25,118],"class_list":["post-51911","post","type-post","status-publish","format-standard","has-post-thumbnail","hentry","category-aguascalientes","category-municipio-aguascalientes","tag-aguascalientes","tag-mpio-aguascalientes","tag-mpio-aguascalientes-imac"],"jetpack_publicize_connections":[],"jetpack_featured_media_url":"https:\/\/i0.wp.com\/informativoelvalledeaguascalientes.online\/wp-content\/uploads\/2024\/01\/imac.jpg?fit=1620%2C1080&ssl=1","jetpack-related-posts":[],"jetpack_sharing_enabled":true,"jetpack_likes_enabled":true,"_links":{"self":[{"href":"https:\/\/informativoelvalledeaguascalientes.online\/index.php?rest_route=\/wp\/v2\/posts\/51911","targetHints":{"allow":["GET"]}}],"collection":[{"href":"https:\/\/informativoelvalledeaguascalientes.online\/index.php?rest_route=\/wp\/v2\/posts"}],"about":[{"href":"https:\/\/informativoelvalledeaguascalientes.online\/index.php?rest_route=\/wp\/v2\/types\/post"}],"author":[{"embeddable":true,"href":"https:\/\/informativoelvalledeaguascalientes.online\/index.php?rest_route=\/wp\/v2\/users\/1"}],"replies":[{"embeddable":true,"href":"https:\/\/informativoelvalledeaguascalientes.online\/index.php?rest_route=%2Fwp%2Fv2%2Fcomments&post=51911"}],"version-history":[{"count":1,"href":"https:\/\/informativoelvalledeaguascalientes.online\/index.php?rest_route=\/wp\/v2\/posts\/51911\/revisions"}],"predecessor-version":[{"id":51913,"href":"https:\/\/informativoelvalledeaguascalientes.online\/index.php?rest_route=\/wp\/v2\/posts\/51911\/revisions\/51913"}],"wp:featuredmedia":[{"embeddable":true,"href":"https:\/\/informativoelvalledeaguascalientes.online\/index.php?rest_route=\/wp\/v2\/media\/51912"}],"wp:attachment":[{"href":"https:\/\/informativoelvalledeaguascalientes.online\/index.php?rest_route=%2Fwp%2Fv2%2Fmedia&parent=51911"}],"wp:term":[{"taxonomy":"category","embeddable":true,"href":"https:\/\/informativoelvalledeaguascalientes.online\/index.php?rest_route=%2Fwp%2Fv2%2Fcategories&post=51911"},{"taxonomy":"post_tag","embeddable":true,"href":"https:\/\/informativoelvalledeaguascalientes.online\/index.php?rest_route=%2Fwp%2Fv2%2Ftags&post=51911"}],"curies":[{"name":"wp","href":"https:\/\/api.w.org\/{rel}","templated":true}]}}