{"id":51908,"date":"2024-01-10T22:30:12","date_gmt":"2024-01-11T04:30:12","guid":{"rendered":"https:\/\/informativoelvalledeaguascalientes.online\/?p=51908"},"modified":"2024-01-10T22:30:12","modified_gmt":"2024-01-11T04:30:12","slug":"tendra-rincon-de-romos-bachillerato-de-la-uaa-tere-jimenez","status":"publish","type":"post","link":"https:\/\/informativoelvalledeaguascalientes.online\/?p=51908","title":{"rendered":"TENDR\u00c1 RINC\u00d3N DE ROMOS BACHILLERATO DE LA UAA: TERE JIM\u00c9NEZ"},"content":{"rendered":"<p>#novaradioaguascalientes<\/p>\n<p>#informativoelvalledeaguascalientes<\/p>\n<p>#informativoelvalledeaguascalientesll<\/p>\n<p>#ElGigantedeMexico<\/p>\n<p>&nbsp;<\/p>\n<p>&nbsp;<\/p>\n<ul class=\"xErDo AnCKd\">\n<li class=\"_04hd2 vVfzz\" dir=\"auto\">\n<div>\n<p id=\"viewer-foo\" class=\"-Zro6 -ZADH vVfzz AnCKd _57WYp\"><span class=\"d0767 vVfzz\"><strong><em>endr\u00e1 una oferta educativa para 2 mil 100 alumnos y se construir\u00e1 en una superficie de 4 hect\u00e1reas con una inversi\u00f3n de 125 millones de pesos<\/em><\/strong><\/span><\/p>\n<\/div>\n<\/li>\n<li class=\"_04hd2 vVfzz\" dir=\"auto\">\n<div>\n<p id=\"viewer-2hyqe188\" class=\"-Zro6 -ZADH vVfzz AnCKd _57WYp\"><span class=\"d0767 vVfzz\"><strong><em>J\u00f3venes de Pabell\u00f3n de Arteaga, San Francisco de los Romo y Tepezal\u00e1 podr\u00e1n estudiar en este centro educativo<\/em><\/strong><\/span><\/p>\n<\/div>\n<\/li>\n<\/ul>\n<p id=\"viewer-hvpci190\" class=\"-Zro6 -ZADH vVfzz _57WYp\"><span class=\"d0767 vVfzz\">\u00a0<\/span><\/p>\n<p id=\"viewer-4qzjg192\" class=\"-Zro6 -ZADH vVfzz AnCKd _57WYp\"><span class=\"d0767 vVfzz\">La gobernadora de Aguascalientes, Tere Jim\u00e9nez, acompa\u00f1ada de Luciano Concheiro B\u00f3rquez, subsecretario de Educaci\u00f3n Superior de la SEP, y la rectora de la Universidad Aut\u00f3noma de Aguascalientes, Sandra Yesenia Pinz\u00f3n Castro, coloc\u00f3 la primera piedra del nuevo Centro de Educaci\u00f3n Media de la UAA que se construir\u00e1 en el municipio de Rinc\u00f3n de Romos y tendr\u00e1 una oferta educativa para 2 mil 100 alumnos.<\/span><\/p>\n<p id=\"viewer-kyqii196\" class=\"-Zro6 -ZADH vVfzz _57WYp\"><span class=\"d0767 vVfzz\">\u00a0<\/span><\/p>\n<p id=\"viewer-fv89a198\" class=\"-Zro6 -ZADH vVfzz AnCKd _57WYp\"><span class=\"d0767 vVfzz\">Durante su mensaje, Tere Jim\u00e9nez asegur\u00f3 que con la creaci\u00f3n y operaci\u00f3n de este nuevo plantel se lograr\u00e1 un incremento en la cobertura educativa de la entidad dando una opci\u00f3n de educaci\u00f3n a los j\u00f3venes de los municipios del norte de Aguascalientes, quienes ahora podr\u00e1n estudiar y cumplir sus metas.<\/span><\/p>\n<div id=\"viewer-nbk5k201\" class=\"-Zro6 -ZADH vVfzz _57WYp\"><span class=\"d0767 vVfzz\">\u00a0<\/span><\/div>\n<p id=\"viewer-dx5aw285\" class=\"-Zro6 -ZADH vVfzz AnCKd _57WYp\"><span class=\"d0767 vVfzz\">\u201cCuando trabajamos en conjunto los tres niveles de gobierno, la gente es la que gana; le vamos a seguir apostando al tema educativo y a los j\u00f3venes, porque la educaci\u00f3n se traduce en seguridad. Rinc\u00f3n de Romos necesitaba este bachillerato, es un punto estrat\u00e9gico donde estudiantes de Pabell\u00f3n de Arteaga, San Francisco de los Romo y Tepezal\u00e1 podr\u00e1n acudir a estudiar y con ello disminuir el rezago educativo; estamos listos y preparados para que Aguascalientes tenga los primeros lugares en educaci\u00f3n\u201d, dijo la gobernadora.<\/span><\/p>\n<div id=\"viewer-2dg6n203\" class=\"-Zro6 -ZADH vVfzz _57WYp\"><span class=\"d0767 vVfzz\">\u00a0<\/span><\/div>\n<p id=\"viewer-xzmie204\" class=\"-Zro6 -ZADH vVfzz AnCKd _57WYp\"><span class=\"d0767 vVfzz\">En su intervenci\u00f3n, Luciano Concheiro B\u00f3rquez, subsecretario de Educaci\u00f3n Superior de la Secretar\u00eda de Educaci\u00f3n P\u00fablica, reconoci\u00f3 el trabajo de la gobernadora en materia de educaci\u00f3n, destac\u00f3 que en Aguascalientes se est\u00e1n desarrollando tres proyectos extraordinarios: la apertura de una preparatoria desde una universidad; la creaci\u00f3n de la Universidad Intercultural para la Igualdad y el desarrollo del Modelo Especial de Ense\u00f1anza del Ingl\u00e9s.<\/span><\/p>\n<div id=\"viewer-o6o88305\" class=\"-Zro6 -ZADH vVfzz _57WYp\"><span class=\"d0767 vVfzz\">\u00a0<\/span><\/div>\n<p id=\"viewer-dwznz206\" class=\"-Zro6 -ZADH vVfzz AnCKd _57WYp\"><span class=\"d0767 vVfzz\">\u201cHa sido un gusto enorme trabajar con Tere Jim\u00e9nez, le reconozco el trabajo que realiza en pro de la educaci\u00f3n, pues es un rubro fundamental para el desarrollo de la sociedad. Con este bachillerato se contribuir\u00e1 a la cobertura educativa en el estado de Aguascalientes; felicidades por este nuevo plantel, es un acto clave en la construcci\u00f3n de una vida distinta\u201d, destac\u00f3 el funcionario federal.<\/span><\/p>\n<div id=\"viewer-rqwu3324\" class=\"-Zro6 -ZADH vVfzz _57WYp\"><span class=\"d0767 vVfzz\">\u00a0<\/span><\/div>\n<p id=\"viewer-8d3es208\" class=\"-Zro6 -ZADH vVfzz AnCKd _57WYp\"><span class=\"d0767 vVfzz\">Al hacer uso de la voz, Sandra Yesenia Pinz\u00f3n Castro, rectora de la UAA, agradeci\u00f3 a las personas que se sumaron a este esfuerzo educativo y subray\u00f3 que con la construcci\u00f3n de este Centro se reafirma la esencia y los valores de la M\u00e1xima Casa de Estudios.\u00a0<\/span><\/p>\n<div id=\"viewer-cfpbb343\" class=\"-Zro6 -ZADH vVfzz _57WYp\"><span class=\"d0767 vVfzz\">\u00a0<\/span><\/div>\n<p id=\"viewer-q0w0z210\" class=\"-Zro6 -ZADH vVfzz AnCKd _57WYp\"><span class=\"d0767 vVfzz\">\u201cCon estas acciones expresamos la plena disposici\u00f3n de colaborar con los tres \u00f3rdenes de gobierno de manera efectiva para que M\u00e9xico sea un pa\u00eds con una juventud cada vez m\u00e1s preparada, una juventud que tenga la certeza de que la educaci\u00f3n es una de las mejores armas para combatir los rezagos y las desigualdades sociales\u201d, subray\u00f3 la rectora.<\/span><\/p>\n<div id=\"viewer-yhi8z362\" class=\"-Zro6 -ZADH vVfzz _57WYp\"><span class=\"d0767 vVfzz\">\u00a0<\/span><\/div>\n<p id=\"viewer-fw3fb212\" class=\"-Zro6 -ZADH vVfzz AnCKd _57WYp\"><span class=\"d0767 vVfzz\">Por su parte, Alberto Palacios Tiscare\u00f1o, director general de Infraestructura Universitaria, detall\u00f3 que el Centro de Educaci\u00f3n Media Plantel Norte se construir\u00e1 en una superficie de 4 hect\u00e1reas con una inversi\u00f3n de 125 millones de pesos.<\/span><\/p>\n<div id=\"viewer-rvd24381\" class=\"-Zro6 -ZADH vVfzz _57WYp\"><span class=\"d0767 vVfzz\">\u00a0<\/span><\/div>\n<p id=\"viewer-xjf6r214\" class=\"-Zro6 -ZADH vVfzz AnCKd _57WYp\"><span class=\"d0767 vVfzz\">H\u00e9ctor Castorena Esparza, presidente municipal de Rinc\u00f3n de Romos, agradeci\u00f3 a la gobernadora por ser impulsora de la educaci\u00f3n y acercarla a las y los j\u00f3venes de todo el estado. \u201cSeguiremos trabajando en equipo, Rinc\u00f3n de Romos ten\u00eda m\u00e1s de 12 a\u00f1os sin inversi\u00f3n en infraestructura; gobernadora, estamos muy contentos, vamos por m\u00e1s\u201d, mencion\u00f3 el alcalde.\u00a0<\/span><\/p>\n<div id=\"viewer-fzmvs400\" class=\"-Zro6 -ZADH vVfzz _57WYp\"><span class=\"d0767 vVfzz\">\u00a0<\/span><\/div>\n<p id=\"viewer-jazye216\" class=\"-Zro6 -ZADH vVfzz AnCKd _57WYp\"><span class=\"d0767 vVfzz\">En el evento tambi\u00e9n estuvieron presentes Margarita Gallegos Soto, presidenta municipal de San Francisco de los Romo; el diputado federal, Noel Mata Atilano; Manuel Alonso Garc\u00eda, secretario de Seguridad P\u00fablica del Estado; Ra\u00fal Silva Perezchica, presidente de la Comisi\u00f3n de Educaci\u00f3n y Cultura del H. Congreso del Estado; Lorena Mart\u00ednez Rodr\u00edguez, directora general del IEA; y Kalina Isela Mart\u00ednez Mart\u00ednez, presidenta de la H. Junta de Gobierno de la UAA.<\/span><\/p>\n<div id=\"viewer-gjuc9218\" class=\"-Zro6 -ZADH vVfzz _57WYp\"><\/div>\n","protected":false},"excerpt":{"rendered":"<p>#novaradioaguascalientes #informativoelvalledeaguascalientes #informativoelvalledeaguascalientesll #ElGigantedeMexico &nbsp; &nbsp; endr\u00e1 una oferta educativa para 2 mil 100 alumnos y se construir\u00e1 en una superficie de 4 hect\u00e1reas con una inversi\u00f3n de 125 millones de pesos J\u00f3venes de Pabell\u00f3n de Arteaga, San Francisco de los Romo y Tepezal\u00e1 podr\u00e1n estudiar en este centro educativo \u00a0 La gobernadora de Aguascalientes, [&hellip;]<\/p>\n","protected":false},"author":1,"featured_media":51909,"comment_status":"closed","ping_status":"open","sticky":false,"template":"","format":"standard","meta":{"advanced_seo_description":"","jetpack_seo_html_title":"","jetpack_seo_noindex":false,"_jetpack_memberships_contains_paid_content":false,"footnotes":"","jetpack_publicize_message":"","jetpack_publicize_feature_enabled":true,"jetpack_social_post_already_shared":true,"jetpack_social_options":{"image_generator_settings":{"template":"highway","default_image_id":0,"font":"","enabled":false},"version":2}},"categories":[21,4,629],"tags":[22,615,320,142],"class_list":["post-51908","post","type-post","status-publish","format-standard","has-post-thumbnail","hentry","category-aguascalientes","category-gobierno-del-estado-aguascalientes","category-universidad-autonoma-de-aguascalientes","tag-aguascalientes","tag-gobierno-del-estado-de-aguascalientes","tag-tere-jimenez","tag-uaa"],"jetpack_publicize_connections":[],"jetpack_featured_media_url":"https:\/\/i0.wp.com\/informativoelvalledeaguascalientes.online\/wp-content\/uploads\/2024\/01\/418592865_928614928621710_2576206833903769690_n.jpeg?fit=1440%2C960&ssl=1","jetpack-related-posts":[],"jetpack_sharing_enabled":true,"jetpack_likes_enabled":true,"_links":{"self":[{"href":"https:\/\/informativoelvalledeaguascalientes.online\/index.php?rest_route=\/wp\/v2\/posts\/51908","targetHints":{"allow":["GET"]}}],"collection":[{"href":"https:\/\/informativoelvalledeaguascalientes.online\/index.php?rest_route=\/wp\/v2\/posts"}],"about":[{"href":"https:\/\/informativoelvalledeaguascalientes.online\/index.php?rest_route=\/wp\/v2\/types\/post"}],"author":[{"embeddable":true,"href":"https:\/\/informativoelvalledeaguascalientes.online\/index.php?rest_route=\/wp\/v2\/users\/1"}],"replies":[{"embeddable":true,"href":"https:\/\/informativoelvalledeaguascalientes.online\/index.php?rest_route=%2Fwp%2Fv2%2Fcomments&post=51908"}],"version-history":[{"count":1,"href":"https:\/\/informativoelvalledeaguascalientes.online\/index.php?rest_route=\/wp\/v2\/posts\/51908\/revisions"}],"predecessor-version":[{"id":51910,"href":"https:\/\/informativoelvalledeaguascalientes.online\/index.php?rest_route=\/wp\/v2\/posts\/51908\/revisions\/51910"}],"wp:featuredmedia":[{"embeddable":true,"href":"https:\/\/informativoelvalledeaguascalientes.online\/index.php?rest_route=\/wp\/v2\/media\/51909"}],"wp:attachment":[{"href":"https:\/\/informativoelvalledeaguascalientes.online\/index.php?rest_route=%2Fwp%2Fv2%2Fmedia&parent=51908"}],"wp:term":[{"taxonomy":"category","embeddable":true,"href":"https:\/\/informativoelvalledeaguascalientes.online\/index.php?rest_route=%2Fwp%2Fv2%2Fcategories&post=51908"},{"taxonomy":"post_tag","embeddable":true,"href":"https:\/\/informativoelvalledeaguascalientes.online\/index.php?rest_route=%2Fwp%2Fv2%2Ftags&post=51908"}],"curies":[{"name":"wp","href":"https:\/\/api.w.org\/{rel}","templated":true}]}}