{"id":51695,"date":"2023-12-23T19:09:42","date_gmt":"2023-12-24T01:09:42","guid":{"rendered":"https:\/\/informativoelvalledeaguascalientes.online\/?p=51695"},"modified":"2024-01-02T19:15:12","modified_gmt":"2024-01-03T01:15:12","slug":"%e2%9c%85%f0%9f%91%a7%f0%9f%8f%bb-el-gobierno-de-calvillo-en-coordinacion-con-el-dif-calvillo-y-a-traves-del-sistema-de-proteccion-integral-de-ninas-ninos-y-adolescentes-de-calvillo-realizo-en-la-co","status":"publish","type":"post","link":"https:\/\/informativoelvalledeaguascalientes.online\/?p=51695","title":{"rendered":"\u2705\ud83d\udc67\ud83c\udffb El Gobierno de Calvillo en coordinaci\u00f3n con el DIF Calvillo y a trav\u00e9s del Sistema de Protecci\u00f3n Integral de Ni\u00f1as, Ni\u00f1os y Adolescentes de Calvillo, realiz\u00f3 en la comunidad de #ElTerreroDelRefugio entrega de frazadas del programa \ud835\ude3e\ud835\ude64\ud835\ude57\ud835\ude5e\ud835\ude5f\ud835\ude56 \ud835\ude6a\ud835\ude63 \ud835\ude63\ud835\ude5e\u00f1\ud835\ude64."},"content":{"rendered":"<p><strong><a href=\"https:\/\/www.facebook.com\/hashtag\/informativoelvalledeaguascalientes\">#informativoelvalledeaguascalientes<\/a><\/strong><\/p>\n<p><strong><a href=\"https:\/\/www.facebook.com\/hashtag\/novaradioaguascalientes\">#novaradioaguascalientes<\/a><\/strong><\/p>\n<p>#informativoelvalledeaguascalientesll<\/p>\n<p>As\u00ed mismo, los adultos mayores y familias de esta comunidad recibieron cobijas, para contribuir a que tengan un invierno m\u00e1s c\u00e1lido.<\/p>\n<p>Daniel Romo Urrutia, presidente municipal de Calvillo, agradeci\u00f3 a quienes se unieron y apoyaron este proyecto con el prop\u00f3sito de que en este invierno ning\u00fan ni\u00f1o o familia calvillense pase fr\u00edo.<\/p>\n<p>#TierraQueTrasciende<\/p>\n","protected":false},"excerpt":{"rendered":"<p>#informativoelvalledeaguascalientes #novaradioaguascalientes #informativoelvalledeaguascalientesll As\u00ed mismo, los adultos mayores y familias de esta comunidad recibieron cobijas, para contribuir a que tengan un invierno m\u00e1s c\u00e1lido. Daniel Romo Urrutia, presidente municipal de Calvillo, agradeci\u00f3 a quienes se unieron y apoyaron este proyecto con el prop\u00f3sito de que en este invierno ning\u00fan ni\u00f1o o familia calvillense pase fr\u00edo. [&hellip;]<\/p>\n","protected":false},"author":1,"featured_media":51696,"comment_status":"closed","ping_status":"open","sticky":false,"template":"","format":"standard","meta":{"advanced_seo_description":"","jetpack_seo_html_title":"","jetpack_seo_noindex":false,"_jetpack_memberships_contains_paid_content":false,"footnotes":"","jetpack_publicize_message":"","jetpack_publicize_feature_enabled":true,"jetpack_social_post_already_shared":true,"jetpack_social_options":{"image_generator_settings":{"template":"highway","default_image_id":0,"font":"","enabled":false},"version":2}},"categories":[21,13],"tags":[22,88,29],"class_list":["post-51695","post","type-post","status-publish","format-standard","has-post-thumbnail","hentry","category-aguascalientes","category-calvillo-aguascalientes","tag-aguascalientes","tag-calvillo","tag-calvillo-aguascalientes"],"jetpack_publicize_connections":[],"jetpack_featured_media_url":"https:\/\/i0.wp.com\/informativoelvalledeaguascalientes.online\/wp-content\/uploads\/2024\/01\/2b1cd627-55bf-4a74-b9d1-9f46a515bd8a.jpeg?fit=1600%2C1066&ssl=1","jetpack-related-posts":[],"jetpack_sharing_enabled":true,"jetpack_likes_enabled":true,"_links":{"self":[{"href":"https:\/\/informativoelvalledeaguascalientes.online\/index.php?rest_route=\/wp\/v2\/posts\/51695","targetHints":{"allow":["GET"]}}],"collection":[{"href":"https:\/\/informativoelvalledeaguascalientes.online\/index.php?rest_route=\/wp\/v2\/posts"}],"about":[{"href":"https:\/\/informativoelvalledeaguascalientes.online\/index.php?rest_route=\/wp\/v2\/types\/post"}],"author":[{"embeddable":true,"href":"https:\/\/informativoelvalledeaguascalientes.online\/index.php?rest_route=\/wp\/v2\/users\/1"}],"replies":[{"embeddable":true,"href":"https:\/\/informativoelvalledeaguascalientes.online\/index.php?rest_route=%2Fwp%2Fv2%2Fcomments&post=51695"}],"version-history":[{"count":1,"href":"https:\/\/informativoelvalledeaguascalientes.online\/index.php?rest_route=\/wp\/v2\/posts\/51695\/revisions"}],"predecessor-version":[{"id":51697,"href":"https:\/\/informativoelvalledeaguascalientes.online\/index.php?rest_route=\/wp\/v2\/posts\/51695\/revisions\/51697"}],"wp:featuredmedia":[{"embeddable":true,"href":"https:\/\/informativoelvalledeaguascalientes.online\/index.php?rest_route=\/wp\/v2\/media\/51696"}],"wp:attachment":[{"href":"https:\/\/informativoelvalledeaguascalientes.online\/index.php?rest_route=%2Fwp%2Fv2%2Fmedia&parent=51695"}],"wp:term":[{"taxonomy":"category","embeddable":true,"href":"https:\/\/informativoelvalledeaguascalientes.online\/index.php?rest_route=%2Fwp%2Fv2%2Fcategories&post=51695"},{"taxonomy":"post_tag","embeddable":true,"href":"https:\/\/informativoelvalledeaguascalientes.online\/index.php?rest_route=%2Fwp%2Fv2%2Ftags&post=51695"}],"curies":[{"name":"wp","href":"https:\/\/api.w.org\/{rel}","templated":true}]}}