{"id":51670,"date":"2023-12-22T23:31:35","date_gmt":"2023-12-23T05:31:35","guid":{"rendered":"https:\/\/informativoelvalledeaguascalientes.online\/?p=51670"},"modified":"2023-12-29T23:31:55","modified_gmt":"2023-12-30T05:31:55","slug":"en-navidad-policias-cerca-de-ti","status":"publish","type":"post","link":"https:\/\/informativoelvalledeaguascalientes.online\/?p=51670","title":{"rendered":"En Navidad, polic\u00edas cerca de ti"},"content":{"rendered":"<p>#novaradioaguascalientes<\/p>\n<p>#informativoelvalledeaguascalientes<\/p>\n<p>#informativoelvalledeaguascalientesll<\/p>\n<p>#ElGigantedeMexico<\/p>\n<p>&nbsp;<\/p>\n<p>Efectivos de la Secretar\u00eda de Seguridad P\u00fablica del Estado y de la Polic\u00eda Municipal de Tepezal\u00e1, participaron de la caravana navide\u00f1a Navidad Cerca de Ti, en las comunidades de Mesillas, Ojo de Agua de los Montes, El Chayote, El Barranco, Alamitos, Colonia Los Hornos, La Tira y El Porvenir, anexando a Las Cuevas llevando alegr\u00edas y regalos para ni\u00f1os, en donde adem\u00e1s participaron personajes de la corporaci\u00f3n como Polisanta Claus con su trineo y El Grinch.<\/p>\n","protected":false},"excerpt":{"rendered":"<p>#novaradioaguascalientes #informativoelvalledeaguascalientes #informativoelvalledeaguascalientesll #ElGigantedeMexico &nbsp; Efectivos de la Secretar\u00eda de Seguridad P\u00fablica del Estado y de la Polic\u00eda Municipal de Tepezal\u00e1, participaron de la caravana navide\u00f1a Navidad Cerca de Ti, en las comunidades de Mesillas, Ojo de Agua de los Montes, El Chayote, El Barranco, Alamitos, Colonia Los Hornos, La Tira y El Porvenir, anexando [&hellip;]<\/p>\n","protected":false},"author":1,"featured_media":51671,"comment_status":"closed","ping_status":"open","sticky":false,"template":"","format":"standard","meta":{"advanced_seo_description":"","jetpack_seo_html_title":"","jetpack_seo_noindex":false,"_jetpack_memberships_contains_paid_content":false,"footnotes":"","jetpack_publicize_message":"","jetpack_publicize_feature_enabled":true,"jetpack_social_post_already_shared":true,"jetpack_social_options":{"image_generator_settings":{"template":"highway","default_image_id":0,"font":"","enabled":false},"version":2}},"categories":[21,4],"tags":[22,615,122],"class_list":["post-51670","post","type-post","status-publish","format-standard","has-post-thumbnail","hentry","category-aguascalientes","category-gobierno-del-estado-aguascalientes","tag-aguascalientes","tag-gobierno-del-estado-de-aguascalientes","tag-sspe-aguascalientes"],"jetpack_publicize_connections":[],"jetpack_featured_media_url":"https:\/\/i0.wp.com\/informativoelvalledeaguascalientes.online\/wp-content\/uploads\/2023\/12\/c2c556a4-4ac0-44bb-846a-bbb51e35dc2a.jpg?fit=768%2C1024&ssl=1","jetpack-related-posts":[],"jetpack_sharing_enabled":true,"jetpack_likes_enabled":true,"_links":{"self":[{"href":"https:\/\/informativoelvalledeaguascalientes.online\/index.php?rest_route=\/wp\/v2\/posts\/51670","targetHints":{"allow":["GET"]}}],"collection":[{"href":"https:\/\/informativoelvalledeaguascalientes.online\/index.php?rest_route=\/wp\/v2\/posts"}],"about":[{"href":"https:\/\/informativoelvalledeaguascalientes.online\/index.php?rest_route=\/wp\/v2\/types\/post"}],"author":[{"embeddable":true,"href":"https:\/\/informativoelvalledeaguascalientes.online\/index.php?rest_route=\/wp\/v2\/users\/1"}],"replies":[{"embeddable":true,"href":"https:\/\/informativoelvalledeaguascalientes.online\/index.php?rest_route=%2Fwp%2Fv2%2Fcomments&post=51670"}],"version-history":[{"count":1,"href":"https:\/\/informativoelvalledeaguascalientes.online\/index.php?rest_route=\/wp\/v2\/posts\/51670\/revisions"}],"predecessor-version":[{"id":51672,"href":"https:\/\/informativoelvalledeaguascalientes.online\/index.php?rest_route=\/wp\/v2\/posts\/51670\/revisions\/51672"}],"wp:featuredmedia":[{"embeddable":true,"href":"https:\/\/informativoelvalledeaguascalientes.online\/index.php?rest_route=\/wp\/v2\/media\/51671"}],"wp:attachment":[{"href":"https:\/\/informativoelvalledeaguascalientes.online\/index.php?rest_route=%2Fwp%2Fv2%2Fmedia&parent=51670"}],"wp:term":[{"taxonomy":"category","embeddable":true,"href":"https:\/\/informativoelvalledeaguascalientes.online\/index.php?rest_route=%2Fwp%2Fv2%2Fcategories&post=51670"},{"taxonomy":"post_tag","embeddable":true,"href":"https:\/\/informativoelvalledeaguascalientes.online\/index.php?rest_route=%2Fwp%2Fv2%2Ftags&post=51670"}],"curies":[{"name":"wp","href":"https:\/\/api.w.org\/{rel}","templated":true}]}}