{"id":51033,"date":"2023-11-29T21:27:10","date_gmt":"2023-11-30T03:27:10","guid":{"rendered":"https:\/\/informativoelvalledeaguascalientes.online\/?p=51033"},"modified":"2023-11-29T21:27:10","modified_gmt":"2023-11-30T03:27:10","slug":"con-la-participacion-de-estudiantes-de-primaria-se-realizo-el-parlamento-infantil-2023","status":"publish","type":"post","link":"https:\/\/informativoelvalledeaguascalientes.online\/?p=51033","title":{"rendered":"CON LA PARTICIPACI\u00d3N DE ESTUDIANTES DE PRIMARIA, SE REALIZ\u00d3 EL PARLAMENTO INFANTIL 2023"},"content":{"rendered":"<p>#novaradioaguascalientes<\/p>\n<p>#informativoelvalledeaguascalientes<\/p>\n<p>#informativoelvalledeaguascalientesll<\/p>\n<p>&nbsp;<\/p>\n<p>&nbsp;<\/p>\n<p>Alumnas y alumnos del nivel b\u00e1sico vivieron la oportunidad de fungir como diputadas y diputados en una jornada legislativa que se desarroll\u00f3 en las instalaciones del Congreso de Aguascalientes.<\/p>\n<p>La LXV Legislatura del Congreso de Aguascalientes, a trav\u00e9s de la Comisi\u00f3n de Reglamentos y Pr\u00e1cticas Parlamentarias que preside la diputada Gladys Ram\u00edrez Aguilar, organiz\u00f3 con \u00e9xito el Parlamento Infantil en su edici\u00f3n 2023, en el que participaron 27 ni\u00f1as y ni\u00f1os representantes de escuelas primarias y colegios de la entidad.<\/p>\n<p>En este sentido, Ram\u00edrez Aguilar, al inaugurar este ejercicio c\u00edvico, expres\u00f3 su agradecimiento a las y los infantes por su presencia e inter\u00e9s en ser parte de esta actividad; \u201ces de gran importancia para este Poder Legislativo recibirles, porque aqu\u00ed sus opiniones, ideas y propuestas son para mejorar su entorno social, familiar y escolar\u201d.<\/p>\n<p>De esta manera al hacer uso de la palabra, la legisladora SanJuana Mart\u00ednez Melendez, resalt\u00f3 el entusiasmo con el que iniciaron esta actividad, al tiempo que les hizo la invitaci\u00f3n a continuar con la misma convicci\u00f3n de formar parte de estos espacios de expresi\u00f3n, \u201cporque ustedes muchas veces orientan sobre las necesidades y asuntos p\u00fablicos esenciales que hay que intentar resolver mediante el trabajo legislativo\u201d.<\/p>\n<p>Antes de comenzar con la sesi\u00f3n plenaria en el Recinto Oficial Soberana Convenci\u00f3n Revolucionaria de Aguascalientes, las y los diputados por un d\u00eda, trabajaron en la elaboraci\u00f3n de sus iniciativas en las Comisiones de los Derechos Humanos de la Ni\u00f1ez; Infantil de Educaci\u00f3n, Cultura y Deporte; Infantil del Medio Ambiente, Recursos Naturales y Cambio Clim\u00e1tico y la de Entorno Seguro para la Ni\u00f1ez (Seguridad P\u00fablica)<\/p>\n<p>En el Pleno, las ni\u00f1as y ni\u00f1os del Parlamento Infantil 2023 debatieron y despu\u00e9s aprobaron dict\u00e1menes que contienen las iniciativas para garantizar el derecho a la salud, con el abasto de medicamentos y atenci\u00f3n m\u00e9dica a todos los sectores de la poblaci\u00f3n; otra reforma para proteger de la violencia intrafamiliar a menores de edad, pues consideraron que todo infante tiene derecho a desarrollarse dentro de una familia funcional.<\/p>\n<p>De igual forma, aprobaron otro dictamen que contempla incentivos econ\u00f3micos para la consolidaci\u00f3n del turismo y festividades de cada localidad que conforma la entidad, adem\u00e1s de dar a conocer a nivel nacional las ferias de cada municipio, no solo la de Aguascalientes.<\/p>\n<p>En el tema del maltrato animal se gener\u00f3 controversia, pues algunos diputados propusieron que se castigue de manera severa con multa econ\u00f3mica este acto incluyendo las corridas de toros, sin embargo, hubo otro sector de representantes populares infantiles que manifestaron su voto en contra a esta medida en particular, pero s\u00ed se pronunciaron en general por erradicar las agresiones a animales de compa\u00f1\u00eda.<\/p>\n<p>Tras este apartado, la mesa directiva del Congreso infantil, procedi\u00f3 con la clausura de los trabajos de la presente sesi\u00f3n, ante la presencia de las diputadas Gladys Ram\u00edrez, Mar\u00eda de Jes\u00fas D\u00edaz, Leslie Figueroa; adem\u00e1s de Jaime Gonz\u00e1lez, en su calidad de presidente de la LXV Legislatura del Poder Legislativo de Aguascalientes.<\/p>\n<p>A cada alumna y alumno se les otorg\u00f3 un reconocimiento por su participaci\u00f3n en este Parlamento Infantil 2023.<\/p>\n<p>&nbsp;<\/p>\n","protected":false},"excerpt":{"rendered":"<p>#novaradioaguascalientes #informativoelvalledeaguascalientes #informativoelvalledeaguascalientesll &nbsp; &nbsp; Alumnas y alumnos del nivel b\u00e1sico vivieron la oportunidad de fungir como diputadas y diputados en una jornada legislativa que se desarroll\u00f3 en las instalaciones del Congreso de Aguascalientes. La LXV Legislatura del Congreso de Aguascalientes, a trav\u00e9s de la Comisi\u00f3n de Reglamentos y Pr\u00e1cticas Parlamentarias que preside la diputada [&hellip;]<\/p>\n","protected":false},"author":1,"featured_media":51034,"comment_status":"closed","ping_status":"open","sticky":false,"template":"","format":"standard","meta":{"advanced_seo_description":"","jetpack_seo_html_title":"","jetpack_seo_noindex":false,"_jetpack_memberships_contains_paid_content":false,"footnotes":"","jetpack_publicize_message":"","jetpack_publicize_feature_enabled":true,"jetpack_social_post_already_shared":true,"jetpack_social_options":{"image_generator_settings":{"template":"highway","default_image_id":0,"font":"","enabled":false},"version":2}},"categories":[21,5],"tags":[22,520],"class_list":["post-51033","post","type-post","status-publish","format-standard","has-post-thumbnail","hentry","category-aguascalientes","category-h-congreso-del-estado-aguascalientes","tag-aguascalientes","tag-lxv-legislatura-aguascalientes"],"jetpack_publicize_connections":[],"jetpack_featured_media_url":"https:\/\/i0.wp.com\/informativoelvalledeaguascalientes.online\/wp-content\/uploads\/2023\/11\/DSC_9686.jpg?fit=917%2C611&ssl=1","jetpack-related-posts":[],"jetpack_sharing_enabled":true,"jetpack_likes_enabled":true,"_links":{"self":[{"href":"https:\/\/informativoelvalledeaguascalientes.online\/index.php?rest_route=\/wp\/v2\/posts\/51033","targetHints":{"allow":["GET"]}}],"collection":[{"href":"https:\/\/informativoelvalledeaguascalientes.online\/index.php?rest_route=\/wp\/v2\/posts"}],"about":[{"href":"https:\/\/informativoelvalledeaguascalientes.online\/index.php?rest_route=\/wp\/v2\/types\/post"}],"author":[{"embeddable":true,"href":"https:\/\/informativoelvalledeaguascalientes.online\/index.php?rest_route=\/wp\/v2\/users\/1"}],"replies":[{"embeddable":true,"href":"https:\/\/informativoelvalledeaguascalientes.online\/index.php?rest_route=%2Fwp%2Fv2%2Fcomments&post=51033"}],"version-history":[{"count":1,"href":"https:\/\/informativoelvalledeaguascalientes.online\/index.php?rest_route=\/wp\/v2\/posts\/51033\/revisions"}],"predecessor-version":[{"id":51035,"href":"https:\/\/informativoelvalledeaguascalientes.online\/index.php?rest_route=\/wp\/v2\/posts\/51033\/revisions\/51035"}],"wp:featuredmedia":[{"embeddable":true,"href":"https:\/\/informativoelvalledeaguascalientes.online\/index.php?rest_route=\/wp\/v2\/media\/51034"}],"wp:attachment":[{"href":"https:\/\/informativoelvalledeaguascalientes.online\/index.php?rest_route=%2Fwp%2Fv2%2Fmedia&parent=51033"}],"wp:term":[{"taxonomy":"category","embeddable":true,"href":"https:\/\/informativoelvalledeaguascalientes.online\/index.php?rest_route=%2Fwp%2Fv2%2Fcategories&post=51033"},{"taxonomy":"post_tag","embeddable":true,"href":"https:\/\/informativoelvalledeaguascalientes.online\/index.php?rest_route=%2Fwp%2Fv2%2Ftags&post=51033"}],"curies":[{"name":"wp","href":"https:\/\/api.w.org\/{rel}","templated":true}]}}