{"id":51002,"date":"2023-11-29T18:27:13","date_gmt":"2023-11-30T00:27:13","guid":{"rendered":"https:\/\/informativoelvalledeaguascalientes.online\/?p=51002"},"modified":"2023-11-29T18:27:13","modified_gmt":"2023-11-30T00:27:13","slug":"inaugura-tere-jimenez-nueva-empresa-japonesa-con-una-inversion-de-14-mdd-en-su-primera-fase","status":"publish","type":"post","link":"https:\/\/informativoelvalledeaguascalientes.online\/?p=51002","title":{"rendered":"INAUGURA TERE JIM\u00c9NEZ NUEVA EMPRESA JAPONESA CON UNA INVERSI\u00d3N DE 14 MDD EN SU PRIMERA FASE"},"content":{"rendered":"<p>#novaradioaguascalientes<\/p>\n<p>#informativoelvalledeaguascalientes<\/p>\n<p>#informativoelvalledeaguascalientesll<\/p>\n<p>#ElGigantedeMexico<\/p>\n<p>&nbsp;<\/p>\n<p>&nbsp;<\/p>\n<ul class=\"xErDo AnCKd\">\n<li class=\"_04hd2 IjV6v\" dir=\"auto\">\n<div>\n<p id=\"viewer-foo\" class=\"-Zro6 -ZADH IjV6v AnCKd _57WYp\"><span class=\"d0767\"><strong><em>Es la primera planta de Kurabe en el continente americano<\/em><\/strong><\/span><\/p>\n<\/div>\n<\/li>\n<li class=\"_04hd2 vVfzz\" dir=\"auto\">\n<div>\n<p id=\"viewer-ezxll300\" class=\"-Zro6 -ZADH vVfzz AnCKd _57WYp\"><span class=\"d0767 vVfzz\"><strong><em>Generar\u00e1 400 nuevos empleos en una primera fase\u00a0<\/em><\/strong><\/span><\/p>\n<\/div>\n<\/li>\n<li class=\"_04hd2 vVfzz\" dir=\"auto\">\n<div>\n<p id=\"viewer-xslbj303\" class=\"-Zro6 -ZADH vVfzz AnCKd _57WYp\"><span class=\"d0767 vVfzz\"><strong><em>No les vamos a fallar. Aqu\u00ed encontrar\u00e1n un territorio f\u00e9rtil para seguir ampliando la amistad que une a Jap\u00f3n y Aguascalientes: Tere Jim\u00e9nez<\/em><\/strong><\/span><\/p>\n<\/div>\n<\/li>\n<\/ul>\n<div id=\"viewer-s0an6305\" class=\"-Zro6 -ZADH IjV6v _57WYp\"><span class=\"d0767\">\u00a0<\/span><\/div>\n<p id=\"viewer-4gte5306\" class=\"-Zro6 -ZADH vVfzz AnCKd _57WYp\"><span class=\"d0767 vVfzz\">Con una inversi\u00f3n japonesa de 14 millones de d\u00f3lares y la generaci\u00f3n de 400 empleos en una primera fase, la gobernadora de Aguascalientes, Tere Jim\u00e9nez, inaugur\u00f3 la primera planta de la empresa Kurabe en el continente americano.<\/span><\/p>\n<div id=\"viewer-253im425\" class=\"-Zro6 -ZADH vVfzz _57WYp\"><span class=\"d0767 vVfzz\">\u00a0<\/span><\/div>\n<p id=\"viewer-u4pbx308\" class=\"-Zro6 -ZADH vVfzz AnCKd _57WYp\"><span class=\"d0767 vVfzz\">\u201cAgradezco la confianza para establecer aqu\u00ed su planta de producci\u00f3n, la \u00fanica en todo el continente americano; esto ha sido posible gracias a que somos el Coraz\u00f3n Log\u00edstico de Am\u00e9rica, a nuestra ubicaci\u00f3n privilegiada, a nuestras v\u00edas de acceso que nos conectan con todo M\u00e9xico, el continente y el mundo; pero sobre todo, a nuestro clima de paz y seguridad que garantizan la tranquilidad de las familias y de los inversionistas\u201d, asegur\u00f3 la gobernadora.<\/span><\/p>\n<div id=\"viewer-40vzi367\" class=\"-Zro6 -ZADH vVfzz _57WYp\"><span class=\"d0767 vVfzz\">\u00a0<\/span><\/div>\n<p id=\"viewer-16j53310\" class=\"-Zro6 -ZADH vVfzz AnCKd _57WYp\"><span class=\"d0767 vVfzz\">Agreg\u00f3 que con esta nueva inversi\u00f3n, Aguascalientes afianza su liderazgo en la regi\u00f3n y en el pa\u00eds, en el desarrollo de tecnolog\u00eda de punta, en el fortalecimiento de las cadenas de valor y en la generaci\u00f3n de empleos.<\/span><\/p>\n<div id=\"viewer-bzdtg312\" class=\"-Zro6 -ZADH IjV6v _57WYp\"><span class=\"d0767\">\u00a0<\/span><\/div>\n<p id=\"viewer-n4tv4313\" class=\"-Zro6 -ZADH vVfzz AnCKd _57WYp\"><span class=\"d0767 vVfzz\">\u201cNo les vamos a fallar. Aqu\u00ed encontrar\u00e1n un territorio f\u00e9rtil para seguir ampliando la larga amistad que une a Jap\u00f3n y Aguascalientes, porque aqu\u00ed hay capacidad, talento, compromiso y voluntad para responder con creces a su decisi\u00f3n; somos gente de trabajo y soluciones que est\u00e1 a la altura de las din\u00e1micas globales y las demandas del mundo tecnol\u00f3gico\u201d, les dijo la gobernadora a los inversionistas.<\/span><\/p>\n<div id=\"viewer-rg4ts355\" class=\"-Zro6 -ZADH vVfzz _57WYp\"><span class=\"d0767 vVfzz\">\u00a0<\/span><\/div>\n<p id=\"viewer-q015b315\" class=\"-Zro6 -ZADH vVfzz AnCKd _57WYp\"><span class=\"d0767 vVfzz\">Por su parte, Takenobu Kanazawa, CEO del Grupo Kurabe, mencion\u00f3 que tras dos a\u00f1os de construcci\u00f3n en el Parque Industrial de San Francisco de los Romo IV, hoy inicia operaciones formales esta f\u00e1brica que se dedica a la producci\u00f3n de calefactores para volantes y asientos, entre otros aditamentos para la industria automotriz.<\/span><\/p>\n<div id=\"viewer-8cxxv342\" class=\"-Zro6 -ZADH vVfzz _57WYp\"><span class=\"d0767 vVfzz\">\u00a0<\/span><\/div>\n<p id=\"viewer-41acz317\" class=\"-Zro6 -ZADH vVfzz AnCKd _57WYp\"><span class=\"d0767 vVfzz\">Coment\u00f3 que las ventajas competitivas que ofrece Aguascalientes fueron factor decisivo para establecer en esta entidad su primer centro de producci\u00f3n fuera de Asia; inform\u00f3 que Kurabe genera ventas anuales por m\u00e1s de 280 millones de d\u00f3lares y da empleo a cerca de 4 mil 500 personas en sus diez plantas distribuidas en Jap\u00f3n, Vietnam y China.<\/span><\/p>\n<div id=\"viewer-a6oa3319\" class=\"-Zro6 -ZADH IjV6v _57WYp\"><span class=\"d0767\">\u00a0<\/span><\/div>\n<p id=\"viewer-jbsjg320\" class=\"-Zro6 -ZADH vVfzz AnCKd _57WYp\"><span class=\"d0767 vVfzz\">Por su parte, Manuel Alejandro Gonz\u00e1lez Mart\u00ednez, secretario de Desarrollo Econ\u00f3mico, Ciencia y Tecnolog\u00eda, indic\u00f3 que gracias al establecimiento de empresas como Kurabe en Aguascalientes, hoy el estado se posiciona entre los de mayor atracci\u00f3n de inversi\u00f3n extranjera directa en el pa\u00eds.<\/span><\/p>\n<div id=\"viewer-db1sc322\" class=\"-Zro6 -ZADH IjV6v _57WYp\"><span class=\"d0767\">\u00a0<\/span><\/div>\n<p id=\"viewer-msjly323\" class=\"-Zro6 -ZADH vVfzz AnCKd _57WYp\"><span class=\"d0767 vVfzz\">Asimismo, destac\u00f3 que gracias a esto, aunado a los esfuerzos del empresariado local, de enero a octubre de este a\u00f1o se cre\u00f3 una cifra r\u00e9cord de 17 mil 640 nuevos empleos formales en la entidad.<\/span><\/p>\n<div id=\"viewer-8boa3325\" class=\"-Zro6 -ZADH IjV6v _57WYp\"><span class=\"d0767\">\u00a0<\/span><\/div>\n<p id=\"viewer-vf2ak326\" class=\"-Zro6 -ZADH vVfzz AnCKd _57WYp\"><span class=\"d0767 vVfzz\">Por \u00faltimo, Margarita Gallegos Soto, presidenta municipal de San Francisco de los Romo, sostuvo que el establecimiento de empresas como la que hoy se inaugur\u00f3 en su municipio, contribuyen a mejorar la calidad de vida de sus habitantes; de igual forma, reconoci\u00f3 la labor y las gestiones de la gobernadora Tere Jim\u00e9nez para atraer nuevas inversiones a la entidad; \u201cgracias a ello, hoy San Pancho es un importante polo de oportunidades para las inversiones\u201d, concluy\u00f3.<\/span><\/p>\n<div id=\"viewer-zhljd328\" class=\"-Zro6 -ZADH IjV6v _57WYp\"><span class=\"d0767\">\u00a0<\/span><\/div>\n<p id=\"viewer-6yput329\" class=\"-Zro6 -ZADH vVfzz AnCKd _57WYp\"><span class=\"d0767 vVfzz\">En el evento inaugural tambi\u00e9n estuvieron presentes Masanori Suwabe, presidente de Kurabe M\u00e9xico; Kengo Tanabe, presidente de Kurabe Am\u00e9rica; Masayuki Suzuki, vicepresidente de Kurabe M\u00e9xico.<\/span><\/p>\n<div id=\"viewer-3kket331\" class=\"-Zro6 -ZADH IjV6v _57WYp\"><\/div>\n<p>&nbsp;<\/p>\n","protected":false},"excerpt":{"rendered":"<p>#novaradioaguascalientes #informativoelvalledeaguascalientes #informativoelvalledeaguascalientesll #ElGigantedeMexico &nbsp; &nbsp; Es la primera planta de Kurabe en el continente americano Generar\u00e1 400 nuevos empleos en una primera fase\u00a0 No les vamos a fallar. Aqu\u00ed encontrar\u00e1n un territorio f\u00e9rtil para seguir ampliando la amistad que une a Jap\u00f3n y Aguascalientes: Tere Jim\u00e9nez \u00a0 Con una inversi\u00f3n japonesa de 14 millones [&hellip;]<\/p>\n","protected":false},"author":1,"featured_media":51003,"comment_status":"closed","ping_status":"open","sticky":false,"template":"","format":"standard","meta":{"advanced_seo_description":"","jetpack_seo_html_title":"","jetpack_seo_noindex":false,"_jetpack_memberships_contains_paid_content":false,"footnotes":"","jetpack_publicize_message":"","jetpack_publicize_feature_enabled":true,"jetpack_social_post_already_shared":true,"jetpack_social_options":{"image_generator_settings":{"template":"highway","default_image_id":0,"font":"","enabled":false},"version":2}},"categories":[21,4],"tags":[22,615,320],"class_list":["post-51002","post","type-post","status-publish","format-standard","has-post-thumbnail","hentry","category-aguascalientes","category-gobierno-del-estado-aguascalientes","tag-aguascalientes","tag-gobierno-del-estado-de-aguascalientes","tag-tere-jimenez"],"jetpack_publicize_connections":[],"jetpack_featured_media_url":"https:\/\/i0.wp.com\/informativoelvalledeaguascalientes.online\/wp-content\/uploads\/2023\/11\/KURABE-1.jpg?fit=1440%2C960&ssl=1","jetpack-related-posts":[],"jetpack_sharing_enabled":true,"jetpack_likes_enabled":true,"_links":{"self":[{"href":"https:\/\/informativoelvalledeaguascalientes.online\/index.php?rest_route=\/wp\/v2\/posts\/51002","targetHints":{"allow":["GET"]}}],"collection":[{"href":"https:\/\/informativoelvalledeaguascalientes.online\/index.php?rest_route=\/wp\/v2\/posts"}],"about":[{"href":"https:\/\/informativoelvalledeaguascalientes.online\/index.php?rest_route=\/wp\/v2\/types\/post"}],"author":[{"embeddable":true,"href":"https:\/\/informativoelvalledeaguascalientes.online\/index.php?rest_route=\/wp\/v2\/users\/1"}],"replies":[{"embeddable":true,"href":"https:\/\/informativoelvalledeaguascalientes.online\/index.php?rest_route=%2Fwp%2Fv2%2Fcomments&post=51002"}],"version-history":[{"count":1,"href":"https:\/\/informativoelvalledeaguascalientes.online\/index.php?rest_route=\/wp\/v2\/posts\/51002\/revisions"}],"predecessor-version":[{"id":51004,"href":"https:\/\/informativoelvalledeaguascalientes.online\/index.php?rest_route=\/wp\/v2\/posts\/51002\/revisions\/51004"}],"wp:featuredmedia":[{"embeddable":true,"href":"https:\/\/informativoelvalledeaguascalientes.online\/index.php?rest_route=\/wp\/v2\/media\/51003"}],"wp:attachment":[{"href":"https:\/\/informativoelvalledeaguascalientes.online\/index.php?rest_route=%2Fwp%2Fv2%2Fmedia&parent=51002"}],"wp:term":[{"taxonomy":"category","embeddable":true,"href":"https:\/\/informativoelvalledeaguascalientes.online\/index.php?rest_route=%2Fwp%2Fv2%2Fcategories&post=51002"},{"taxonomy":"post_tag","embeddable":true,"href":"https:\/\/informativoelvalledeaguascalientes.online\/index.php?rest_route=%2Fwp%2Fv2%2Ftags&post=51002"}],"curies":[{"name":"wp","href":"https:\/\/api.w.org\/{rel}","templated":true}]}}