{"id":50999,"date":"2023-11-29T16:44:13","date_gmt":"2023-11-29T22:44:13","guid":{"rendered":"https:\/\/informativoelvalledeaguascalientes.online\/?p=50999"},"modified":"2023-11-29T16:44:13","modified_gmt":"2023-11-29T22:44:13","slug":"invita-el-dif-estatal-al-tradicional-bazar-navideno","status":"publish","type":"post","link":"https:\/\/informativoelvalledeaguascalientes.online\/?p=50999","title":{"rendered":"INVITA EL DIF ESTATAL AL TRADICIONAL BAZAR NAVIDE\u00d1O"},"content":{"rendered":"<p>#novaradioaguascalientes<\/p>\n<p>#informativoelvalledeaguascalientes<\/p>\n<p>#informativoelvalledeaguascalientesll<\/p>\n<p>#ElGigantedeMexico<\/p>\n<p>&nbsp;<\/p>\n<p>&nbsp;<\/p>\n<ul class=\"xErDo AnCKd\">\n<li class=\"_04hd2 IjV6v\" dir=\"auto\">\n<div>\n<p id=\"viewer-qj0xu108\" class=\"-Zro6 -ZADH IjV6v AnCKd _57WYp\"><span class=\"d0767\"><strong><em>Se realizar\u00e1 del 29 de noviembre al 3 de diciembre en el Casino de la Feria<\/em><\/strong><\/span><\/p>\n<\/div>\n<\/li>\n<li class=\"_04hd2 IjV6v\" dir=\"auto\">\n<div>\n<p id=\"viewer-iw6hn111\" class=\"-Zro6 -ZADH IjV6v AnCKd _57WYp\"><span class=\"d0767\"><strong><em>El objetivo es impulsar las ventas de los comerciantes del estado<\/em><\/strong><\/span><\/p>\n<\/div>\n<\/li>\n<\/ul>\n<div id=\"viewer-ldrgy113\" class=\"-Zro6 -ZADH vVfzz _57WYp\"><span class=\"d0767 vVfzz\">\u00a0<\/span><\/div>\n<p id=\"viewer-4bpm3114\" class=\"-Zro6 -ZADH vVfzz AnCKd _57WYp\"><span class=\"d0767 vVfzz\">El DIF Estatal invita a la ciudadan\u00eda al tradicional Bazar Navide\u00f1o que se realizar\u00e1 del 29 de noviembre al 3 de diciembre en el Casino de la Feria, con la participaci\u00f3n de una veintena de comerciantes que vender\u00e1n productos de temporada a precios accesibles.<\/span><\/p>\n<div id=\"viewer-9u5fy144\" class=\"-Zro6 -ZADH vVfzz _57WYp\"><span class=\"d0767 vVfzz\">\u00a0<\/span><\/div>\n<p id=\"viewer-vr2tl116\" class=\"-Zro6 -ZADH vVfzz AnCKd _57WYp\"><span class=\"d0767 vVfzz\">Los asistentes podr\u00e1n encontrar envolturas para regalo, juguetes, pi\u00f1atas, plantas de nochebuenas, ropa de invierno, relojes y zapatos, entre una extensa variedad de art\u00edculos.<\/span><\/p>\n<div id=\"viewer-ta3mf153\" class=\"-Zro6 -ZADH vVfzz _57WYp\"><span class=\"d0767 vVfzz\">\u00a0<\/span><\/div>\n<p id=\"viewer-4sttc118\" class=\"-Zro6 -ZADH vVfzz AnCKd _57WYp\"><span class=\"d0767 vVfzz\">Aurora Jim\u00e9nez Esquivel, presidenta del DIF Estatal, detall\u00f3 que el bazar tendr\u00e1 como sede el sal\u00f3n \u201cBarrio de la Estaci\u00f3n\u201d del Casino de la Feria Nacional de San Marcos, del mi\u00e9rcoles al domingo de la presente semana en un horario de 10:00 a 20:00 horas.<\/span><\/p>\n<div id=\"viewer-cuyc2162\" class=\"-Zro6 -ZADH vVfzz _57WYp\"><span class=\"d0767 vVfzz\">\u00a0<\/span><\/div>\n<p id=\"viewer-8u2pd120\" class=\"-Zro6 -ZADH vVfzz AnCKd _57WYp\"><span class=\"d0767 vVfzz\">Record\u00f3 que para la gobernadora Tere Jim\u00e9nez es de suma importancia apoyar al comercio local en esta temporada decembrina que es de alta demanda, a fin de incrementar sus ventas y favorecer as\u00ed su econom\u00eda.<\/span><\/p>\n<div id=\"viewer-mi7cl171\" class=\"-Zro6 -ZADH vVfzz _57WYp\"><span class=\"d0767 vVfzz\">\u00a0<\/span><\/div>\n<p id=\"viewer-l0f5i122\" class=\"-Zro6 -ZADH vVfzz AnCKd _57WYp\"><span class=\"d0767 vVfzz\">Finalmente, Aurora Jim\u00e9nez invit\u00f3 a las y los aguascalentenses a que acudan a este bazar donde podr\u00e1n conseguir obsequios para la temporada navide\u00f1a; adem\u00e1s hizo un llamado a que consuman la gran variedad de productos que ofrecen los comerciantes locales.\u00a0\u00a0<\/span><\/p>\n","protected":false},"excerpt":{"rendered":"<p>#novaradioaguascalientes #informativoelvalledeaguascalientes #informativoelvalledeaguascalientesll #ElGigantedeMexico &nbsp; &nbsp; Se realizar\u00e1 del 29 de noviembre al 3 de diciembre en el Casino de la Feria El objetivo es impulsar las ventas de los comerciantes del estado \u00a0 El DIF Estatal invita a la ciudadan\u00eda al tradicional Bazar Navide\u00f1o que se realizar\u00e1 del 29 de noviembre al 3 de [&hellip;]<\/p>\n","protected":false},"author":1,"featured_media":51000,"comment_status":"closed","ping_status":"open","sticky":false,"template":"","format":"standard","meta":{"advanced_seo_description":"","jetpack_seo_html_title":"","jetpack_seo_noindex":false,"_jetpack_memberships_contains_paid_content":false,"footnotes":"","jetpack_publicize_message":"","jetpack_publicize_feature_enabled":true,"jetpack_social_post_already_shared":true,"jetpack_social_options":{"image_generator_settings":{"template":"highway","default_image_id":0,"font":"","enabled":false},"version":2}},"categories":[21,4],"tags":[22,615,39],"class_list":["post-50999","post","type-post","status-publish","format-standard","has-post-thumbnail","hentry","category-aguascalientes","category-gobierno-del-estado-aguascalientes","tag-aguascalientes","tag-gobierno-del-estado-de-aguascalientes","tag-iea"],"jetpack_publicize_connections":[],"jetpack_featured_media_url":"https:\/\/i0.wp.com\/informativoelvalledeaguascalientes.online\/wp-content\/uploads\/2023\/11\/WhatsApp-Image-2023-11-28-at-9.15.33-AM.jpeg?fit=1355%2C1355&ssl=1","jetpack-related-posts":[],"jetpack_sharing_enabled":true,"jetpack_likes_enabled":true,"_links":{"self":[{"href":"https:\/\/informativoelvalledeaguascalientes.online\/index.php?rest_route=\/wp\/v2\/posts\/50999","targetHints":{"allow":["GET"]}}],"collection":[{"href":"https:\/\/informativoelvalledeaguascalientes.online\/index.php?rest_route=\/wp\/v2\/posts"}],"about":[{"href":"https:\/\/informativoelvalledeaguascalientes.online\/index.php?rest_route=\/wp\/v2\/types\/post"}],"author":[{"embeddable":true,"href":"https:\/\/informativoelvalledeaguascalientes.online\/index.php?rest_route=\/wp\/v2\/users\/1"}],"replies":[{"embeddable":true,"href":"https:\/\/informativoelvalledeaguascalientes.online\/index.php?rest_route=%2Fwp%2Fv2%2Fcomments&post=50999"}],"version-history":[{"count":1,"href":"https:\/\/informativoelvalledeaguascalientes.online\/index.php?rest_route=\/wp\/v2\/posts\/50999\/revisions"}],"predecessor-version":[{"id":51001,"href":"https:\/\/informativoelvalledeaguascalientes.online\/index.php?rest_route=\/wp\/v2\/posts\/50999\/revisions\/51001"}],"wp:featuredmedia":[{"embeddable":true,"href":"https:\/\/informativoelvalledeaguascalientes.online\/index.php?rest_route=\/wp\/v2\/media\/51000"}],"wp:attachment":[{"href":"https:\/\/informativoelvalledeaguascalientes.online\/index.php?rest_route=%2Fwp%2Fv2%2Fmedia&parent=50999"}],"wp:term":[{"taxonomy":"category","embeddable":true,"href":"https:\/\/informativoelvalledeaguascalientes.online\/index.php?rest_route=%2Fwp%2Fv2%2Fcategories&post=50999"},{"taxonomy":"post_tag","embeddable":true,"href":"https:\/\/informativoelvalledeaguascalientes.online\/index.php?rest_route=%2Fwp%2Fv2%2Ftags&post=50999"}],"curies":[{"name":"wp","href":"https:\/\/api.w.org\/{rel}","templated":true}]}}