{"id":50996,"date":"2023-11-29T16:33:26","date_gmt":"2023-11-29T22:33:26","guid":{"rendered":"https:\/\/informativoelvalledeaguascalientes.online\/?p=50996"},"modified":"2023-11-29T16:33:26","modified_gmt":"2023-11-29T22:33:26","slug":"uaa-envia-10-toneladas-de-ayuda-a-damnificados-de-guerrero","status":"publish","type":"post","link":"https:\/\/informativoelvalledeaguascalientes.online\/?p=50996","title":{"rendered":"UAA env\u00eda 10 toneladas de ayuda a damnificados de Guerrero"},"content":{"rendered":"<p>#novaradioaguascalientes<\/p>\n<p>#informativoelvalledeaguascalientes<\/p>\n<p>#informativoelvalledeaguascalientesll<\/p>\n<p>&nbsp;<\/p>\n<p>&nbsp;<\/p>\n<p>\u25cf En coordinaci\u00f3n con la ANUIES se enviaron los v\u00edveres reunidos en el centro de acopio de la m\u00e1xima casa de estudios del estado.<\/p>\n<p>\u25cf La ayuda humanitaria llegar\u00e1 a la Universidad de Guerrero desde donde se encargar\u00e1n de distribuirla a quienes m\u00e1s lo necesitan.<\/p>\n<p>La Universidad Aut\u00f3noma de Aguascalientes envi\u00f3 10 toneladas de v\u00edveres a los damnificados del hurac\u00e1n \u201cOtis\u201d que hace algunas semanas golpe\u00f3 las costas de Guerrero.<\/p>\n<p>Seg\u00fan explic\u00f3 el director general de Difusi\u00f3n y Vinculaci\u00f3n, Dr. Ismael Manuel Rodr\u00edguez Herrera, despu\u00e9s de que se registr\u00f3 el fen\u00f3meno meteorol\u00f3gico, la rectora de la UAA, Dra. Sandra Yesenia Pinz\u00f3n Castro, gir\u00f3 instrucciones para habilitar en esta casa de estudios un centro de acopio en favor de quienes se vieron afectados.<\/p>\n<p>En ese tenor, el dep\u00f3sito qued\u00f3 abierto para recibir ayuda de la comunidad universitaria y sociedad en general, logrando reunir una importante cantidad de alimentos no perecederos, agua embotellada, semillas, as\u00ed como art\u00edculos de higiene personal.<\/p>\n<p>Adem\u00e1s, en coordinaci\u00f3n con la Asociaci\u00f3n Nacional de Universidades e Instituciones de Educaci\u00f3n Superior (ANUIES) se organiz\u00f3 la log\u00edstica para el traslado del apoyo. Una parte del recurso para costear el transporte contratado fue aportado por la Asociaci\u00f3n.<\/p>\n<p>De igual manera, se cont\u00f3 con la suma de voluntades de las empresas: Transporte de carga Grupo MYM S.A. de C.V., que dio precio preferencial en el env\u00edo de la carga; Maderas y Tarimas de Aguascalientes, quienes donaron 20 tarimas; as\u00ed como las compa\u00f1\u00edas IMA Solutions &amp; Rigging S.A. de C.V.; OZMAQ, Montacargas, Plataformas y Demolici\u00f3n; y MONTAGSA, quienes apoyaron con el pr\u00e9stamo de montacargas.<\/p>\n<p>Cabe hacer menci\u00f3n que la ayuda ser\u00e1 recibida en la Universidad de Guerrero, quienes se encargar\u00e1n de entregar a la sociedad los apoyos, brindando la certeza de que ser\u00e1n distribuidos de manera responsable.<\/p>\n","protected":false},"excerpt":{"rendered":"<p>#novaradioaguascalientes #informativoelvalledeaguascalientes #informativoelvalledeaguascalientesll &nbsp; &nbsp; \u25cf En coordinaci\u00f3n con la ANUIES se enviaron los v\u00edveres reunidos en el centro de acopio de la m\u00e1xima casa de estudios del estado. \u25cf La ayuda humanitaria llegar\u00e1 a la Universidad de Guerrero desde donde se encargar\u00e1n de distribuirla a quienes m\u00e1s lo necesitan. La Universidad Aut\u00f3noma de Aguascalientes [&hellip;]<\/p>\n","protected":false},"author":1,"featured_media":50997,"comment_status":"closed","ping_status":"open","sticky":false,"template":"","format":"standard","meta":{"advanced_seo_description":"","jetpack_seo_html_title":"","jetpack_seo_noindex":false,"_jetpack_memberships_contains_paid_content":false,"footnotes":"","jetpack_publicize_message":"","jetpack_publicize_feature_enabled":true,"jetpack_social_post_already_shared":true,"jetpack_social_options":{"image_generator_settings":{"template":"highway","default_image_id":0,"font":"","enabled":false},"version":2}},"categories":[21,629],"tags":[22,142],"class_list":["post-50996","post","type-post","status-publish","format-standard","has-post-thumbnail","hentry","category-aguascalientes","category-universidad-autonoma-de-aguascalientes","tag-aguascalientes","tag-uaa"],"jetpack_publicize_connections":[],"jetpack_featured_media_url":"https:\/\/i0.wp.com\/informativoelvalledeaguascalientes.online\/wp-content\/uploads\/2023\/11\/uaa-apoyo-scaled.jpg?fit=2560%2C1176&ssl=1","jetpack-related-posts":[],"jetpack_sharing_enabled":true,"jetpack_likes_enabled":true,"_links":{"self":[{"href":"https:\/\/informativoelvalledeaguascalientes.online\/index.php?rest_route=\/wp\/v2\/posts\/50996","targetHints":{"allow":["GET"]}}],"collection":[{"href":"https:\/\/informativoelvalledeaguascalientes.online\/index.php?rest_route=\/wp\/v2\/posts"}],"about":[{"href":"https:\/\/informativoelvalledeaguascalientes.online\/index.php?rest_route=\/wp\/v2\/types\/post"}],"author":[{"embeddable":true,"href":"https:\/\/informativoelvalledeaguascalientes.online\/index.php?rest_route=\/wp\/v2\/users\/1"}],"replies":[{"embeddable":true,"href":"https:\/\/informativoelvalledeaguascalientes.online\/index.php?rest_route=%2Fwp%2Fv2%2Fcomments&post=50996"}],"version-history":[{"count":1,"href":"https:\/\/informativoelvalledeaguascalientes.online\/index.php?rest_route=\/wp\/v2\/posts\/50996\/revisions"}],"predecessor-version":[{"id":50998,"href":"https:\/\/informativoelvalledeaguascalientes.online\/index.php?rest_route=\/wp\/v2\/posts\/50996\/revisions\/50998"}],"wp:featuredmedia":[{"embeddable":true,"href":"https:\/\/informativoelvalledeaguascalientes.online\/index.php?rest_route=\/wp\/v2\/media\/50997"}],"wp:attachment":[{"href":"https:\/\/informativoelvalledeaguascalientes.online\/index.php?rest_route=%2Fwp%2Fv2%2Fmedia&parent=50996"}],"wp:term":[{"taxonomy":"category","embeddable":true,"href":"https:\/\/informativoelvalledeaguascalientes.online\/index.php?rest_route=%2Fwp%2Fv2%2Fcategories&post=50996"},{"taxonomy":"post_tag","embeddable":true,"href":"https:\/\/informativoelvalledeaguascalientes.online\/index.php?rest_route=%2Fwp%2Fv2%2Ftags&post=50996"}],"curies":[{"name":"wp","href":"https:\/\/api.w.org\/{rel}","templated":true}]}}