{"id":50753,"date":"2023-11-21T21:46:47","date_gmt":"2023-11-22T03:46:47","guid":{"rendered":"https:\/\/informativoelvalledeaguascalientes.online\/?p=50753"},"modified":"2023-11-21T21:46:47","modified_gmt":"2023-11-22T03:46:47","slug":"cultura-arte-y-espectaculos-de-primer-nivel-del-8-al-17-de-diciembre-en-la-feria-nacional-de-la-guayaba-2023","status":"publish","type":"post","link":"https:\/\/informativoelvalledeaguascalientes.online\/?p=50753","title":{"rendered":"CULTURA, ARTE Y ESPECT\u00c1CULOS DE PRIMER NIVEL DEL 8 AL 17 DE DICIEMBRE EN LA FERIA NACIONAL DE LA GUAYABA 2023"},"content":{"rendered":"<p><strong><a href=\"https:\/\/www.facebook.com\/hashtag\/informativoelvalledeaguascalientes\">#informativoelvalledeaguascalientes<\/a><\/strong><\/p>\n<p><strong><a href=\"https:\/\/www.facebook.com\/hashtag\/novaradioaguascalientes\">#novaradioaguascalientes<\/a><\/strong><\/p>\n<p>&nbsp;<\/p>\n<p>\u2022 Aleks Syntek, Pesado, Inspector, Los Acosta, Sa\u00fal \u201cEl Jaguar\u201d, Los Felinos, entre otros, conforman el elenco estelar del Teatro del Pueblo<br \/>\n\u2022 El cartel taurino est\u00e1 integrado por el rejoneador espa\u00f1ol Guillermo Hermoso de Mendoza y los toreros Uriel Moreno \u201cEl Zapata\u201d y Juan Pablo S\u00e1nchez<br \/>\n\u2022 Se espera que la verbena reciba 200 mil visitantes y una derrama econ\u00f3mica de 135 millones de pesos<\/p>\n<p>Del 8 al 17 de diciembre, el Pueblo M\u00e1gico de Calvillo ofrecer\u00e1 cultura, arte, gastronom\u00eda, tradiciones, competencias deportivas y espect\u00e1culos de primer nivel durante la Feria Nacional de la Guayaba (FNG) en su edici\u00f3n 2023, proyect\u00e1ndose una recepci\u00f3n de 200 mil visitantes y una derrama econ\u00f3mica de 135 millones de pesos, as\u00ed lo anunci\u00f3 en conferencia de prensa el presidente municipal, Daniel Romo Urrutia, al presentar el programa general de dicha verbena.<\/p>\n<p>Romo Urrutia se\u00f1al\u00f3 que Calvillo posee la infraestructura necesaria para recibir a los miles de visitantes que cada a\u00f1o acuden a esta festividad, debido a la hospitalidad y calidez de los calvillenses, aunado a la calidad que ofrecen los sectores tur\u00edstico y de servicios.<\/p>\n<p>El primer edil calvillense, resalt\u00f3 que el atractivo programa general conformado por una variedad de actividades, el 97 por ciento de ellas gratuitas, para toda la familia, mantiene a la FNG como una de las ferias m\u00e1s importantes de la regi\u00f3n.<\/p>\n<p>El elenco estelar que se presentar\u00e1 en el Teatro del Pueblo cada noche, a las 21 horas, inicia el 9 de diciembre con Chuy Liz\u00e1rraga; el 10 de diciembre, Los Acosta; el 11 de diciembre, Ang\u00e9lica Gallegos; el 12 de diciembre, Pesado; el 13 de diciembre ser\u00e1 un artista sorpresa, cuya identidad ser\u00e1 revelada en los pr\u00f3ximos d\u00edas; el 14 de diciembre, Los Felinos; el 15 de diciembre, Sa\u00fal \u201cEl Jaguar\u201d; el 16 de diciembre, Inspector; y para cerrar, el 17 de diciembre se presenta Aleks Syntek.<\/p>\n<p>Rub\u00e9n L\u00f3pez, representante de la empresa taurina encargada de la Corrida Guadalupana de la FNG, que tendr\u00e1 fecha y lugar el 12 de diciembre en el Lienzo Charro \u201cMariano Ramos\u201d, anunci\u00f3 que posee un cartel de altura y talla internacional, integrado por el rejoneador espa\u00f1ol Guillermo Hermoso de Mendoza y los toreros mexicanos Uriel Moreno \u201cEl Zapata\u201d y Juan Pablo S\u00e1nchez.<\/p>\n<p>La secretaria de Gobernaci\u00f3n y del Ayuntamiento de Calvillo, Cynthia Yolanda Olague Mart\u00ednez, inform\u00f3 que en el foro cultural, se presentar\u00e1n el grupo de danza espa\u00f1ola Triana; la Big Band Universitaria; la obra \u201cLa Leyenda de la Princesa Nimbe\u201d de la compa\u00f1\u00eda Sue\u00f1o Azul Teatro; la agrupaci\u00f3n Semilla del Tiempo, agrupaci\u00f3n musical de m\u00fasica prehisp\u00e1nica, que fusiona instrumentos antiguos y de manufactura moderna; el concurso de cortometrajes \u201cCalvillo en Corto\u201d, entre otras actividades culturales.<\/p>\n<p>La funcionaria municipal agreg\u00f3 que se realizar\u00e1n la Expo Agroindustrial, el Concurso de la Calidad de la Guayaba, la Exposici\u00f3n Ganadera y el Reconocimiento al Migrante Ejemplar, como parte del programa ferial para fomentar el desarrollo econ\u00f3mico del municipio.<\/p>\n<p>Finalmente, el director del Instituto del Deporte de Calvillo, Juan Antonio Rodr\u00edguez Hern\u00e1ndez, present\u00f3 el programa deportivo, destacando la Rodada de la Guayaba 2023, la 15\u00aa Copa de V\u00f3leibol Calvillo, una Charreada de Gala, as\u00ed como competencias de b\u00e1squetbol y f\u00fatbol en ramas varonil y femenil, adem\u00e1s de cuadrangulares de B\u00e9isbol y Frontenis.<\/p>\n<p>El programa completo de la FNG 2023, se puede consultar en las redes sociales de turismo, Yo Amo Calvillo, y en la del gobierno municipal, Municipio de Calvillo<\/p>\n<p><img data-recalc-dims=\"1\" loading=\"lazy\" decoding=\"async\" class=\"alignnone wp-image-50755 size-full\" src=\"https:\/\/i0.wp.com\/informativoelvalledeaguascalientes.online\/wp-content\/uploads\/2023\/11\/04e146de-127e-4cff-a65c-235ca8909ba5.jpeg?resize=640%2C426&#038;ssl=1\" alt=\"\" width=\"640\" height=\"426\" srcset=\"https:\/\/i0.wp.com\/informativoelvalledeaguascalientes.online\/wp-content\/uploads\/2023\/11\/04e146de-127e-4cff-a65c-235ca8909ba5.jpeg?w=1600&amp;ssl=1 1600w, https:\/\/i0.wp.com\/informativoelvalledeaguascalientes.online\/wp-content\/uploads\/2023\/11\/04e146de-127e-4cff-a65c-235ca8909ba5.jpeg?resize=300%2C200&amp;ssl=1 300w, https:\/\/i0.wp.com\/informativoelvalledeaguascalientes.online\/wp-content\/uploads\/2023\/11\/04e146de-127e-4cff-a65c-235ca8909ba5.jpeg?resize=1024%2C682&amp;ssl=1 1024w, https:\/\/i0.wp.com\/informativoelvalledeaguascalientes.online\/wp-content\/uploads\/2023\/11\/04e146de-127e-4cff-a65c-235ca8909ba5.jpeg?resize=768%2C512&amp;ssl=1 768w, https:\/\/i0.wp.com\/informativoelvalledeaguascalientes.online\/wp-content\/uploads\/2023\/11\/04e146de-127e-4cff-a65c-235ca8909ba5.jpeg?resize=1536%2C1023&amp;ssl=1 1536w, https:\/\/i0.wp.com\/informativoelvalledeaguascalientes.online\/wp-content\/uploads\/2023\/11\/04e146de-127e-4cff-a65c-235ca8909ba5.jpeg?w=1280&amp;ssl=1 1280w\" sizes=\"auto, (max-width: 640px) 100vw, 640px\" \/><\/p>\n","protected":false},"excerpt":{"rendered":"<p>#informativoelvalledeaguascalientes #novaradioaguascalientes &nbsp; \u2022 Aleks Syntek, Pesado, Inspector, Los Acosta, Sa\u00fal \u201cEl Jaguar\u201d, Los Felinos, entre otros, conforman el elenco estelar del Teatro del Pueblo \u2022 El cartel taurino est\u00e1 integrado por el rejoneador espa\u00f1ol Guillermo Hermoso de Mendoza y los toreros Uriel Moreno \u201cEl Zapata\u201d y Juan Pablo S\u00e1nchez \u2022 Se espera que la [&hellip;]<\/p>\n","protected":false},"author":1,"featured_media":50754,"comment_status":"closed","ping_status":"open","sticky":false,"template":"","format":"standard","meta":{"advanced_seo_description":"","jetpack_seo_html_title":"","jetpack_seo_noindex":false,"_jetpack_memberships_contains_paid_content":false,"footnotes":"","jetpack_publicize_message":"","jetpack_publicize_feature_enabled":true,"jetpack_social_post_already_shared":true,"jetpack_social_options":{"image_generator_settings":{"template":"highway","default_image_id":0,"font":"","enabled":false},"version":2}},"categories":[21,13],"tags":[22,88,29],"class_list":["post-50753","post","type-post","status-publish","format-standard","has-post-thumbnail","hentry","category-aguascalientes","category-calvillo-aguascalientes","tag-aguascalientes","tag-calvillo","tag-calvillo-aguascalientes"],"jetpack_publicize_connections":[],"jetpack_featured_media_url":"https:\/\/i0.wp.com\/informativoelvalledeaguascalientes.online\/wp-content\/uploads\/2023\/11\/28b362cf-f63b-4616-8615-f8143dd69a92.jpeg?fit=1600%2C1066&ssl=1","jetpack-related-posts":[],"jetpack_sharing_enabled":true,"jetpack_likes_enabled":true,"_links":{"self":[{"href":"https:\/\/informativoelvalledeaguascalientes.online\/index.php?rest_route=\/wp\/v2\/posts\/50753","targetHints":{"allow":["GET"]}}],"collection":[{"href":"https:\/\/informativoelvalledeaguascalientes.online\/index.php?rest_route=\/wp\/v2\/posts"}],"about":[{"href":"https:\/\/informativoelvalledeaguascalientes.online\/index.php?rest_route=\/wp\/v2\/types\/post"}],"author":[{"embeddable":true,"href":"https:\/\/informativoelvalledeaguascalientes.online\/index.php?rest_route=\/wp\/v2\/users\/1"}],"replies":[{"embeddable":true,"href":"https:\/\/informativoelvalledeaguascalientes.online\/index.php?rest_route=%2Fwp%2Fv2%2Fcomments&post=50753"}],"version-history":[{"count":1,"href":"https:\/\/informativoelvalledeaguascalientes.online\/index.php?rest_route=\/wp\/v2\/posts\/50753\/revisions"}],"predecessor-version":[{"id":50757,"href":"https:\/\/informativoelvalledeaguascalientes.online\/index.php?rest_route=\/wp\/v2\/posts\/50753\/revisions\/50757"}],"wp:featuredmedia":[{"embeddable":true,"href":"https:\/\/informativoelvalledeaguascalientes.online\/index.php?rest_route=\/wp\/v2\/media\/50754"}],"wp:attachment":[{"href":"https:\/\/informativoelvalledeaguascalientes.online\/index.php?rest_route=%2Fwp%2Fv2%2Fmedia&parent=50753"}],"wp:term":[{"taxonomy":"category","embeddable":true,"href":"https:\/\/informativoelvalledeaguascalientes.online\/index.php?rest_route=%2Fwp%2Fv2%2Fcategories&post=50753"},{"taxonomy":"post_tag","embeddable":true,"href":"https:\/\/informativoelvalledeaguascalientes.online\/index.php?rest_route=%2Fwp%2Fv2%2Ftags&post=50753"}],"curies":[{"name":"wp","href":"https:\/\/api.w.org\/{rel}","templated":true}]}}