{"id":50722,"date":"2023-11-20T21:44:42","date_gmt":"2023-11-21T03:44:42","guid":{"rendered":"https:\/\/informativoelvalledeaguascalientes.online\/?p=50722"},"modified":"2023-11-20T21:44:42","modified_gmt":"2023-11-21T03:44:42","slug":"encabezo-tere-jimenez-el-desfile-por-el-113-aniversario-de-la-revolucion-mexicana","status":"publish","type":"post","link":"https:\/\/informativoelvalledeaguascalientes.online\/?p=50722","title":{"rendered":"ENCABEZ\u00d3 TERE JIM\u00c9NEZ EL DESFILE POR EL 113 ANIVERSARIO DE LA REVOLUCI\u00d3N MEXICANA"},"content":{"rendered":"<p>#novaradioaguascalientes<\/p>\n<p>#informativoelvalledeaguascalientes<\/p>\n<p>#informativoelvalledeaguascalientesll<\/p>\n<p>#ElGigantedeMexico<\/p>\n<p>&nbsp;<\/p>\n<div id=\"bgLayers_comp-l7sh9ubr2\" class=\"MW5IWV\" data-hook=\"bgLayers\"><\/div>\n<div class=\"\" data-mesh-id=\"comp-l7sh9ubr2inlineContent\" data-testid=\"inline-content\">\n<div data-mesh-id=\"comp-l7sh9ubr2inlineContent-gridContainer\" data-testid=\"mesh-container-content\">\n<div id=\"comp-l7yvxqo5\" class=\"MazNVa comp-l7yvxqo5 wixui-image rYiAuL\"><\/div>\n<div id=\"comp-l7sh9ubx\" class=\"TWFxr5 \">\n<div class=\"comp-l7sh9ubx\">\n<div class=\"siSdJK4 comp-l7sh9ubx\" data-hook=\"ricosviewer-wrapper\">\n<div class=\"U4I07\" dir=\"ltr\" data-id=\"content-viewer\">\n<div class=\"hl-xW\">\n<div>\n<p id=\"viewer-2wp0m134\" class=\"-Zro6 -ZADH vVfzz AnCKd _57WYp\"><span class=\"d0767 vVfzz\">La gobernadora de Aguascalientes, Tere Jim\u00e9nez, encabez\u00f3 el desfile c\u00edvico-deportivo en conmemoraci\u00f3n del 113 aniversario del inicio de la Revoluci\u00f3n mexicana, en el que participaron m\u00e1s de 4 mil personas, entre estudiantes, deportistas e integrantes de las fuerzas armadas y corporaciones policiacas.<\/span><\/p>\n<div id=\"viewer-pmt5l136\" class=\"-Zro6 -ZADH IjV6v _57WYp\"><span class=\"d0767\">\u00a0<\/span><\/div>\n<p id=\"viewer-l0ggq137\" class=\"-Zro6 -ZADH vVfzz AnCKd _57WYp\"><span class=\"d0767 vVfzz\">La marcha se desarroll\u00f3 en un ambiente festivo por las principales calles del centro de la ciudad capital, en donde se concentraron cientos de familias para disfrutar de este tradicional evento que recuerda el movimiento armado que permiti\u00f3 que hoy M\u00e9xico sea un pa\u00eds m\u00e1s justo y democr\u00e1tico.<\/span><\/p>\n<div id=\"viewer-3w4yr139\" class=\"-Zro6 -ZADH IjV6v _57WYp\"><span class=\"d0767\">\u00a0<\/span><\/div>\n<p id=\"viewer-tkcky140\" class=\"-Zro6 -ZADH vVfzz AnCKd _57WYp\"><span class=\"d0767 vVfzz\">Previamente, la gobernadora del estado encabez\u00f3 los honores a la Bandera en la Plaza Patria acompa\u00f1ada por autoridades civiles y militares, para luego trasladarse al templete oficial que se instal\u00f3 en la calle Moctezuma, desde donde presenci\u00f3 el paso de los contingentes.<\/span><\/p>\n<div id=\"viewer-980k5142\" class=\"-Zro6 -ZADH IjV6v _57WYp\"><span class=\"d0767\">\u00a0<\/span><\/div>\n<p id=\"viewer-xb1qw143\" class=\"-Zro6 -ZADH vVfzz AnCKd _57WYp\"><span class=\"d0767 vVfzz\">Estudiantes, deportistas, militares y polic\u00edas fueron quienes integraron las diferentes agrupaciones que conformaron la parada c\u00edvico-deportiva, como la del Instituto de Educaci\u00f3n de Aguascalientes, con m\u00e1s de mil alumnas y alumnos de educaci\u00f3n b\u00e1sica, media y superior; as\u00ed como la del Instituto del Deporte del Estado de Aguascalientes, con 2 mil integrantes de academias, asociaciones y clubes deportivos amateur y profesionales.<\/span><\/p>\n<div id=\"viewer-ynh2h145\" class=\"-Zro6 -ZADH IjV6v _57WYp\"><span class=\"d0767\">\u00a0<\/span><\/div>\n<p id=\"viewer-kcxdt146\" class=\"-Zro6 -ZADH vVfzz AnCKd _57WYp\"><span class=\"d0767 vVfzz\">Otro de los contingentes que se distingui\u00f3, fue el que estuvo compuesto por elementos del Ej\u00e9rcito mexicano, Guardia Nacional, Secretar\u00eda de Seguridad P\u00fablica del Municipio de Aguascalientes y estudiantes del Bachillerato Militarizado, quienes dieron muestra de los entrenamientos que a diario llevan a cabo para fortalecer sus destrezas en el desempe\u00f1o de sus labores.<\/span><\/p>\n<div id=\"viewer-q2hbd148\" class=\"-Zro6 -ZADH IjV6v _57WYp\"><span class=\"d0767\">\u00a0<\/span><\/div>\n<p id=\"viewer-rpsia149\" class=\"-Zro6 -ZADH vVfzz AnCKd _57WYp\"><span class=\"d0767 vVfzz\">En el trayecto que dur\u00f3 alrededor de tres horas, desde la calle 28 de Agosto hasta el cruce de la Av. Adolfo L\u00f3pez Mateos y la calle J. F. Elizondo, tambi\u00e9n participaron el Instituto Aguascalentense de la Juventud y asociaciones de charros y escaramuzas de la entidad.<\/span><\/p>\n<div id=\"viewer-m0o7x151\" class=\"-Zro6 -ZADH IjV6v _57WYp\"><span class=\"d0767\">\u00a0<\/span><\/div>\n<p id=\"viewer-dbcj0152\" class=\"-Zro6 -ZADH vVfzz AnCKd _57WYp\"><span class=\"d0767 vVfzz\">Con gran entusiasmo, las y los participantes dieron muestra de su talento con exhibiciones de las diferentes disciplinas deportivas, como basquetbol, atletismo, beisbol, futbol, gimnasia, voleibol, b\u00e1dminton, tenis, box, pentatl\u00f3n, ciclismo, tenis, pesca, triatl\u00f3n, nataci\u00f3n, ajedrez, lucha libre, tiro con arco, halterofilia, taekwondo, karate, charrer\u00eda, entre muchas otras.<\/span><\/p>\n<div id=\"viewer-apcd4154\" class=\"-Zro6 -ZADH IjV6v _57WYp\"><span class=\"d0767\">\u00a0<\/span><\/div>\n<p id=\"viewer-4d40c155\" class=\"-Zro6 -ZADH vVfzz AnCKd _57WYp\"><span class=\"d0767 vVfzz\">Durante el desarrollo del desfile, 300 alumnas de la Escuela Normal de Aguascalientes realizaron una serie de mosaicos frente al templete oficial, como la representaci\u00f3n del L\u00e1baro Patrio, personajes de la Revoluci\u00f3n mexicana, el logotipo del Gobierno del Estado, entre otros.<\/span><\/p>\n<div id=\"viewer-9ch25157\" class=\"-Zro6 -ZADH IjV6v _57WYp\"><span class=\"d0767\">\u00a0<\/span><\/div>\n<p id=\"viewer-5v5wz158\" class=\"-Zro6 -ZADH vVfzz AnCKd _57WYp\"><span class=\"d0767 vVfzz\">Cabe destacar que en todo momento se cont\u00f3 con la presencia de los cuerpos policiales y de emergencia, as\u00ed como de las autoridades de Protecci\u00f3n Civil, a fin de salvaguardar el orden y garantizar la seguridad de los asistentes, gracias a lo cual, al t\u00e9rmino del evento se registr\u00f3 un saldo blanco.<\/span><\/p>\n<\/div>\n<\/div>\n<\/div>\n<\/div>\n<\/div>\n<\/div>\n<\/div>\n<\/div>\n","protected":false},"excerpt":{"rendered":"<p>#novaradioaguascalientes #informativoelvalledeaguascalientes #informativoelvalledeaguascalientesll #ElGigantedeMexico &nbsp; La gobernadora de Aguascalientes, Tere Jim\u00e9nez, encabez\u00f3 el desfile c\u00edvico-deportivo en conmemoraci\u00f3n del 113 aniversario del inicio de la Revoluci\u00f3n mexicana, en el que participaron m\u00e1s de 4 mil personas, entre estudiantes, deportistas e integrantes de las fuerzas armadas y corporaciones policiacas. \u00a0 La marcha se desarroll\u00f3 en un ambiente [&hellip;]<\/p>\n","protected":false},"author":1,"featured_media":50723,"comment_status":"closed","ping_status":"open","sticky":false,"template":"","format":"standard","meta":{"advanced_seo_description":"","jetpack_seo_html_title":"","jetpack_seo_noindex":false,"_jetpack_memberships_contains_paid_content":false,"footnotes":"","jetpack_publicize_message":"","jetpack_publicize_feature_enabled":true,"jetpack_social_post_already_shared":true,"jetpack_social_options":{"image_generator_settings":{"template":"highway","default_image_id":0,"font":"","enabled":false},"version":2}},"categories":[21,4],"tags":[22,615,113,320],"class_list":["post-50722","post","type-post","status-publish","format-standard","has-post-thumbnail","hentry","category-aguascalientes","category-gobierno-del-estado-aguascalientes","tag-aguascalientes","tag-gobierno-del-estado-de-aguascalientes","tag-idea","tag-tere-jimenez"],"jetpack_publicize_connections":[],"jetpack_featured_media_url":"https:\/\/i0.wp.com\/informativoelvalledeaguascalientes.online\/wp-content\/uploads\/2023\/11\/gob-edo-desfile-20nov23.jpg?fit=780%2C520&ssl=1","jetpack-related-posts":[],"jetpack_sharing_enabled":true,"jetpack_likes_enabled":true,"_links":{"self":[{"href":"https:\/\/informativoelvalledeaguascalientes.online\/index.php?rest_route=\/wp\/v2\/posts\/50722","targetHints":{"allow":["GET"]}}],"collection":[{"href":"https:\/\/informativoelvalledeaguascalientes.online\/index.php?rest_route=\/wp\/v2\/posts"}],"about":[{"href":"https:\/\/informativoelvalledeaguascalientes.online\/index.php?rest_route=\/wp\/v2\/types\/post"}],"author":[{"embeddable":true,"href":"https:\/\/informativoelvalledeaguascalientes.online\/index.php?rest_route=\/wp\/v2\/users\/1"}],"replies":[{"embeddable":true,"href":"https:\/\/informativoelvalledeaguascalientes.online\/index.php?rest_route=%2Fwp%2Fv2%2Fcomments&post=50722"}],"version-history":[{"count":1,"href":"https:\/\/informativoelvalledeaguascalientes.online\/index.php?rest_route=\/wp\/v2\/posts\/50722\/revisions"}],"predecessor-version":[{"id":50724,"href":"https:\/\/informativoelvalledeaguascalientes.online\/index.php?rest_route=\/wp\/v2\/posts\/50722\/revisions\/50724"}],"wp:featuredmedia":[{"embeddable":true,"href":"https:\/\/informativoelvalledeaguascalientes.online\/index.php?rest_route=\/wp\/v2\/media\/50723"}],"wp:attachment":[{"href":"https:\/\/informativoelvalledeaguascalientes.online\/index.php?rest_route=%2Fwp%2Fv2%2Fmedia&parent=50722"}],"wp:term":[{"taxonomy":"category","embeddable":true,"href":"https:\/\/informativoelvalledeaguascalientes.online\/index.php?rest_route=%2Fwp%2Fv2%2Fcategories&post=50722"},{"taxonomy":"post_tag","embeddable":true,"href":"https:\/\/informativoelvalledeaguascalientes.online\/index.php?rest_route=%2Fwp%2Fv2%2Ftags&post=50722"}],"curies":[{"name":"wp","href":"https:\/\/api.w.org\/{rel}","templated":true}]}}